{"id":14227,"date":"2017-08-27T09:12:00","date_gmt":"2017-08-27T09:12:00","guid":{"rendered":"http:\/\/www.centronocaminhodaluz.com.br\/index.php\/artigo14227\/"},"modified":"2017-08-27T09:19:26","modified_gmt":"2017-08-27T12:19:26","slug":"artigo14227","status":"publish","type":"post","link":"https:\/\/www.centronocaminhodaluz.com.br\/index.php\/artigo14227\/","title":{"rendered":"Divaldo Franco, uma surpresa em Paris"},"content":{"rendered":"<p>Pedro Fagundes Azevedo, ex-presidente e atual conselheiro  da Legi\u00e3o Esp\u00edrita de Porto Alegre Contribui\u00e7\u00e3o de Pedro<\/p>\n<p>Esta hist\u00f3ria ver\u00eddica j\u00e1 foi contada v\u00e1rias vezes pelo pr\u00f3prio m\u00e9dium.\u00a0Assim, mesmo que voc\u00ea j\u00e1 a conhe\u00e7a, h\u00e1 de concordar que \u00e9 t\u00e3o original que vale a pena relembr\u00e1-la.\u00a0<br \/>\n<br \/>H\u00e1 muito tempo, em viagem a Paris, quando saiu a passear ao acaso por um caminho de pedras muito bem cuidado, Divaldo Franco teve sua aten\u00e7\u00e3o despertada por um imponente Monast\u00e9rio, tamb\u00e9m revestido de pedras.\u00a0Era de uma ordem religiosa, das monjas enclausuradas, fundada por um frade capuchinho no s\u00e9culo XVII.\u00a0<br \/>\n<br \/>Emocionado, sem saber porque, bateu na enorme porta da institui\u00e7\u00e3o.\u00a0Apareceu-lhe uma sorridente monja-porteira informando que o Monast\u00e9rio n\u00e3o estava aberto \u00e0 visita\u00e7\u00e3o p\u00fablica e que as monjas eram enclausuradas.<br \/>\n<br \/>Divaldo pediu que ela fosse chamar a monja-mestra.\u00a0E s\u00f3 a\u00ed deu-se conta de que estava falando em franc\u00eas, com um estranho sotaque.\u00a0A atendente aquiesceu e mandou-o entrar at\u00e9 o parlat\u00f3rio onde uma outra religiosa, mais idosa, confirmou a impossibilidade de sua visita.\u00a0O m\u00e9dium voltou a insistir com tanta \u00eanfase que teve de vir a Abadessa, uma veneranda senhora belga com cerca de 70 anos.\u00a0Estabeleceu-se ent\u00e3o um di\u00e1logo mais ou menos assim:<br \/>\n<br \/>&#8211; Senhora, eu sou o fundador dessa Institui\u00e7\u00e3o que \u00e9 muito dura para com as jovens que a habitam.\u00a0Quando a institu\u00ed eu n\u00e3o me dava conta disso, mas hoje venho pedir-lhe para ser mais complacente com as monjas.<br \/>\n<br \/>&#8211; Meu filho, voc\u00ea \u00e9 t\u00e3o jovem!\u00a0Porque est\u00e1 falando em franc\u00eas proven\u00e7al?\u00a0Meu filho, voc\u00ea est\u00e1 aturdido, vou providenciar que algu\u00e9m o leve de volta.<br \/>\n<br \/>&#8211; N\u00e3o antes que eu possa visitar a cela onde faleci.<br \/>\n<br \/>&#8211; Como voc\u00ea sabe que nosso fundador morreu aqui?<br \/>\n<br \/>&#8211; Irm\u00e3, eu sou ele!\u00a0Eu vivia em ora\u00e7\u00f5es cont\u00ednuas, tanto que onde eu me ajoelhava, o piso de pedra-pome, ficou um pouco mais fundo que o restante do assoalho&#8230;\u00a0A minha cela possu\u00eda uma gravura da Virgem Maria, que certo dia, ap\u00f3s muitas preces, inadvertidamente, queimei um peda\u00e7o com uma vela acessa.<br \/>\n<br \/>&#8211; Como o senhor pode saber disso?\u00a0Essas refer\u00eancias ver\u00eddicas n\u00e3o constam em nenhuma de nossas publica\u00e7\u00f5es!<br \/>\n<br \/>&#8211; Irm\u00e3 eu sou ele!\u00a0A monja-mestre diz que n\u00e3o posso visitar minha cela porque teria que passar pelo p\u00e1tio interno, onde ficam as clausuras proibidas ao sexo masculino.\u00a0<br \/>\n<br \/>Mas, se formos pelo altar-mor, atr\u00e1s dele, h\u00e1 uma porta, que d\u00e1 para uns degraus, que v\u00e3o terminar num corredor, onde sem passar pela clausura chegaremos \u00e0 minha cela, irm\u00e3!\u00a0Vamos!<br \/>\n<br \/>&#8211; J\u00e1 que insiste tanto e para acabarmos logo com isso, venha e mostre-nos o caminho que diz conhecer!\u00a0<br \/>\n<br \/>E Divaldo foi \u00e0 frente, mostrando o caminho, que reconhecia, com a Abadessa logo atr\u00e1s dele, depois a irm\u00e3-mestra seguida pela monja-porteira.\u00a0Como nos velhos tempos&#8230;\u00a0O fundador \u00e0 frente de todas&#8230;\u00a0<br \/>\n<br \/>Depois do desejo do m\u00e9dium ter sido concretizado e, Divaldo ter observado na cela a surrada vestimenta do sacerdote, ter visto o ch\u00e3o realmente amolgado perto do genuflex\u00f3rio, e de n\u00e3o ter visto mais a gravura de Nossa Senhora que l\u00e1 n\u00e3o estava mais, todos muito emocionados, retornaram pelo mesmo caminho&#8230;\u00a0<br \/>\n<br \/>A Abadessa pediu para que as outras duas se retirassem e lhe pergunta o que seria aquele fen\u00f4meno.\u00a0Divaldo fala-lhe abertamente da reencarna\u00e7\u00e3o, da lei de causa e efeito e, promete mandar-lhe o EVANGELHO SEGUNDO O ESPIRITISMO e O LIVRO DOS ESP\u00cdRITOS em franc\u00eas.\u00a0<br \/>\n<br \/>A partir da\u00ed os dois passaram a corresponder-se at\u00e9 a morte da abadessa, j\u00e1 aposentada, na B\u00e9lgica.<br \/>\n<br \/>(Texto resumido do livro &#8220;100 Reflex\u00f5es Filos\u00f3ficas&#8221;, de Divaldo Franco, Ed. Leal).<\/p>\n<div class=\"pvc_clear\"><\/div>\n<p id=\"pvc_stats_14227\" class=\"pvc_stats all  \" data-element-id=\"14227\" style=\"\"><i class=\"pvc-stats-icon medium\" aria-hidden=\"true\"><svg aria-hidden=\"true\" focusable=\"false\" data-prefix=\"far\" data-icon=\"chart-bar\" role=\"img\" xmlns=\"http:\/\/www.w3.org\/2000\/svg\" viewBox=\"0 0 512 512\" class=\"svg-inline--fa fa-chart-bar fa-w-16 fa-2x\"><path fill=\"currentColor\" d=\"M396.8 352h22.4c6.4 0 12.8-6.4 12.8-12.8V108.8c0-6.4-6.4-12.8-12.8-12.8h-22.4c-6.4 0-12.8 6.4-12.8 12.8v230.4c0 6.4 6.4 12.8 12.8 12.8zm-192 0h22.4c6.4 0 12.8-6.4 12.8-12.8V140.8c0-6.4-6.4-12.8-12.8-12.8h-22.4c-6.4 0-12.8 6.4-12.8 12.8v198.4c0 6.4 6.4 12.8 12.8 12.8zm96 0h22.4c6.4 0 12.8-6.4 12.8-12.8V204.8c0-6.4-6.4-12.8-12.8-12.8h-22.4c-6.4 0-12.8 6.4-12.8 12.8v134.4c0 6.4 6.4 12.8 12.8 12.8zM496 400H48V80c0-8.84-7.16-16-16-16H16C7.16 64 0 71.16 0 80v336c0 17.67 14.33 32 32 32h464c8.84 0 16-7.16 16-16v-16c0-8.84-7.16-16-16-16zm-387.2-48h22.4c6.4 0 12.8-6.4 12.8-12.8v-70.4c0-6.4-6.4-12.8-12.8-12.8h-22.4c-6.4 0-12.8 6.4-12.8 12.8v70.4c0 6.4 6.4 12.8 12.8 12.8z\" class=\"\"><\/path><\/svg><\/i> <img decoding=\"async\" width=\"16\" height=\"16\" alt=\"Loading\" data-src=\"https:\/\/www.centronocaminhodaluz.com.br\/wp-content\/plugins\/page-views-count\/ajax-loader-2x.gif\" border=0 src=\"data:image\/svg+xml;base64,PHN2ZyB3aWR0aD0iMSIgaGVpZ2h0PSIxIiB4bWxucz0iaHR0cDovL3d3dy53My5vcmcvMjAwMC9zdmciPjwvc3ZnPg==\" class=\"lazyload\" style=\"--smush-placeholder-width: 16px; --smush-placeholder-aspect-ratio: 16\/16;\" \/><\/p>\n<div class=\"pvc_clear\"><\/div>\n","protected":false},"excerpt":{"rendered":"<p>Pedro Fagundes Azevedo, ex-presidente e atual conselheiro da Legi\u00e3o Esp\u00edrita de Porto Alegre Contribui\u00e7\u00e3o de Pedro Esta hist\u00f3ria ver\u00eddica j\u00e1 foi contada v\u00e1rias vezes pelo pr\u00f3prio m\u00e9dium.\u00a0Assim, mesmo que voc\u00ea j\u00e1 a conhe\u00e7a, h\u00e1 de concordar que \u00e9 t\u00e3o original que vale a pena relembr\u00e1-la.\u00a0 H\u00e1 muito tempo, em viagem a Paris, quando saiu a&hellip; <br \/> <a class=\"read-more\" href=\"https:\/\/www.centronocaminhodaluz.com.br\/index.php\/artigo14227\/\">Leia mais<\/a><\/p>\n<div class=\"pvc_clear\"><\/div>\n<p id=\"pvc_stats_14227\" class=\"pvc_stats all  \" data-element-id=\"14227\" style=\"\"><i class=\"pvc-stats-icon medium\" aria-hidden=\"true\"><svg aria-hidden=\"true\" focusable=\"false\" data-prefix=\"far\" data-icon=\"chart-bar\" role=\"img\" xmlns=\"http:\/\/www.w3.org\/2000\/svg\" viewBox=\"0 0 512 512\" class=\"svg-inline--fa fa-chart-bar fa-w-16 fa-2x\"><path fill=\"currentColor\" d=\"M396.8 352h22.4c6.4 0 12.8-6.4 12.8-12.8V108.8c0-6.4-6.4-12.8-12.8-12.8h-22.4c-6.4 0-12.8 6.4-12.8 12.8v230.4c0 6.4 6.4 12.8 12.8 12.8zm-192 0h22.4c6.4 0 12.8-6.4 12.8-12.8V140.8c0-6.4-6.4-12.8-12.8-12.8h-22.4c-6.4 0-12.8 6.4-12.8 12.8v198.4c0 6.4 6.4 12.8 12.8 12.8zm96 0h22.4c6.4 0 12.8-6.4 12.8-12.8V204.8c0-6.4-6.4-12.8-12.8-12.8h-22.4c-6.4 0-12.8 6.4-12.8 12.8v134.4c0 6.4 6.4 12.8 12.8 12.8zM496 400H48V80c0-8.84-7.16-16-16-16H16C7.16 64 0 71.16 0 80v336c0 17.67 14.33 32 32 32h464c8.84 0 16-7.16 16-16v-16c0-8.84-7.16-16-16-16zm-387.2-48h22.4c6.4 0 12.8-6.4 12.8-12.8v-70.4c0-6.4-6.4-12.8-12.8-12.8h-22.4c-6.4 0-12.8 6.4-12.8 12.8v70.4c0 6.4 6.4 12.8 12.8 12.8z\" class=\"\"><\/path><\/svg><\/i> <img decoding=\"async\" width=\"16\" height=\"16\" alt=\"Loading\" data-src=\"https:\/\/www.centronocaminhodaluz.com.br\/wp-content\/plugins\/page-views-count\/ajax-loader-2x.gif\" border=0 src=\"data:image\/svg+xml;base64,PHN2ZyB3aWR0aD0iMSIgaGVpZ2h0PSIxIiB4bWxucz0iaHR0cDovL3d3dy53My5vcmcvMjAwMC9zdmciPjwvc3ZnPg==\" class=\"lazyload\" style=\"--smush-placeholder-width: 16px; --smush-placeholder-aspect-ratio: 16\/16;\" \/><\/p>\n<div class=\"pvc_clear\"><\/div>\n","protected":false},"author":1,"featured_media":0,"comment_status":"closed","ping_status":"open","sticky":false,"template":"","format":"standard","meta":{"footnotes":""},"categories":[9,16],"tags":[],"class_list":["post-14227","post","type-post","status-publish","format-standard","hentry","category-pedro-fagundes-azevedo","category-mensagens-diversas"],"a3_pvc":{"activated":true,"total_views":3264,"today_views":0},"_links":{"self":[{"href":"https:\/\/www.centronocaminhodaluz.com.br\/index.php\/wp-json\/wp\/v2\/posts\/14227","targetHints":{"allow":["GET"]}}],"collection":[{"href":"https:\/\/www.centronocaminhodaluz.com.br\/index.php\/wp-json\/wp\/v2\/posts"}],"about":[{"href":"https:\/\/www.centronocaminhodaluz.com.br\/index.php\/wp-json\/wp\/v2\/types\/post"}],"author":[{"embeddable":true,"href":"https:\/\/www.centronocaminhodaluz.com.br\/index.php\/wp-json\/wp\/v2\/users\/1"}],"replies":[{"embeddable":true,"href":"https:\/\/www.centronocaminhodaluz.com.br\/index.php\/wp-json\/wp\/v2\/comments?post=14227"}],"version-history":[{"count":0,"href":"https:\/\/www.centronocaminhodaluz.com.br\/index.php\/wp-json\/wp\/v2\/posts\/14227\/revisions"}],"wp:attachment":[{"href":"https:\/\/www.centronocaminhodaluz.com.br\/index.php\/wp-json\/wp\/v2\/media?parent=14227"}],"wp:term":[{"taxonomy":"category","embeddable":true,"href":"https:\/\/www.centronocaminhodaluz.com.br\/index.php\/wp-json\/wp\/v2\/categories?post=14227"},{"taxonomy":"post_tag","embeddable":true,"href":"https:\/\/www.centronocaminhodaluz.com.br\/index.php\/wp-json\/wp\/v2\/tags?post=14227"}],"curies":[{"name":"wp","href":"https:\/\/api.w.org\/{rel}","templated":true}]}}