{"id":14247,"date":"2017-09-03T07:12:00","date_gmt":"2017-09-03T07:12:00","guid":{"rendered":"http:\/\/www.centronocaminhodaluz.com.br\/index.php\/artigo14247\/"},"modified":"2017-09-03T08:10:22","modified_gmt":"2017-09-03T11:10:22","slug":"artigo14247","status":"publish","type":"post","link":"https:\/\/www.centronocaminhodaluz.com.br\/index.php\/artigo14247\/","title":{"rendered":"Esp\u00edrito o que \u00e9?"},"content":{"rendered":"<p>Pedro Fagundes Azevedo, jornalista e ex-presidente  da Legi\u00e3o Esp\u00edrita de Porto Alegre Contribui\u00e7\u00e3o de Pedro<\/p>\n<p>Uma vez fiz essa pergunta  a uma colega de profiss\u00e3o, pessoa culta e inteligente, correspondente em Porto Alegre de uma das principais revistas do pa\u00eds. Ap\u00f3s alguns instantes de hesita\u00e7\u00e3o, sabe qual foi sua resposta? A seguinte: \u201cesp\u00edrito \u00e9 uma esp\u00e9cie de fumacinha que sai da gente quando se morre&#8230;\u201d Pode at\u00e9  parecer brincadeira, mas ela estava falando s\u00e9rio. O que n\u00e3o \u00e9 de espantar, pois a maioria das pessoas ignora completamente o que seja o esp\u00edrito. Se sairmos por a\u00ed fazendo  uma pesquisa, na certa vamos nos deparar com uma s\u00e9rie de disparates semelhantes.<br \/>\n<br \/>Pra falar a verdade, na juventude eu tamb\u00e9m tive dificuldade para entender o significado dessa palavra. De in\u00edcio, eu imaginava que esp\u00edrito fosse algo independente da personalidade que se desprenderia do meu corpo quando a morte chegasse. Penso que  muitos outros tamb\u00e9m fazem essa confus\u00e3o, que o esp\u00edrito pode ser comparado  uma gl\u00e2ndula et\u00e9rea ou a um \u00f3rg\u00e3o do corpo humano com caracter\u00edsticas especiais. Inclusive, j\u00e1 ouvi algu\u00e9m simplesmente dizer \u201cquando eu morrer, eu quero mais \u00e9 que o meu esp\u00edrito se dane&#8230;\u201d<br \/>\n<br \/>De um modo geral, a pessoa n\u00e3o se d\u00e1 conta que o esp\u00edrito \u00e9 ela mesma, s\u00f3 que desvestida do corpo de carne e osso. Mas,  tem agora um corpo de mat\u00e9ria sutil\u00edssima, invis\u00edvel aos nossos olhos f\u00edsicos, e que na realidade  constitui a matriz do corpo material.  Os espiritualistas chamam-no de \u201cperesp\u00edrito\u201d, j\u00e1 h\u00e1 bom tempo estudado pela ci\u00eancia o oficial, principalmente em pa\u00edses da extinta Uni\u00e3o  Sovi\u00e9tica, com o nome de corpo bioplasm\u00e1tico.<br \/>\n<br \/>Na ocasi\u00e3o do fen\u00f4meno chamado morte, esse corpo flu\u00eddico se desprende da mat\u00e9ria densa  assim como, em determinado momento,  a borboleta abandona a cris\u00e1lida. E assim, depois desta,  o individuo continua sua vida em outros planos de vibra\u00e7\u00e3o da mat\u00e9ria, conservando por\u00e9m sua forma de ser e de pensar, inclusive as virtudes que j\u00e1 conquistou e os defeitos que ainda n\u00e3o conseguiu eliminar. Nessa outra fase, colher\u00e1 exatamente  que houver plantado aqui, pois embora a semeadura seja de livre escolha de cada um, a colheita \u00e9 obrigat\u00f3ria, conforme nos assegura o Evangelho.<br \/>\n<br \/>E, atrav\u00e9s da reencarna\u00e7\u00e3o, voltar\u00e1 a vestir um corpo de carne e osso, tantas vezes quantas forem necess\u00e1rias para o burilamento de seu esp\u00edrito. A recomenda\u00e7\u00e3o b\u00e1sica de Jesus \u00e9 bem clara: \u201cbuscai primeiramente o Reino de Deus e a sua reta  justi\u00e7a e o resto vos ser\u00e1 dado por acr\u00e9scimo\u201d. Pensemos  bem, antes de tudo devemos procurar o Reino  de Deus, que \u00e9 uma conquista interna, depende do esfor\u00e7o de cada um. Mas, quem liga para isso? Parece que a  maioria s\u00f3 est\u00e1 interessada naquilo que seria dado por acr\u00e9scimo, n\u00e3o \u00e9 mesmo? Se fosse o contr\u00e1rio, todos n\u00f3s seriamos bem mais felizes e a Terra um bom planeta para se viver.<\/p>\n<p><\/p>\n<div class=\"pvc_clear\"><\/div>\n<p id=\"pvc_stats_14247\" class=\"pvc_stats all  \" data-element-id=\"14247\" style=\"\"><i class=\"pvc-stats-icon medium\" aria-hidden=\"true\"><svg aria-hidden=\"true\" focusable=\"false\" data-prefix=\"far\" data-icon=\"chart-bar\" role=\"img\" xmlns=\"http:\/\/www.w3.org\/2000\/svg\" viewBox=\"0 0 512 512\" class=\"svg-inline--fa fa-chart-bar fa-w-16 fa-2x\"><path fill=\"currentColor\" d=\"M396.8 352h22.4c6.4 0 12.8-6.4 12.8-12.8V108.8c0-6.4-6.4-12.8-12.8-12.8h-22.4c-6.4 0-12.8 6.4-12.8 12.8v230.4c0 6.4 6.4 12.8 12.8 12.8zm-192 0h22.4c6.4 0 12.8-6.4 12.8-12.8V140.8c0-6.4-6.4-12.8-12.8-12.8h-22.4c-6.4 0-12.8 6.4-12.8 12.8v198.4c0 6.4 6.4 12.8 12.8 12.8zm96 0h22.4c6.4 0 12.8-6.4 12.8-12.8V204.8c0-6.4-6.4-12.8-12.8-12.8h-22.4c-6.4 0-12.8 6.4-12.8 12.8v134.4c0 6.4 6.4 12.8 12.8 12.8zM496 400H48V80c0-8.84-7.16-16-16-16H16C7.16 64 0 71.16 0 80v336c0 17.67 14.33 32 32 32h464c8.84 0 16-7.16 16-16v-16c0-8.84-7.16-16-16-16zm-387.2-48h22.4c6.4 0 12.8-6.4 12.8-12.8v-70.4c0-6.4-6.4-12.8-12.8-12.8h-22.4c-6.4 0-12.8 6.4-12.8 12.8v70.4c0 6.4 6.4 12.8 12.8 12.8z\" class=\"\"><\/path><\/svg><\/i> <img decoding=\"async\" width=\"16\" height=\"16\" alt=\"Loading\" data-src=\"https:\/\/www.centronocaminhodaluz.com.br\/wp-content\/plugins\/page-views-count\/ajax-loader-2x.gif\" border=0 src=\"data:image\/svg+xml;base64,PHN2ZyB3aWR0aD0iMSIgaGVpZ2h0PSIxIiB4bWxucz0iaHR0cDovL3d3dy53My5vcmcvMjAwMC9zdmciPjwvc3ZnPg==\" class=\"lazyload\" style=\"--smush-placeholder-width: 16px; --smush-placeholder-aspect-ratio: 16\/16;\" \/><\/p>\n<div class=\"pvc_clear\"><\/div>\n","protected":false},"excerpt":{"rendered":"<p>Pedro Fagundes Azevedo, jornalista e ex-presidente da Legi\u00e3o Esp\u00edrita de Porto Alegre Contribui\u00e7\u00e3o de Pedro Uma vez fiz essa pergunta a uma colega de profiss\u00e3o, pessoa culta e inteligente, correspondente em Porto Alegre de uma das principais revistas do pa\u00eds. Ap\u00f3s alguns instantes de hesita\u00e7\u00e3o, sabe qual foi sua resposta? A seguinte: \u201cesp\u00edrito \u00e9 uma&hellip; <br \/> <a class=\"read-more\" href=\"https:\/\/www.centronocaminhodaluz.com.br\/index.php\/artigo14247\/\">Leia mais<\/a><\/p>\n<div class=\"pvc_clear\"><\/div>\n<p id=\"pvc_stats_14247\" class=\"pvc_stats all  \" data-element-id=\"14247\" style=\"\"><i class=\"pvc-stats-icon medium\" aria-hidden=\"true\"><svg aria-hidden=\"true\" focusable=\"false\" data-prefix=\"far\" data-icon=\"chart-bar\" role=\"img\" xmlns=\"http:\/\/www.w3.org\/2000\/svg\" viewBox=\"0 0 512 512\" class=\"svg-inline--fa fa-chart-bar fa-w-16 fa-2x\"><path fill=\"currentColor\" d=\"M396.8 352h22.4c6.4 0 12.8-6.4 12.8-12.8V108.8c0-6.4-6.4-12.8-12.8-12.8h-22.4c-6.4 0-12.8 6.4-12.8 12.8v230.4c0 6.4 6.4 12.8 12.8 12.8zm-192 0h22.4c6.4 0 12.8-6.4 12.8-12.8V140.8c0-6.4-6.4-12.8-12.8-12.8h-22.4c-6.4 0-12.8 6.4-12.8 12.8v198.4c0 6.4 6.4 12.8 12.8 12.8zm96 0h22.4c6.4 0 12.8-6.4 12.8-12.8V204.8c0-6.4-6.4-12.8-12.8-12.8h-22.4c-6.4 0-12.8 6.4-12.8 12.8v134.4c0 6.4 6.4 12.8 12.8 12.8zM496 400H48V80c0-8.84-7.16-16-16-16H16C7.16 64 0 71.16 0 80v336c0 17.67 14.33 32 32 32h464c8.84 0 16-7.16 16-16v-16c0-8.84-7.16-16-16-16zm-387.2-48h22.4c6.4 0 12.8-6.4 12.8-12.8v-70.4c0-6.4-6.4-12.8-12.8-12.8h-22.4c-6.4 0-12.8 6.4-12.8 12.8v70.4c0 6.4 6.4 12.8 12.8 12.8z\" class=\"\"><\/path><\/svg><\/i> <img decoding=\"async\" width=\"16\" height=\"16\" alt=\"Loading\" data-src=\"https:\/\/www.centronocaminhodaluz.com.br\/wp-content\/plugins\/page-views-count\/ajax-loader-2x.gif\" border=0 src=\"data:image\/svg+xml;base64,PHN2ZyB3aWR0aD0iMSIgaGVpZ2h0PSIxIiB4bWxucz0iaHR0cDovL3d3dy53My5vcmcvMjAwMC9zdmciPjwvc3ZnPg==\" class=\"lazyload\" style=\"--smush-placeholder-width: 16px; --smush-placeholder-aspect-ratio: 16\/16;\" \/><\/p>\n<div class=\"pvc_clear\"><\/div>\n","protected":false},"author":1,"featured_media":0,"comment_status":"closed","ping_status":"open","sticky":false,"template":"","format":"standard","meta":{"footnotes":""},"categories":[9,16],"tags":[],"class_list":["post-14247","post","type-post","status-publish","format-standard","hentry","category-pedro-fagundes-azevedo","category-mensagens-diversas"],"a3_pvc":{"activated":true,"total_views":1640,"today_views":0},"_links":{"self":[{"href":"https:\/\/www.centronocaminhodaluz.com.br\/index.php\/wp-json\/wp\/v2\/posts\/14247","targetHints":{"allow":["GET"]}}],"collection":[{"href":"https:\/\/www.centronocaminhodaluz.com.br\/index.php\/wp-json\/wp\/v2\/posts"}],"about":[{"href":"https:\/\/www.centronocaminhodaluz.com.br\/index.php\/wp-json\/wp\/v2\/types\/post"}],"author":[{"embeddable":true,"href":"https:\/\/www.centronocaminhodaluz.com.br\/index.php\/wp-json\/wp\/v2\/users\/1"}],"replies":[{"embeddable":true,"href":"https:\/\/www.centronocaminhodaluz.com.br\/index.php\/wp-json\/wp\/v2\/comments?post=14247"}],"version-history":[{"count":0,"href":"https:\/\/www.centronocaminhodaluz.com.br\/index.php\/wp-json\/wp\/v2\/posts\/14247\/revisions"}],"wp:attachment":[{"href":"https:\/\/www.centronocaminhodaluz.com.br\/index.php\/wp-json\/wp\/v2\/media?parent=14247"}],"wp:term":[{"taxonomy":"category","embeddable":true,"href":"https:\/\/www.centronocaminhodaluz.com.br\/index.php\/wp-json\/wp\/v2\/categories?post=14247"},{"taxonomy":"post_tag","embeddable":true,"href":"https:\/\/www.centronocaminhodaluz.com.br\/index.php\/wp-json\/wp\/v2\/tags?post=14247"}],"curies":[{"name":"wp","href":"https:\/\/api.w.org\/{rel}","templated":true}]}}