{"id":14315,"date":"2017-09-24T09:12:00","date_gmt":"2017-09-24T09:12:00","guid":{"rendered":"http:\/\/www.centronocaminhodaluz.com.br\/index.php\/artigo14315\/"},"modified":"2017-09-24T09:51:31","modified_gmt":"2017-09-24T12:51:31","slug":"artigo14315","status":"publish","type":"post","link":"https:\/\/www.centronocaminhodaluz.com.br\/index.php\/artigo14315\/","title":{"rendered":"Desde o princ\u00edpio&#8230; &#8211; Reda\u00e7\u00e3o do Momento Esp\u00edrita"},"content":{"rendered":"<p>No princ\u00edpio Deus criou o c\u00e9u e a terra.  A terra era sem forma e vazia e havia trevas sobre a face do abismo. Mas, o esp\u00edrito de Deus pairava sobre a face das \u00e1guas.<\/p>\n<p>E disse Deus: \u201cFa\u00e7a-se a luz. E a luz foi feita.\u201d<\/p>\n<p>Assim inicia o primeiro livro b\u00edblico, chamado G\u00eanesis, que, numa encantadora alegoria, fala do princ\u00edpio da Cria\u00e7\u00e3o.<\/p>\n<p>Sua autoria \u00e9 atribu\u00edda ao grande legislador hebreu, Mois\u00e9s, junto com os quatro livros seguintes: \u00caxodo, Lev\u00edtico, N\u00fameros e Deuteron\u00f4mio.<\/p>\n<p>Tenha sido ele ou n\u00e3o, uma indaga\u00e7\u00e3o nos vem \u00e0 mente: Quem \u00e9 essa criatura, poeta e s\u00e1bio, que sintetiza em t\u00e3o poucas palavras a grandeza do in\u00edcio de tudo?<\/p>\n<p>A ci\u00eancia, atrav\u00e9s dos tempos, tem levantado teorias e estabelecido hip\u00f3teses de como tudo come\u00e7ou.<\/p>\n<p>Contudo, em recuadas eras, um Esp\u00edrito ilustre sintetizou em palavras breves a grandiosidade do feito.<\/p>\n<p>Deus criou o c\u00e9u e a terra. \u00c9 o princ\u00edpio. Na imagina\u00e7\u00e3o, concebemos uma imensa tela onde se desenham os c\u00e9us&#8230; E a Terra.<\/p>\n<p>A terra era sem forma e vazia. E o esp\u00edrito de Deus se movia sobre a face das \u00e1guas.<\/p>\n<p>Somente algu\u00e9m inspirado pelas vias medi\u00fanicas, poderia conceber, nesses moldes, um Criador, uma causa prim\u00e1ria que a tudo d\u00e1 origem.<\/p>\n<p>Como ter\u00e1 se dado essa percep\u00e7\u00e3o? Por intui\u00e7\u00e3o, pela vis\u00e3o medi\u00fanica?<\/p>\n<p>Ou simplesmente, a excepcionalidade do que iniciava a descrever somente o poderia remeter a essa ideia?<\/p>\n<p>Grandeza ilimitada para ser produto de um homem limitado.<\/p>\n<p>Poeticamente, contemplando as trevas que se estendiam, ele concebe a Vontade Divina a expressar: \u201cFa\u00e7a-se a luz!\u201d<\/p>\n<p>E a luz se faz. Nossa raz\u00e3o, de imediato, indaga: Que luz \u00e9 essa, considerando-se que, na sequ\u00eancia da narrativa somente no quarto dia foram criados o sol e a lua?<\/p>\n<p>Luz. Uma luz diferente. Luz que define vida.<\/p>\n<p>E, ent\u00e3o tudo come\u00e7ou. Uma nota primeira foi tocada e ressoou pelo infinito. Uma grande harmonia se espalhou. No concerto dos mundos, a grande bola de fogo inicia sua transforma\u00e7\u00e3o para se tornar um lar.<\/p>\n<p>Um planeta. Uma casa para receber os filhos de Deus que viriam povo\u00e1-la, ao longo dos mil\u00eanios.<\/p>\n<p>E como se ter\u00e3o formado as estrelas, esses pontos luminosos que nos  fazem  desejar alcan\u00e7\u00e1-las, toc\u00e1-las?<\/p>\n<p>Alguns acreditam que a mat\u00e9ria existente no Universo formou primeiramente as gal\u00e1xias, que ficaram t\u00e3o grandes que se quebraram.<\/p>\n<p>Os peda\u00e7os formaram as primeiras estrelas&#8230;<\/p>\n<p>Os m\u00edsticos afirmam que elas s\u00e3o o rastro de Deus que se move pelo espa\u00e7o, pontilhando de luz sua passagem.<\/p>\n<p>Luz. Todos somos filhos da luz, emanados da Grande Luz. E, quer O chamemos Deus, Al\u00e1, Jeov\u00e1, Arquiteto, Tup\u00e3, Ele \u00e9 \u00fanico.<\/p>\n<p>Criador de tudo. Pai de todos. Amor Incondicional. E, mesmo que, na pobreza dos nossos sentidos, imaginemos que o mundo \u00e9 o produto do acaso, Sua Sabedoria a tudo preside.<\/p>\n<p>Ele v\u00ea al\u00e9m e acima das nossas parcas condi\u00e7\u00f5es. Sua Lei \u00e9 de ordem, progresso, harmonia.<\/p>\n<p>Estamos a caminho, envoltos em sombras, ainda. Envoltos em nossas dificuldades, mas o destino \u00e9 um s\u00f3: perfei\u00e7\u00e3o.<\/p>\n<p>Chegaremos l\u00e1. No seio da Grande Luz.<\/p>\n<p>Reda\u00e7\u00e3o do Momento Esp\u00edrita, com base no<br \/>\n<br \/>cap. 1, vers. 1 e ss, do livro b\u00edblico G\u00eanesis.<br \/>\n<br \/>Em 14.7.2017.<\/p>\n<div class=\"pvc_clear\"><\/div>\n<p id=\"pvc_stats_14315\" class=\"pvc_stats all  \" data-element-id=\"14315\" style=\"\"><i class=\"pvc-stats-icon medium\" aria-hidden=\"true\"><svg aria-hidden=\"true\" focusable=\"false\" data-prefix=\"far\" data-icon=\"chart-bar\" role=\"img\" xmlns=\"http:\/\/www.w3.org\/2000\/svg\" viewBox=\"0 0 512 512\" class=\"svg-inline--fa fa-chart-bar fa-w-16 fa-2x\"><path fill=\"currentColor\" d=\"M396.8 352h22.4c6.4 0 12.8-6.4 12.8-12.8V108.8c0-6.4-6.4-12.8-12.8-12.8h-22.4c-6.4 0-12.8 6.4-12.8 12.8v230.4c0 6.4 6.4 12.8 12.8 12.8zm-192 0h22.4c6.4 0 12.8-6.4 12.8-12.8V140.8c0-6.4-6.4-12.8-12.8-12.8h-22.4c-6.4 0-12.8 6.4-12.8 12.8v198.4c0 6.4 6.4 12.8 12.8 12.8zm96 0h22.4c6.4 0 12.8-6.4 12.8-12.8V204.8c0-6.4-6.4-12.8-12.8-12.8h-22.4c-6.4 0-12.8 6.4-12.8 12.8v134.4c0 6.4 6.4 12.8 12.8 12.8zM496 400H48V80c0-8.84-7.16-16-16-16H16C7.16 64 0 71.16 0 80v336c0 17.67 14.33 32 32 32h464c8.84 0 16-7.16 16-16v-16c0-8.84-7.16-16-16-16zm-387.2-48h22.4c6.4 0 12.8-6.4 12.8-12.8v-70.4c0-6.4-6.4-12.8-12.8-12.8h-22.4c-6.4 0-12.8 6.4-12.8 12.8v70.4c0 6.4 6.4 12.8 12.8 12.8z\" class=\"\"><\/path><\/svg><\/i> <img decoding=\"async\" width=\"16\" height=\"16\" alt=\"Loading\" data-src=\"https:\/\/www.centronocaminhodaluz.com.br\/wp-content\/plugins\/page-views-count\/ajax-loader-2x.gif\" border=0 src=\"data:image\/svg+xml;base64,PHN2ZyB3aWR0aD0iMSIgaGVpZ2h0PSIxIiB4bWxucz0iaHR0cDovL3d3dy53My5vcmcvMjAwMC9zdmciPjwvc3ZnPg==\" class=\"lazyload\" style=\"--smush-placeholder-width: 16px; --smush-placeholder-aspect-ratio: 16\/16;\" \/><\/p>\n<div class=\"pvc_clear\"><\/div>\n","protected":false},"excerpt":{"rendered":"<p>No princ\u00edpio Deus criou o c\u00e9u e a terra. A terra era sem forma e vazia e havia trevas sobre a face do abismo. Mas, o esp\u00edrito de Deus pairava sobre a face das \u00e1guas. E disse Deus: \u201cFa\u00e7a-se a luz. E a luz foi feita.\u201d Assim inicia o primeiro livro b\u00edblico, chamado G\u00eanesis, que,&hellip; <br \/> <a class=\"read-more\" href=\"https:\/\/www.centronocaminhodaluz.com.br\/index.php\/artigo14315\/\">Leia mais<\/a><\/p>\n<div class=\"pvc_clear\"><\/div>\n<p id=\"pvc_stats_14315\" class=\"pvc_stats all  \" data-element-id=\"14315\" style=\"\"><i class=\"pvc-stats-icon medium\" aria-hidden=\"true\"><svg aria-hidden=\"true\" focusable=\"false\" data-prefix=\"far\" data-icon=\"chart-bar\" role=\"img\" xmlns=\"http:\/\/www.w3.org\/2000\/svg\" viewBox=\"0 0 512 512\" class=\"svg-inline--fa fa-chart-bar fa-w-16 fa-2x\"><path fill=\"currentColor\" d=\"M396.8 352h22.4c6.4 0 12.8-6.4 12.8-12.8V108.8c0-6.4-6.4-12.8-12.8-12.8h-22.4c-6.4 0-12.8 6.4-12.8 12.8v230.4c0 6.4 6.4 12.8 12.8 12.8zm-192 0h22.4c6.4 0 12.8-6.4 12.8-12.8V140.8c0-6.4-6.4-12.8-12.8-12.8h-22.4c-6.4 0-12.8 6.4-12.8 12.8v198.4c0 6.4 6.4 12.8 12.8 12.8zm96 0h22.4c6.4 0 12.8-6.4 12.8-12.8V204.8c0-6.4-6.4-12.8-12.8-12.8h-22.4c-6.4 0-12.8 6.4-12.8 12.8v134.4c0 6.4 6.4 12.8 12.8 12.8zM496 400H48V80c0-8.84-7.16-16-16-16H16C7.16 64 0 71.16 0 80v336c0 17.67 14.33 32 32 32h464c8.84 0 16-7.16 16-16v-16c0-8.84-7.16-16-16-16zm-387.2-48h22.4c6.4 0 12.8-6.4 12.8-12.8v-70.4c0-6.4-6.4-12.8-12.8-12.8h-22.4c-6.4 0-12.8 6.4-12.8 12.8v70.4c0 6.4 6.4 12.8 12.8 12.8z\" class=\"\"><\/path><\/svg><\/i> <img decoding=\"async\" width=\"16\" height=\"16\" alt=\"Loading\" data-src=\"https:\/\/www.centronocaminhodaluz.com.br\/wp-content\/plugins\/page-views-count\/ajax-loader-2x.gif\" border=0 src=\"data:image\/svg+xml;base64,PHN2ZyB3aWR0aD0iMSIgaGVpZ2h0PSIxIiB4bWxucz0iaHR0cDovL3d3dy53My5vcmcvMjAwMC9zdmciPjwvc3ZnPg==\" class=\"lazyload\" style=\"--smush-placeholder-width: 16px; --smush-placeholder-aspect-ratio: 16\/16;\" \/><\/p>\n<div class=\"pvc_clear\"><\/div>\n","protected":false},"author":1,"featured_media":0,"comment_status":"closed","ping_status":"open","sticky":false,"template":"","format":"standard","meta":{"footnotes":""},"categories":[16],"tags":[],"class_list":["post-14315","post","type-post","status-publish","format-standard","hentry","category-mensagens-diversas"],"a3_pvc":{"activated":true,"total_views":1752,"today_views":0},"_links":{"self":[{"href":"https:\/\/www.centronocaminhodaluz.com.br\/index.php\/wp-json\/wp\/v2\/posts\/14315","targetHints":{"allow":["GET"]}}],"collection":[{"href":"https:\/\/www.centronocaminhodaluz.com.br\/index.php\/wp-json\/wp\/v2\/posts"}],"about":[{"href":"https:\/\/www.centronocaminhodaluz.com.br\/index.php\/wp-json\/wp\/v2\/types\/post"}],"author":[{"embeddable":true,"href":"https:\/\/www.centronocaminhodaluz.com.br\/index.php\/wp-json\/wp\/v2\/users\/1"}],"replies":[{"embeddable":true,"href":"https:\/\/www.centronocaminhodaluz.com.br\/index.php\/wp-json\/wp\/v2\/comments?post=14315"}],"version-history":[{"count":0,"href":"https:\/\/www.centronocaminhodaluz.com.br\/index.php\/wp-json\/wp\/v2\/posts\/14315\/revisions"}],"wp:attachment":[{"href":"https:\/\/www.centronocaminhodaluz.com.br\/index.php\/wp-json\/wp\/v2\/media?parent=14315"}],"wp:term":[{"taxonomy":"category","embeddable":true,"href":"https:\/\/www.centronocaminhodaluz.com.br\/index.php\/wp-json\/wp\/v2\/categories?post=14315"},{"taxonomy":"post_tag","embeddable":true,"href":"https:\/\/www.centronocaminhodaluz.com.br\/index.php\/wp-json\/wp\/v2\/tags?post=14315"}],"curies":[{"name":"wp","href":"https:\/\/api.w.org\/{rel}","templated":true}]}}