{"id":14328,"date":"2017-10-01T13:12:00","date_gmt":"2017-10-01T13:12:00","guid":{"rendered":"http:\/\/www.centronocaminhodaluz.com.br\/index.php\/artigo14328\/"},"modified":"2017-10-01T13:24:47","modified_gmt":"2017-10-01T16:24:47","slug":"artigo14328","status":"publish","type":"post","link":"https:\/\/www.centronocaminhodaluz.com.br\/index.php\/artigo14328\/","title":{"rendered":"Minutos de Sabedoria \u00e9 ou n\u00e3o \u00e9 uma obra  esp\u00edrita?"},"content":{"rendered":"<p>Pedro Fagundes Azevedo, ex-presidente e atual conselheiro  da Legi\u00e3o Esp\u00edrita de Porto Alegre Contribui\u00e7\u00e3o de Pedro<\/p>\n<p>Sempre me perguntei como \u00e9 que \u201cMinutos de Sabedoria\u201d, reconhecidamente um livro esp\u00edrita, tem sua impress\u00e3o e distribui\u00e7\u00e3o a cargo da  Vozes, editora cat\u00f3lica, ligada  aos frades franciscanos. E a resposta s\u00f3 fui encontrar  na Wikip\u00e9dia, a enciclop\u00e9dia livre da Internet, ao ler a biografia de Carlos Torres Pastorino, autor deste best-seller que det\u00e9m o impressionante recorde de mais de dez milh\u00f5es de exemplares vendidos.  Ele nasceu  no Rio de Janeiro, em 4 de novembro de 1910, tendo se destacado desde crian\u00e7a pela sua  intelig\u00eancia e voca\u00e7\u00e3o para a vida espiritual. Cursou o Col\u00e9gio Dom Pedro II e aos 14 anos de idade j\u00e1 recebia os diplomas de Geografia, Corografia e Cosmografia, mais o t\u00edtulo de Bacharel em Portugu\u00eas.<\/p>\n<p>Em seguida, viajou para Roma a fim de cursar o Semin\u00e1rio, onde, em 1929 recebeu a tonsura, ordenando-se em 1934. Mas quando aguardava a promo\u00e7\u00e3o para di\u00e1cono, em 1939, resolveu abandonar a batina. O motivo foi a recusa do Papa Pio XII em receber Mahatma Gandhi, l\u00edder da \u00cdndia e ap\u00f3stolo da n\u00e3o viol\u00eancia, que vestia seu tradicional traje branco indiano, sem a casaca protocolar. Pastorino concluiu ent\u00e3o que se Jesus visitasse o Vaticano tamb\u00e9m n\u00e3o poderia ser recebido pelo Papa, pois se trajava de forma similar a de Gandhi e dificilmente se sujeitaria ao rigor formalista exigido pela Igreja.<\/p>\n<p>De volta ao Brasil, dedicou-se a v\u00e1rias atividades intelectuais, incluindo  magist\u00e9rio, jornalismo e  tradu\u00e7\u00e3o de livros. Em 31 de maio de 1950, terminada a leitura de O Livro dos Esp\u00edritos, que lhe fora emprestado por um professor do Col\u00e9gio D. Pedro II, declarou-se esp\u00edrita. Desde ent\u00e3o guardava essa data com muito carinho. Com um grupo de companheiros fundou o Grupo Esp\u00edrita Boa Vontade, nome posteriormente mudado para Grupo de Estudos Spiritus. Nesse grupo nasceu o Lar Fabiano de Castro e o SEI, Servi\u00e7o Esp\u00edrita de Informa\u00e7\u00e3o. Sua intensa atividade esp\u00edrita inclu\u00eda palestras em todos os estados do Pa\u00eds e participa\u00e7\u00e3o ativa em congressos e cursos sobre a doutrina.<\/p>\n<p>Foi tamb\u00e9m radialista, sendo \u201cMinutos de Sabedoria\u201d, uma simples cole\u00e7\u00e3o de suas mensagens propaladas por r\u00e1dio. Esta obra, originalmente destinada a subsidiar os trabalhos assistenciais e educativos do Professor Pastorino, tem hoje, ap\u00f3s a\u00e7\u00e3o judicial, os direitos autorais revertidos para seus herdeiros que s\u00e3o fortemente apegados ao catolicismo.  Ainda segundo a Wikip\u00e9dia, Torres Pastorino escreveu mais de 50 livros, dos quais apenas 28 foram publicados. Seu o livro \u201cT\u00e9cnica da  Mediunidade\u201d, editado em 1968, dois anos antes da morte do autor, teve a republica\u00e7\u00e3o proibida pela fam\u00edlia.<\/p>\n<p>Aqui est\u00e1 um pequeno excerto dessa obra: \u201cAs vibra\u00e7\u00f5es, as ondas, as correntes utilizadas na mediunidade s\u00e3o as ondas e correntes da energia pensante. Quanto mais fortes e elevados os pensamentos, maior a freq\u00fc\u00eancia vibrat\u00f3ria e menor o comprimento de onda. E vice-versa. (\u2026) Tudo isso faz-nos compreender a necessidade absoluta de mantermos a mente em ondas curtas, isto \u00e9, com pensamentos elevados, para que nossas preces e emiss\u00f5es possam atingir os esp\u00edritos que se encontram nas altas camadas.\u201d<\/p>\n<p>Uma boa not\u00edcia \u00e9 que faculdade medi\u00fanica de Divaldo Franco nos trouxe de volta a sabedoria da Carlos Torres Pastorino, atrav\u00e9s do livro psicografado \u201cImperman\u00eancia e Imortalidade\u201d, editado pela Federa\u00e7\u00e3o Esp\u00edrita Brasileira. \u201cS\u00e3o explica\u00e7\u00f5es espirituais que vimos fazendo do lado de c\u00e1, em confronto com as experi\u00eancias da caminhada terrena, na qual se encontram  companheiros da jornada evolutiva\u201d, explica Pastorino esp\u00edrito.<\/p>\n<div class=\"pvc_clear\"><\/div>\n<p id=\"pvc_stats_14328\" class=\"pvc_stats all  \" data-element-id=\"14328\" style=\"\"><i class=\"pvc-stats-icon medium\" aria-hidden=\"true\"><svg aria-hidden=\"true\" focusable=\"false\" data-prefix=\"far\" data-icon=\"chart-bar\" role=\"img\" xmlns=\"http:\/\/www.w3.org\/2000\/svg\" viewBox=\"0 0 512 512\" class=\"svg-inline--fa fa-chart-bar fa-w-16 fa-2x\"><path fill=\"currentColor\" d=\"M396.8 352h22.4c6.4 0 12.8-6.4 12.8-12.8V108.8c0-6.4-6.4-12.8-12.8-12.8h-22.4c-6.4 0-12.8 6.4-12.8 12.8v230.4c0 6.4 6.4 12.8 12.8 12.8zm-192 0h22.4c6.4 0 12.8-6.4 12.8-12.8V140.8c0-6.4-6.4-12.8-12.8-12.8h-22.4c-6.4 0-12.8 6.4-12.8 12.8v198.4c0 6.4 6.4 12.8 12.8 12.8zm96 0h22.4c6.4 0 12.8-6.4 12.8-12.8V204.8c0-6.4-6.4-12.8-12.8-12.8h-22.4c-6.4 0-12.8 6.4-12.8 12.8v134.4c0 6.4 6.4 12.8 12.8 12.8zM496 400H48V80c0-8.84-7.16-16-16-16H16C7.16 64 0 71.16 0 80v336c0 17.67 14.33 32 32 32h464c8.84 0 16-7.16 16-16v-16c0-8.84-7.16-16-16-16zm-387.2-48h22.4c6.4 0 12.8-6.4 12.8-12.8v-70.4c0-6.4-6.4-12.8-12.8-12.8h-22.4c-6.4 0-12.8 6.4-12.8 12.8v70.4c0 6.4 6.4 12.8 12.8 12.8z\" class=\"\"><\/path><\/svg><\/i> <img decoding=\"async\" width=\"16\" height=\"16\" alt=\"Loading\" data-src=\"https:\/\/www.centronocaminhodaluz.com.br\/wp-content\/plugins\/page-views-count\/ajax-loader-2x.gif\" border=0 src=\"data:image\/svg+xml;base64,PHN2ZyB3aWR0aD0iMSIgaGVpZ2h0PSIxIiB4bWxucz0iaHR0cDovL3d3dy53My5vcmcvMjAwMC9zdmciPjwvc3ZnPg==\" class=\"lazyload\" style=\"--smush-placeholder-width: 16px; --smush-placeholder-aspect-ratio: 16\/16;\" \/><\/p>\n<div class=\"pvc_clear\"><\/div>\n","protected":false},"excerpt":{"rendered":"<p>Pedro Fagundes Azevedo, ex-presidente e atual conselheiro da Legi\u00e3o Esp\u00edrita de Porto Alegre Contribui\u00e7\u00e3o de Pedro Sempre me perguntei como \u00e9 que \u201cMinutos de Sabedoria\u201d, reconhecidamente um livro esp\u00edrita, tem sua impress\u00e3o e distribui\u00e7\u00e3o a cargo da Vozes, editora cat\u00f3lica, ligada aos frades franciscanos. E a resposta s\u00f3 fui encontrar na Wikip\u00e9dia, a enciclop\u00e9dia livre&hellip; <br \/> <a class=\"read-more\" href=\"https:\/\/www.centronocaminhodaluz.com.br\/index.php\/artigo14328\/\">Leia mais<\/a><\/p>\n<div class=\"pvc_clear\"><\/div>\n<p id=\"pvc_stats_14328\" class=\"pvc_stats all  \" data-element-id=\"14328\" style=\"\"><i class=\"pvc-stats-icon medium\" aria-hidden=\"true\"><svg aria-hidden=\"true\" focusable=\"false\" data-prefix=\"far\" data-icon=\"chart-bar\" role=\"img\" xmlns=\"http:\/\/www.w3.org\/2000\/svg\" viewBox=\"0 0 512 512\" class=\"svg-inline--fa fa-chart-bar fa-w-16 fa-2x\"><path fill=\"currentColor\" d=\"M396.8 352h22.4c6.4 0 12.8-6.4 12.8-12.8V108.8c0-6.4-6.4-12.8-12.8-12.8h-22.4c-6.4 0-12.8 6.4-12.8 12.8v230.4c0 6.4 6.4 12.8 12.8 12.8zm-192 0h22.4c6.4 0 12.8-6.4 12.8-12.8V140.8c0-6.4-6.4-12.8-12.8-12.8h-22.4c-6.4 0-12.8 6.4-12.8 12.8v198.4c0 6.4 6.4 12.8 12.8 12.8zm96 0h22.4c6.4 0 12.8-6.4 12.8-12.8V204.8c0-6.4-6.4-12.8-12.8-12.8h-22.4c-6.4 0-12.8 6.4-12.8 12.8v134.4c0 6.4 6.4 12.8 12.8 12.8zM496 400H48V80c0-8.84-7.16-16-16-16H16C7.16 64 0 71.16 0 80v336c0 17.67 14.33 32 32 32h464c8.84 0 16-7.16 16-16v-16c0-8.84-7.16-16-16-16zm-387.2-48h22.4c6.4 0 12.8-6.4 12.8-12.8v-70.4c0-6.4-6.4-12.8-12.8-12.8h-22.4c-6.4 0-12.8 6.4-12.8 12.8v70.4c0 6.4 6.4 12.8 12.8 12.8z\" class=\"\"><\/path><\/svg><\/i> <img decoding=\"async\" width=\"16\" height=\"16\" alt=\"Loading\" data-src=\"https:\/\/www.centronocaminhodaluz.com.br\/wp-content\/plugins\/page-views-count\/ajax-loader-2x.gif\" border=0 src=\"data:image\/svg+xml;base64,PHN2ZyB3aWR0aD0iMSIgaGVpZ2h0PSIxIiB4bWxucz0iaHR0cDovL3d3dy53My5vcmcvMjAwMC9zdmciPjwvc3ZnPg==\" class=\"lazyload\" style=\"--smush-placeholder-width: 16px; --smush-placeholder-aspect-ratio: 16\/16;\" \/><\/p>\n<div class=\"pvc_clear\"><\/div>\n","protected":false},"author":1,"featured_media":0,"comment_status":"closed","ping_status":"open","sticky":false,"template":"","format":"standard","meta":{"footnotes":""},"categories":[9,16],"tags":[],"class_list":["post-14328","post","type-post","status-publish","format-standard","hentry","category-pedro-fagundes-azevedo","category-mensagens-diversas"],"a3_pvc":{"activated":true,"total_views":12344,"today_views":0},"_links":{"self":[{"href":"https:\/\/www.centronocaminhodaluz.com.br\/index.php\/wp-json\/wp\/v2\/posts\/14328","targetHints":{"allow":["GET"]}}],"collection":[{"href":"https:\/\/www.centronocaminhodaluz.com.br\/index.php\/wp-json\/wp\/v2\/posts"}],"about":[{"href":"https:\/\/www.centronocaminhodaluz.com.br\/index.php\/wp-json\/wp\/v2\/types\/post"}],"author":[{"embeddable":true,"href":"https:\/\/www.centronocaminhodaluz.com.br\/index.php\/wp-json\/wp\/v2\/users\/1"}],"replies":[{"embeddable":true,"href":"https:\/\/www.centronocaminhodaluz.com.br\/index.php\/wp-json\/wp\/v2\/comments?post=14328"}],"version-history":[{"count":0,"href":"https:\/\/www.centronocaminhodaluz.com.br\/index.php\/wp-json\/wp\/v2\/posts\/14328\/revisions"}],"wp:attachment":[{"href":"https:\/\/www.centronocaminhodaluz.com.br\/index.php\/wp-json\/wp\/v2\/media?parent=14328"}],"wp:term":[{"taxonomy":"category","embeddable":true,"href":"https:\/\/www.centronocaminhodaluz.com.br\/index.php\/wp-json\/wp\/v2\/categories?post=14328"},{"taxonomy":"post_tag","embeddable":true,"href":"https:\/\/www.centronocaminhodaluz.com.br\/index.php\/wp-json\/wp\/v2\/tags?post=14328"}],"curies":[{"name":"wp","href":"https:\/\/api.w.org\/{rel}","templated":true}]}}