{"id":14449,"date":"2017-10-29T09:12:00","date_gmt":"2017-10-29T09:12:00","guid":{"rendered":"http:\/\/www.centronocaminhodaluz.com.br\/index.php\/artigo14449\/"},"modified":"2017-10-29T09:54:09","modified_gmt":"2017-10-29T11:54:09","slug":"artigo14449","status":"publish","type":"post","link":"https:\/\/www.centronocaminhodaluz.com.br\/index.php\/artigo14449\/","title":{"rendered":"BRASIL  &#8211; Castro Alves \u2013 Chico Xavier"},"content":{"rendered":"\n<p>Brasil, o Mundo a escutar-te,<br \/>\n<br \/>Pergunta hoje: \u201cO que \u00e9?\u201d<br \/>\n<br \/>Ah! Terra de minha vida,<br \/>\n<br \/>Responde \u00e0s Na\u00e7\u00f5es de p\u00e9!<br \/>\n<br \/>Das montanhas altaneiras,<br \/>\n<br \/>Dentro das pr\u00f3prias fronteiras,<br \/>\n<br \/>Alonga os bra\u00e7os &#8211; Sans\u00e3o!<br \/>\n<br \/>Sem prepot\u00eancia ou vangloria,<br \/>\n<br \/>Grava no livro da Hist\u00f3ria,<br \/>\n<br \/>Novo rumo \u00e0 evolu\u00e7\u00e3o! <\/p>\n<p>Contempla a sombra da guerra,<br \/>\n<br \/>Drag\u00e3o do lodo a rugir,<br \/>\n<br \/>Envenenando a Cultura,<br \/>\n<br \/>Amea\u00e7ando o Porvir!&#8230;<br \/>\n<br \/>Fala &#8211; assembl\u00e9ia de bravos &#8211;<br \/>\n<br \/>Aos milh\u00f5es de homens escravos<br \/>\n<br \/>S\u00e1bios loucos prometheus&#8230;<br \/>\n<br \/>Do p\u00edncaro a que te elevas<br \/>\n<br \/>Dissolve os grilh\u00f5es das trevas<br \/>\n<br \/>Na f\u00e9 que te induz a Deus! <\/p>\n<p>Brada &#8211; gigante das gentes &#8211;<br \/>\n<br \/>Proclama com destemor<br \/>\n<br \/>Que o Cristo aguarda na Terra<br \/>\n<br \/>Um novo mundo de Amor!<br \/>\n<br \/>Ante a grandeza que estampas,<br \/>\n<br \/>Os mortos voltam das campas,<br \/>\n<br \/>Sublimando-te a vis\u00e3o!<br \/>\n<br \/>Ao progresso Fern\u00e3o Dias!&#8230;<br \/>\n<br \/>O Dever mostra Caxias,<br \/>\n<br \/>Deodoro a renova\u00e7\u00e3o!&#8230; <\/p>\n<p>Dos sonhos do Tiradentes,<br \/>\n<br \/>Que se alteiam sempre mais,<br \/>\n<br \/>Fizeste Ap\u00f3stolos, G\u00eanios,<br \/>\n<br \/>Estadistas, Generais&#8230;<br \/>\n<br \/>De todos os teus recantos<br \/>\n<br \/>Despontam palmas de santos,<br \/>\n<br \/>Augusto pend\u00f5es de her\u00f3is!&#8230;<br \/>\n<br \/>Astros de brilhos tamanhos<br \/>\n<br \/>Andrada, Feij\u00f3, Paranhos,<br \/>\n<br \/>Em teus c\u00e9us brilham por soes!&#8230; <\/p>\n<p>Desde o dia em que nasceste,<br \/>\n<br \/>Ao f\u00f3rceps de Cabral<br \/>\n<br \/>O tempo se iluminou,<br \/>\n<br \/>Na Bahia maternal!&#8230;<br \/>\n<br \/>Hoje, que o mundo te espera<br \/>\n<br \/>Para as leis da Nova Era,<br \/>\n<br \/>Por Bras\u00edlia envolta em luz,<br \/>\n<br \/>Que em ti a vida se integre,<br \/>\n<br \/>De Manaus a Porto Alegre,<br \/>\n<br \/>No Esp\u00edrito de Jesus!&#8230; <\/p>\n<p>Ao resguardar o Direito,<br \/>\n<br \/>Mantendo a Justi\u00e7a e o Bem,<br \/>\n<br \/>Luta e rasga o pr\u00f3prio peito,<br \/>\n<br \/>Mas n\u00e3o desprezes ningu\u00e9m!&#8230;<br \/>\n<br \/>Levanta o grande futuro,<br \/>\n<br \/>Ergue tranq\u00fcilo e seguro,<br \/>\n<br \/>A paz nobre e varonil!&#8230;<br \/>\n<br \/>\u00c0 Humanidade que chora,<br \/>\n<br \/>Clamando:\u201cSenhor&#8230; e agora?!\u201d<br \/>\n<br \/>O Cristo aponta: Brasil!&#8230; <\/p>\n<p>  M\u00e9dium : Fr\u00e2ncico C\u00e2ndido Xavier<br \/>\n<\/p>\n<div class=\"pvc_clear\"><\/div>\n<p id=\"pvc_stats_14449\" class=\"pvc_stats all  \" data-element-id=\"14449\" style=\"\"><i class=\"pvc-stats-icon medium\" aria-hidden=\"true\"><svg aria-hidden=\"true\" focusable=\"false\" data-prefix=\"far\" data-icon=\"chart-bar\" role=\"img\" xmlns=\"http:\/\/www.w3.org\/2000\/svg\" viewBox=\"0 0 512 512\" class=\"svg-inline--fa fa-chart-bar fa-w-16 fa-2x\"><path fill=\"currentColor\" d=\"M396.8 352h22.4c6.4 0 12.8-6.4 12.8-12.8V108.8c0-6.4-6.4-12.8-12.8-12.8h-22.4c-6.4 0-12.8 6.4-12.8 12.8v230.4c0 6.4 6.4 12.8 12.8 12.8zm-192 0h22.4c6.4 0 12.8-6.4 12.8-12.8V140.8c0-6.4-6.4-12.8-12.8-12.8h-22.4c-6.4 0-12.8 6.4-12.8 12.8v198.4c0 6.4 6.4 12.8 12.8 12.8zm96 0h22.4c6.4 0 12.8-6.4 12.8-12.8V204.8c0-6.4-6.4-12.8-12.8-12.8h-22.4c-6.4 0-12.8 6.4-12.8 12.8v134.4c0 6.4 6.4 12.8 12.8 12.8zM496 400H48V80c0-8.84-7.16-16-16-16H16C7.16 64 0 71.16 0 80v336c0 17.67 14.33 32 32 32h464c8.84 0 16-7.16 16-16v-16c0-8.84-7.16-16-16-16zm-387.2-48h22.4c6.4 0 12.8-6.4 12.8-12.8v-70.4c0-6.4-6.4-12.8-12.8-12.8h-22.4c-6.4 0-12.8 6.4-12.8 12.8v70.4c0 6.4 6.4 12.8 12.8 12.8z\" class=\"\"><\/path><\/svg><\/i> <img decoding=\"async\" width=\"16\" height=\"16\" alt=\"Loading\" data-src=\"https:\/\/www.centronocaminhodaluz.com.br\/wp-content\/plugins\/page-views-count\/ajax-loader-2x.gif\" border=0 src=\"data:image\/svg+xml;base64,PHN2ZyB3aWR0aD0iMSIgaGVpZ2h0PSIxIiB4bWxucz0iaHR0cDovL3d3dy53My5vcmcvMjAwMC9zdmciPjwvc3ZnPg==\" class=\"lazyload\" style=\"--smush-placeholder-width: 16px; --smush-placeholder-aspect-ratio: 16\/16;\" \/><\/p>\n<div class=\"pvc_clear\"><\/div>\n","protected":false},"excerpt":{"rendered":"<p>Brasil, o Mundo a escutar-te, Pergunta hoje: \u201cO que \u00e9?\u201d Ah! Terra de minha vida, Responde \u00e0s Na\u00e7\u00f5es de p\u00e9! Das montanhas altaneiras, Dentro das pr\u00f3prias fronteiras, Alonga os bra\u00e7os &#8211; Sans\u00e3o! Sem prepot\u00eancia ou vangloria, Grava no livro da Hist\u00f3ria, Novo rumo \u00e0 evolu\u00e7\u00e3o! Contempla a sombra da guerra, Drag\u00e3o do lodo a rugir,&hellip; <br \/> <a class=\"read-more\" href=\"https:\/\/www.centronocaminhodaluz.com.br\/index.php\/artigo14449\/\">Leia mais<\/a><\/p>\n<div class=\"pvc_clear\"><\/div>\n<p id=\"pvc_stats_14449\" class=\"pvc_stats all  \" data-element-id=\"14449\" style=\"\"><i class=\"pvc-stats-icon medium\" aria-hidden=\"true\"><svg aria-hidden=\"true\" focusable=\"false\" data-prefix=\"far\" data-icon=\"chart-bar\" role=\"img\" xmlns=\"http:\/\/www.w3.org\/2000\/svg\" viewBox=\"0 0 512 512\" class=\"svg-inline--fa fa-chart-bar fa-w-16 fa-2x\"><path fill=\"currentColor\" d=\"M396.8 352h22.4c6.4 0 12.8-6.4 12.8-12.8V108.8c0-6.4-6.4-12.8-12.8-12.8h-22.4c-6.4 0-12.8 6.4-12.8 12.8v230.4c0 6.4 6.4 12.8 12.8 12.8zm-192 0h22.4c6.4 0 12.8-6.4 12.8-12.8V140.8c0-6.4-6.4-12.8-12.8-12.8h-22.4c-6.4 0-12.8 6.4-12.8 12.8v198.4c0 6.4 6.4 12.8 12.8 12.8zm96 0h22.4c6.4 0 12.8-6.4 12.8-12.8V204.8c0-6.4-6.4-12.8-12.8-12.8h-22.4c-6.4 0-12.8 6.4-12.8 12.8v134.4c0 6.4 6.4 12.8 12.8 12.8zM496 400H48V80c0-8.84-7.16-16-16-16H16C7.16 64 0 71.16 0 80v336c0 17.67 14.33 32 32 32h464c8.84 0 16-7.16 16-16v-16c0-8.84-7.16-16-16-16zm-387.2-48h22.4c6.4 0 12.8-6.4 12.8-12.8v-70.4c0-6.4-6.4-12.8-12.8-12.8h-22.4c-6.4 0-12.8 6.4-12.8 12.8v70.4c0 6.4 6.4 12.8 12.8 12.8z\" class=\"\"><\/path><\/svg><\/i> <img decoding=\"async\" width=\"16\" height=\"16\" alt=\"Loading\" data-src=\"https:\/\/www.centronocaminhodaluz.com.br\/wp-content\/plugins\/page-views-count\/ajax-loader-2x.gif\" border=0 src=\"data:image\/svg+xml;base64,PHN2ZyB3aWR0aD0iMSIgaGVpZ2h0PSIxIiB4bWxucz0iaHR0cDovL3d3dy53My5vcmcvMjAwMC9zdmciPjwvc3ZnPg==\" class=\"lazyload\" style=\"--smush-placeholder-width: 16px; --smush-placeholder-aspect-ratio: 16\/16;\" \/><\/p>\n<div class=\"pvc_clear\"><\/div>\n","protected":false},"author":1,"featured_media":0,"comment_status":"closed","ping_status":"open","sticky":false,"template":"","format":"standard","meta":{"footnotes":""},"categories":[4,16],"tags":[],"class_list":["post-14449","post","type-post","status-publish","format-standard","hentry","category-chico-xavier","category-mensagens-diversas"],"a3_pvc":{"activated":true,"total_views":5618,"today_views":0},"_links":{"self":[{"href":"https:\/\/www.centronocaminhodaluz.com.br\/index.php\/wp-json\/wp\/v2\/posts\/14449","targetHints":{"allow":["GET"]}}],"collection":[{"href":"https:\/\/www.centronocaminhodaluz.com.br\/index.php\/wp-json\/wp\/v2\/posts"}],"about":[{"href":"https:\/\/www.centronocaminhodaluz.com.br\/index.php\/wp-json\/wp\/v2\/types\/post"}],"author":[{"embeddable":true,"href":"https:\/\/www.centronocaminhodaluz.com.br\/index.php\/wp-json\/wp\/v2\/users\/1"}],"replies":[{"embeddable":true,"href":"https:\/\/www.centronocaminhodaluz.com.br\/index.php\/wp-json\/wp\/v2\/comments?post=14449"}],"version-history":[{"count":0,"href":"https:\/\/www.centronocaminhodaluz.com.br\/index.php\/wp-json\/wp\/v2\/posts\/14449\/revisions"}],"wp:attachment":[{"href":"https:\/\/www.centronocaminhodaluz.com.br\/index.php\/wp-json\/wp\/v2\/media?parent=14449"}],"wp:term":[{"taxonomy":"category","embeddable":true,"href":"https:\/\/www.centronocaminhodaluz.com.br\/index.php\/wp-json\/wp\/v2\/categories?post=14449"},{"taxonomy":"post_tag","embeddable":true,"href":"https:\/\/www.centronocaminhodaluz.com.br\/index.php\/wp-json\/wp\/v2\/tags?post=14449"}],"curies":[{"name":"wp","href":"https:\/\/api.w.org\/{rel}","templated":true}]}}