{"id":14961,"date":"2018-04-28T09:12:00","date_gmt":"2018-04-28T09:12:00","guid":{"rendered":"http:\/\/www.centronocaminhodaluz.com.br\/index.php\/artigo14961\/"},"modified":"2018-04-28T09:33:07","modified_gmt":"2018-04-28T12:33:07","slug":"artigo14961","status":"publish","type":"post","link":"https:\/\/www.centronocaminhodaluz.com.br\/index.php\/artigo14961\/","title":{"rendered":"Materno Amor"},"content":{"rendered":"<p>Am\u00e9lia, esp\u00edrito,em comunica\u00e7\u00e3o medi\u00fanca Contribui\u00e7\u00e3o de Pedro<\/p>\n<p>Ante os dias tumultuosos que vivemos, onde sentimos enormes n\u00edveis de desamor e inseguran\u00e7a, apenas a ideia da maternidade sublime parece surgir como solu\u00e7\u00e3o para a humanidade.<br \/>\n<br \/>Nada mais amplo e profundo, mais forte e pr\u00f3ximo da ideia de Deus.<br \/>\n<br \/>Na figura materna temos toda a simbologia do amor.<br \/>\n<br \/>O amor doa\u00e7\u00e3o;<br \/>\n<br \/>O amor sacrif\u00edcio;<br \/>\n<br \/>O amor constru\u00e7\u00e3o.<br \/>\n<br \/>Nestes momentos de ang\u00fastia, onde a desesperan\u00e7a acampa e se alastra, sobressai a figura de Maria, a m\u00e3e do Salvador, aquela que chora pela humanidade e intercede junto \u00e0s for\u00e7as maiores, a come\u00e7ar por seu Filho Divino, para que socorra aos pobres de esp\u00edrito, que n\u00e3o s\u00e3o esp\u00edritos pobres.<br \/>\n<br \/>Nesses tempos de transforma\u00e7\u00e3o, \u00e9 seu manto que cobre a terra, protegendo-a dos incautos e dos que se comprazem com as trevas, e as pretendem implantar aqui, instalando o caos.<br \/>\n<br \/>Meu filho!<br \/>\n<br \/>Lembra-te dela e suplica sua assist\u00eancia, para que as mudan\u00e7as necess\u00e1rias sejam coroadas de paz, cessando as l\u00e1grimas e dando lugar aos sorrisos.<br \/>\n<br \/>Salve Maria, os que ainda estamos e pretendemos permanecer na Terra te saudamos e imploramos teus bons of\u00edcios pela paz.<\/p>\n<p>Am\u00e9lia (esp\u00edrito, em  comunica\u00e7\u00e3o  medi\u00fanica)<\/p>\n<p>P\u00e1gina psicografada na noite de ter\u00e7a-feira, 24\/04\/2018, na Soc. Legi\u00e3o Esp\u00edrita de Porto Alegre,  por Alberto Sampaio, com a coordena\u00e7\u00e3o de Pedro Fagundes Azevedo<br \/>\n<\/p>\n<div class=\"pvc_clear\"><\/div>\n<p id=\"pvc_stats_14961\" class=\"pvc_stats all  \" data-element-id=\"14961\" style=\"\"><i class=\"pvc-stats-icon medium\" aria-hidden=\"true\"><svg aria-hidden=\"true\" focusable=\"false\" data-prefix=\"far\" data-icon=\"chart-bar\" role=\"img\" xmlns=\"http:\/\/www.w3.org\/2000\/svg\" viewBox=\"0 0 512 512\" class=\"svg-inline--fa fa-chart-bar fa-w-16 fa-2x\"><path fill=\"currentColor\" d=\"M396.8 352h22.4c6.4 0 12.8-6.4 12.8-12.8V108.8c0-6.4-6.4-12.8-12.8-12.8h-22.4c-6.4 0-12.8 6.4-12.8 12.8v230.4c0 6.4 6.4 12.8 12.8 12.8zm-192 0h22.4c6.4 0 12.8-6.4 12.8-12.8V140.8c0-6.4-6.4-12.8-12.8-12.8h-22.4c-6.4 0-12.8 6.4-12.8 12.8v198.4c0 6.4 6.4 12.8 12.8 12.8zm96 0h22.4c6.4 0 12.8-6.4 12.8-12.8V204.8c0-6.4-6.4-12.8-12.8-12.8h-22.4c-6.4 0-12.8 6.4-12.8 12.8v134.4c0 6.4 6.4 12.8 12.8 12.8zM496 400H48V80c0-8.84-7.16-16-16-16H16C7.16 64 0 71.16 0 80v336c0 17.67 14.33 32 32 32h464c8.84 0 16-7.16 16-16v-16c0-8.84-7.16-16-16-16zm-387.2-48h22.4c6.4 0 12.8-6.4 12.8-12.8v-70.4c0-6.4-6.4-12.8-12.8-12.8h-22.4c-6.4 0-12.8 6.4-12.8 12.8v70.4c0 6.4 6.4 12.8 12.8 12.8z\" class=\"\"><\/path><\/svg><\/i> <img decoding=\"async\" width=\"16\" height=\"16\" alt=\"Loading\" data-src=\"https:\/\/www.centronocaminhodaluz.com.br\/wp-content\/plugins\/page-views-count\/ajax-loader-2x.gif\" border=0 src=\"data:image\/svg+xml;base64,PHN2ZyB3aWR0aD0iMSIgaGVpZ2h0PSIxIiB4bWxucz0iaHR0cDovL3d3dy53My5vcmcvMjAwMC9zdmciPjwvc3ZnPg==\" class=\"lazyload\" style=\"--smush-placeholder-width: 16px; --smush-placeholder-aspect-ratio: 16\/16;\" \/><\/p>\n<div class=\"pvc_clear\"><\/div>\n","protected":false},"excerpt":{"rendered":"<p>Am\u00e9lia, esp\u00edrito,em comunica\u00e7\u00e3o medi\u00fanca Contribui\u00e7\u00e3o de Pedro Ante os dias tumultuosos que vivemos, onde sentimos enormes n\u00edveis de desamor e inseguran\u00e7a, apenas a ideia da maternidade sublime parece surgir como solu\u00e7\u00e3o para a humanidade. Nada mais amplo e profundo, mais forte e pr\u00f3ximo da ideia de Deus. Na figura materna temos toda a simbologia do&hellip; <br \/> <a class=\"read-more\" href=\"https:\/\/www.centronocaminhodaluz.com.br\/index.php\/artigo14961\/\">Leia mais<\/a><\/p>\n<div class=\"pvc_clear\"><\/div>\n<p id=\"pvc_stats_14961\" class=\"pvc_stats all  \" data-element-id=\"14961\" style=\"\"><i class=\"pvc-stats-icon medium\" aria-hidden=\"true\"><svg aria-hidden=\"true\" focusable=\"false\" data-prefix=\"far\" data-icon=\"chart-bar\" role=\"img\" xmlns=\"http:\/\/www.w3.org\/2000\/svg\" viewBox=\"0 0 512 512\" class=\"svg-inline--fa fa-chart-bar fa-w-16 fa-2x\"><path fill=\"currentColor\" d=\"M396.8 352h22.4c6.4 0 12.8-6.4 12.8-12.8V108.8c0-6.4-6.4-12.8-12.8-12.8h-22.4c-6.4 0-12.8 6.4-12.8 12.8v230.4c0 6.4 6.4 12.8 12.8 12.8zm-192 0h22.4c6.4 0 12.8-6.4 12.8-12.8V140.8c0-6.4-6.4-12.8-12.8-12.8h-22.4c-6.4 0-12.8 6.4-12.8 12.8v198.4c0 6.4 6.4 12.8 12.8 12.8zm96 0h22.4c6.4 0 12.8-6.4 12.8-12.8V204.8c0-6.4-6.4-12.8-12.8-12.8h-22.4c-6.4 0-12.8 6.4-12.8 12.8v134.4c0 6.4 6.4 12.8 12.8 12.8zM496 400H48V80c0-8.84-7.16-16-16-16H16C7.16 64 0 71.16 0 80v336c0 17.67 14.33 32 32 32h464c8.84 0 16-7.16 16-16v-16c0-8.84-7.16-16-16-16zm-387.2-48h22.4c6.4 0 12.8-6.4 12.8-12.8v-70.4c0-6.4-6.4-12.8-12.8-12.8h-22.4c-6.4 0-12.8 6.4-12.8 12.8v70.4c0 6.4 6.4 12.8 12.8 12.8z\" class=\"\"><\/path><\/svg><\/i> <img decoding=\"async\" width=\"16\" height=\"16\" alt=\"Loading\" data-src=\"https:\/\/www.centronocaminhodaluz.com.br\/wp-content\/plugins\/page-views-count\/ajax-loader-2x.gif\" border=0 src=\"data:image\/svg+xml;base64,PHN2ZyB3aWR0aD0iMSIgaGVpZ2h0PSIxIiB4bWxucz0iaHR0cDovL3d3dy53My5vcmcvMjAwMC9zdmciPjwvc3ZnPg==\" class=\"lazyload\" style=\"--smush-placeholder-width: 16px; --smush-placeholder-aspect-ratio: 16\/16;\" \/><\/p>\n<div class=\"pvc_clear\"><\/div>\n","protected":false},"author":1,"featured_media":0,"comment_status":"closed","ping_status":"open","sticky":false,"template":"","format":"standard","meta":{"footnotes":""},"categories":[9,16],"tags":[],"class_list":["post-14961","post","type-post","status-publish","format-standard","hentry","category-pedro-fagundes-azevedo","category-mensagens-diversas"],"a3_pvc":{"activated":true,"total_views":1358,"today_views":0},"_links":{"self":[{"href":"https:\/\/www.centronocaminhodaluz.com.br\/index.php\/wp-json\/wp\/v2\/posts\/14961","targetHints":{"allow":["GET"]}}],"collection":[{"href":"https:\/\/www.centronocaminhodaluz.com.br\/index.php\/wp-json\/wp\/v2\/posts"}],"about":[{"href":"https:\/\/www.centronocaminhodaluz.com.br\/index.php\/wp-json\/wp\/v2\/types\/post"}],"author":[{"embeddable":true,"href":"https:\/\/www.centronocaminhodaluz.com.br\/index.php\/wp-json\/wp\/v2\/users\/1"}],"replies":[{"embeddable":true,"href":"https:\/\/www.centronocaminhodaluz.com.br\/index.php\/wp-json\/wp\/v2\/comments?post=14961"}],"version-history":[{"count":0,"href":"https:\/\/www.centronocaminhodaluz.com.br\/index.php\/wp-json\/wp\/v2\/posts\/14961\/revisions"}],"wp:attachment":[{"href":"https:\/\/www.centronocaminhodaluz.com.br\/index.php\/wp-json\/wp\/v2\/media?parent=14961"}],"wp:term":[{"taxonomy":"category","embeddable":true,"href":"https:\/\/www.centronocaminhodaluz.com.br\/index.php\/wp-json\/wp\/v2\/categories?post=14961"},{"taxonomy":"post_tag","embeddable":true,"href":"https:\/\/www.centronocaminhodaluz.com.br\/index.php\/wp-json\/wp\/v2\/tags?post=14961"}],"curies":[{"name":"wp","href":"https:\/\/api.w.org\/{rel}","templated":true}]}}