{"id":15255,"date":"2018-08-11T08:12:00","date_gmt":"2018-08-11T08:12:00","guid":{"rendered":"http:\/\/www.centronocaminhodaluz.com.br\/index.php\/artigo15255\/"},"modified":"2018-08-11T08:11:50","modified_gmt":"2018-08-11T11:11:50","slug":"artigo15255","status":"publish","type":"post","link":"https:\/\/www.centronocaminhodaluz.com.br\/index.php\/artigo15255\/","title":{"rendered":"Francisco de Assis &#8211; Biografia"},"content":{"rendered":"<p>\u201cFRANCISCO DE ASSIS\u201d<br \/>\n<br \/>Antes de ser Francisco foi o Ap\u00f3stolo Jo\u00e3o, filho de Salom\u00e9 e Zebedeu e irm\u00e3o de Tiago, e junto com Pedro participaram do c\u00edrculo mais \u00edntimo junto a Jesus.<\/p>\n<p>Considerado  o disc\u00edpulo amado , foi o Apostolo Jo\u00e3o, o mais dedicado.<br \/> Acompanhou o Mestre nos seus mais dif\u00edceis testemunhos.<br \/> Presenciou varias curas.<br \/> Era muito jovem na \u00e9poca da vida do Mestre, e na crucifica\u00e7\u00e3o foi designado por Jesus a tomar conta de Maria, demonstrando a\u00ed o quanto este confiava em Jo\u00e3o.<\/p>\n<p>Foi levado como prisioneiro na Ilha de Patmos, pelos agentes de Roma, era chamado de Pai Jo\u00e3o.<br \/> Cristo colocou Jo\u00e3o nessa Ilha pequena, para que ele pudesse falar p\u00f4r interm\u00e9dio desse medianeiro, das coisas que haveriam de vir.<br \/> (O APOCALIPSE)!<br \/>\n<br \/>P\u00f4r ordem expressa de Roma, o velho Crist\u00e3o, deveria ser consumido em azeite fervente em ebuli\u00e7\u00e3o.<br \/> J\u00e1 nessa \u00e9poca, ele pregava na natureza para os cardumes de peixes aves e animais bravios da floresta, aben\u00e7oando-os.<br \/> Os soldados romanos anunciaram ao disc\u00edpulo, a decis\u00e3o de Roma, o Apostolo dizia estar pronto para o sacrif\u00edcio, e mencionando a seguinte frase: \u201cSeja feita a vontade de Deus\u201d.<\/p>\n<p> O filho de Salom\u00e9 e Zebedeu ajoelhou-se diante do tacho em ebuli\u00e7\u00e3o.<br \/> O Apostolo foi ali colocado.<br \/> Os soldados cavaram uma sepultura.<br \/> Quando come\u00e7aram a entornar o azeite, o velho Crist\u00e3o ergueu-se do fundo do vasilhame, para espanto de todos e aben\u00e7oou-os.<br \/> Os homens ajoelharam-se e choraram, beijando os p\u00e9s e as m\u00e3os do antigo companheiro de Maria.<br \/> Pai Jo\u00e3o estava vestido de luz<br \/>\n<br \/> Nesse momento Miramez, projetou um quadro aonde dois esp\u00edritos vestiram uma roupa flu\u00eddica nele, como roupa de astronauta ou um escafandro.<br \/> Queridos filhos do cora\u00e7\u00e3o eu vos aben\u00e7oo.<br \/>  Os soldados o sugeriram que vestisse uma farda velha, raspasse o cabelo e trocasse o nome para Francisco, ele sorriu e aceitou.<\/p>\n<p> Jo\u00e3o viveu o resto de sua vida em \u00c9feso, onde poderia permanecer como desconhecido e juntamente com Maria, onde teria escrito o Evangelho e as cartas.<br \/> Durante o governo de Domiciano, foi exilado na ilha de Patmos, onde escreveu o Apocalipse.<\/p>\n<p>Morreu em \u00c9feso, em idade muito avan\u00e7ada, sempre ensinando o Evangelho e louvando a natureza com que DEUS nosso PAI, nos presenteou.<\/p>\n<p>Em 26 de setembro de 1181 na cidade de Assis, renasce Francisco de Assis da fam\u00edlia de Bernardone.<br \/> Em plena simplicidade da estrebaria, pois sua m\u00e3e assim o quis.<br \/> Morava no luxo de uma mans\u00e3o O pai Pedro Bernardone queria faz\u00ea-lo nobre em estudos e educa\u00e7\u00e3o.<br \/> Desejava que fosse um cavalheiro da nobreza, um guerreiro incompar\u00e1vel.<br \/> Era not\u00f3ria a bondade de Francisco nos primeiros anos de vida.<br \/> Amigo da natureza, um poeta das estrelas da lua, do sol dos animais e do mar.<br \/> Cresceu cercado de todo carinho de sua m\u00e3e.<br \/> Seu corpo era \u00e1gil, seu racioc\u00ednio r\u00e1pido.<\/p>\n<p>Desceu \u00e1 Terra, no per\u00edodo em que a Idade M\u00e9dia passava por etapas de \u00f3dio e carnificina.<\/p>\n<p>Junto com ele, reencarnou tamb\u00e9m P\u00e1tius, o disc\u00edpulo que formou quando se chamava Jo\u00e3o, o Evangelista, o \u00faltimo dos doze, na cidade de \u00c9feso, logo depois de deixar seu ex\u00edlio na ilha de Patmos, onde viveu por longos sete anos.<\/p>\n<p>Ali estava o Apostolo Jo\u00e3o em sua nova miss\u00e3o na Terra.<br \/> Francisco dizia \u00e0 m\u00e3e:- Comecei a Ter piedade profunda de todos os seres que sofrem.<br \/> Entretanto discordava de seu pai pela maneira como se conduzia no comercio e agia com os seus servos.<br \/> A luta come\u00e7ou para ele dentro de sua pr\u00f3pria casa.<\/p>\n<p>P\u00e1tius, junto com Francisco, chamou-se Frei Le\u00e3o, escrevia tudo que o Iluminado dizia como m\u00e9dium do Cristo e depois as mensagens eram enviadas \u00e0s igrejas de maior express\u00e3o que depois as transmitia as demais.<\/p>\n<p>Desde menino, tinha admira\u00e7\u00e3o pelas hist\u00f3rias que ouvira sobre o grande Caio C\u00e9sar e sobre Carlos Magno.<br \/> Sonhava com as glorias militares, procurando alcan\u00e7ar o status que sua condi\u00e7\u00e3o exigia.<br \/> Deixava desfilar em sua mente essas personagens guerreiras, mas ao mesmo tempo, humanas.<br \/> Pensava, j\u00e1 que n\u00e3o podia ser \u00fatil no pr\u00f3prio lar e ajudar seu pai, poderia sim ajudar sua terra natal.<br \/> Aos 20 anos foi para a guerra de Perusa, em nome de Assis.<br \/> Nessa guerra foi preso e depois de um ano seu pai o buscou por causa de uma doen\u00e7a.<br \/> Durante essa doen\u00e7a teve os primeiros contatos com o Evangelho.<\/p>\n<p>Francisco, denominado de \u201cIl Poverello\u201d (\u201cO Pobrezinho\u201d), foi homem simples e humilde, assim como o Cristo, a quem amava ardentemente.<br \/> Foi um verdadeiro crist\u00e3o, preocupado com o seu semelhante, totalmente dissociado do poder da vaidade e do orgulho.<br \/> Recusava posses e, mesmo obrando no catolicismo, exonerou as ordens eclesi\u00e1sticas, nunca se tornando sacerdote.<\/p>\n<p>Aos 24 anos pediu para  que Jesus iluminasse seu caminho e ouviu uma voz: &#8211; Francisco! Restaura a minha casa decadente!<br \/>\n<br \/>Pedro Bernardone estava desesperado com o filho, que ele esperava ser o seu substituto no com\u00e9rcio.<br \/> Francisco protegia os servos dando-lhes refei\u00e7\u00f5es dignas e pagamentos justos, motivo pelos quais discordava de seu pai e queria sair de casa.<br \/> \u201cSentia que Jesus lhe falava:-\u201d Francisco, ame os teus pais, porem n\u00e3o desaprove a tua consci\u00eancia.<br \/> Tu \u00e9s tu mesmo em todos os campos de realiza\u00e7\u00e3o Quem ama nunca ser\u00e1 vencido.<br \/> Se quiseres a minha companhia, renuncie aos bens do mundo e estarei sempre contigo.<br \/> Auxilie a Igreja que est\u00e1 enfraquecendo nos seus mais sagrados pilares, porque a verdade est\u00e1 sendo distorcida em demasia.<br \/> Francisco reforma a minha Igreja, ajuda-a Quando quiseres a minha companhia, sabes onde estou.<br \/>  Estou ao lado dos pobres, doentes e famintos, desabrigados, oprimidos, dos nus, com agasalhos que lhes possam minorar o frio.<br \/> Estou tamb\u00e9m ao lado dos que ajudam por amor.<br \/> Francisco falou com simplicidade e mansid\u00e3o:- Tomei uma decis\u00e3o definitiva.<br \/> Renunciarei a tudo o que meu pai acumulou para o meu futuro.<br \/> De hoje em diante, me considero livre dos bens terrenos, da fam\u00edlia, parentes e amigos, que n\u00e3o entendem  as minhas resolu\u00e7\u00f5es.<br \/> Estarei com Deus e com o Cristo.<\/p>\n<p>Ele sempre orava dizendo:- Pai do C\u00e9u.<br \/> Ao ver a injusti\u00e7a, sinto-me impulsionado para a defesa.<br \/> Ao ver a viol\u00eancia, principalmente contra os indefesos desejou posicionar-se a seu favor.<br \/> Ante a mentira, sinto que se aviva em mim a chama da verdade Da\u00ed-me condi\u00e7\u00f5es meu Deus por instalar a paz onde houver Guerra.<br \/> O amor onde houver \u00f3dio.<br \/> A conc\u00f3rdia onde houver discuss\u00e3o.<br \/>  A f\u00e9 onde houver duvida.<br \/> E o trabalho, onde houver in\u00e9rcia.<br \/> Eu quero ser bom \u00fatil e agrad\u00e1vel.<br \/> Permita-me Senhor, que eu fale com Jesus, teu filho incompar\u00e1vel.<\/p>\n<p>Francisco decidiu atender ao pedido de Jesus, com isso seu pai o rejeitou e o deserdou Francisco saiu de sua rica casa, agradecendo aos pais, aos servos, aos animais dom\u00e9sticos, as plantas, o C\u00e9u, o Sol, estrelas e beijando o ch\u00e3o agradecendo o solo pela sua humildade.<br \/> Esmolou pelo caminho para os pobres.<\/p>\n<p> Francisco foi a Roma, ao encontro do Papa, para que ele pudesse se movimentar no seio da Igreja.<br \/>, mesmo sem ser padre, pois  pertencia a religi\u00e3o pelo cora\u00e7\u00e3o.<br \/> O PAPA na \u00e9poca era Inoc\u00eancio terceiro que governou por 18 anos 6 meses e 9 dias , os destinos da Igreja Cat\u00f3lica Apost\u00f3lica Romana.<br \/>Francisco teve dificuldades, pois com pessoas maltriplhas que o acompanhavam, n\u00e3o tinha chance de conversar com a alta corte do clero.<br \/> As vestes eram de saco, presos na cintura por cord\u00f5es.<\/p>\n<p> Francisco escreveu ao Papa.<br \/> Dizendo: respeitamos muito a nossa Igreja, pois no seio de nossa amada religi\u00e3o, h\u00e1 desvios que o cora\u00e7\u00e3o em Cristo n\u00e3o pode suportar.<br \/> O ouro acumulado gera guerras e as guerras pedem mais ouro.<br \/> Das guerras e do ouro gera-se o ego\u00edsmo; deste nascem a prepot\u00eancia e a persegui\u00e7\u00e3o.<br \/> E onde fica o Cristo, nesse ambiente de revolta?  E o Evangelho nessa atmosfera de contradi\u00e7\u00e3o?<br \/>\n<br \/> Com toda humildade, solicitava a Vossa Santidade e aos Cardeais, que o atendesse e que o perdoasse, se estivesse errado ou falando o que n\u00e3o devia.<br \/> N\u00e3o sou eu, que nada tenho para ensinar, principalmente a Vossa Santidade, mas o Evangelho de Jesus, que \u00e9 a base para as nossas regras.<\/p>\n<p> Quase todos os Cardeais ficaram chocados com a carta de Francisco, e acharam-na insultante \u00e0 Igreja.<br \/> Mas a noite Inoc\u00eancio sonhou com um esp\u00edrito envolto em grande luz, que o advertiu ter dado pouca import\u00e2ncia a carta de Francisco.<br \/> E aconselhou-o a receb\u00ea-lo no Vaticano.<\/p>\n<p>Francisco n\u00e3o estava em busca de b\u00ean\u00e7\u00e3os.<br \/> Estava \u00e0 procura do restabelecimento da Igreja de Deus, por vontade de Jesus Cristo.<\/p>\n<p>Santo Padre, estamos criando e j\u00e1 estamos come\u00e7ando a viver dentro de uma sociedade onde ningu\u00e9m \u00e9 dono de nada, e todos t\u00eam com que viver.<br \/> Todos trabalham por dever e amor e eu devo dar o primeiro exemplo.<br \/> A decis\u00e3o de nossa comunidade espiritual \u00e9 viver puramente as normas tra\u00e7adas pelo Divino Mestre.<br \/> E falou, falou.<br \/>.<br \/>.<br \/> Com entusiasmo e sabedoria.<br \/> O Papa ouviu tudo e analisando disse:- Sinto que o C\u00e9u me pressiona a aceitar as tuas ideias, que reconhe\u00e7o serem nobres n\u00e3o obstante esse mesmo C\u00e9u deixa-me a vontade, com livre &#8211; arb\u00edtrio, para decidir se devo ou n\u00e3o aceit\u00e1-las.<br \/> Pregues as tuas ideias e o Evangelho da maneira que a tua intui\u00e7\u00e3o te ordena e, se fores vitorioso, o consagrarei como o maior guerreiro de todos os tempos.<\/p>\n<p> Francisco disse que h\u00e1 somente um ser na face da Terra que nos deu a receita Divina, Ele nos ensinou a ser felizes.<br \/> Dentro de n\u00f3s mesmos.<br \/> Quem buscar a felicidade fora de si, nunca a encontrar\u00e1, pois ela mora no cora\u00e7\u00e3o de cada um.<\/p>\n<p>Durante as suas peregrina\u00e7\u00f5es, jovens perceberam que ali havia algo de diferente e de muito grande.<br \/> Ent\u00e3o se desfizeram de tudo o que possu\u00edam e tamb\u00e9m foram seguir Jesus Cristo, a modo de Francisco.<br \/> O primeiro deles foi Bernardo, depois Pedro Catani, Eg\u00eddio, e muitos outros.<br \/> Ent\u00e3o foi preciso escrever uma regra de vida, para que todos pudessem seguir o Evangelho sem o perigo de errarem.<br \/> Ap\u00f3s escrev\u00ea-la, Francisco foi \u00e0 Roma e o papa aprovou o seu estilo de vida, oficializando assim a Ordem dos Frades Menores , mais conhecida como Franciscanos.<\/p>\n<p>Na noite que se dispusera a falar com seus irm\u00e3os de Assis, na Igreja de S\u00e3o Rufino, encontrou Clara.<br \/> Era aquele um novo encontro, pois se percebeu que se conheciam h\u00e1 muitos anos.<br \/> Eram almas afins, e muito amigas.<br \/>  Clara estava sempre acompanhando Francisco em suas curas passadas pelas santas m\u00e3os de Jesus.<br \/> Assim procedia com leprosos, banhava-os, passando as m\u00e3os pelas chagas e todas as feridas, iam-se fechando.<br \/> Curava obsidiados e obsessores com a firmeza de suas argumenta\u00e7\u00f5es.<\/p>\n<p>Clara sempre conversava com Francisco, e certo disse: por que \u00e9 nesse interc\u00e2mbio, com a tua presen\u00e7a, \u00e9 que me formarei para os grandes empreendimentos que me esperam com outras companheiras.<br \/> Estava assim sendo selada a alian\u00e7a de Clara e Francisco.<\/p>\n<p>Francisco voltou a ver o Papa que estava muito doente do corpo e da alma.<br \/> Nesse instante comovedor Francisco orou a sua celebre obra.<\/p>\n<p>   \u201cSenhor!.<br \/>.<br \/>.<br \/> Fazei de mim, o instrumento de da Vossa Paz.<br \/>.<br \/>.<br \/> Onde haja \u00f3dio, consenti que eu semeie amor.<br \/> Perd\u00e3o onde haja injuria, F\u00e9 onde haja duvida.<br \/> verdade onde haja mentira, Esperan\u00e7a onde haja desespero.<br \/> Luz onde haja trevas, Uni\u00e3o onde haja disc\u00f3rdia, Alegria onde haja tristeza, Divino Mestre! Permiti que eu n\u00e3o procure  tanto ser consolado  quanto consolar.<br \/> Ser compreendido quanto compreender, Ser amado quanto amar, Porque \u00e9 dando que recebemos, \u00e8 perdoando que somos perdoados, E \u00e9 morrendo que teremos a vida eterna.<\/p>\n<p>Francisco ajoelhado viu o Papa, tamb\u00e9m ajoelhado acompanhando a sua prece e chorando.<br \/> O Papa ficou curado, de suas enfermidades.<\/p>\n<p>Francisco saiu de Roma e desceu para \u00d3stia, e com seus disc\u00edpulos sempre praticando o bem.<br \/> Eram chamados de andarilhos.<br \/> Na cidade de Gubbio, soube de um lobo feroz, que matava os animais e assustava as crian\u00e7as do lugar.<br \/> Francisco foi falar com o animal que sentia fome, e convenceu-o a n\u00e3o fazer mal a cria\u00e7\u00e3o, chamando-o de  irm\u00e3o lobo\u201d.<br \/> Que a paz esteja contigo.<br \/> E pediu aos cidad\u00e3os do lugar, para darem comida e \u00e1gua ao animal, e este diante da humildade do Santo, tornou-se brando.<\/p>\n<p> Continuou Francisco a falar com peixes e p\u00e1ssaros, sempre rogando a assist\u00eancia de Maria Sant\u00edssima, de Jesus e outros mensageiros.<br \/> Visitou pa\u00edses e cidades.<br \/> No Oriente, conheceu \u00c1rabes e Judeus.<br \/> A todos conquistou com seu doce magnetismo.<br \/> Visitou o Calv\u00e1rio e sentiu a presen\u00e7a de M\u00e3e Sant\u00edssima e dos Ap\u00f3stolos a lhe transmitir Bom Animo em sua jornada.<br \/> Por aconselhamento de Jesus, voltou a Assis, onde fora implantado o cora\u00e7\u00e3o da comunidade Franciscana.<\/p>\n<p> Reencontrou os antigos amigos inclusive Clara, com as irm\u00e3s em Cristo.<br \/> Notava-se que as auras de Clara e de Francisco transfundiam-se em uma simbiose Divina.<br \/> Duas estrelas que se encontravam na Terra.<\/p>\n<p>Francisco era fr\u00e1gil as doen\u00e7as, pois seu corpo era muito maltratado, pois para ele,o corpo sujeito ao pecado deveria ser castigado.<br \/>Mas sua principal cruz corporal era o problema de seu olho que quase o cegou.<\/p>\n<p>O Monte Alverne, situado nos Apeninos, banhado pelo rio Arno e Tibre, era envolvido em fluidos superiores, e l\u00e1 Francisco refazia suas for\u00e7as de vez em quando.<\/p>\n<p>Certa vez, Francisco ficou por 15 dias sem comer e sem beber, alguns dizem que o Arcanjo Miguel aparecia a Francisco com frequ\u00eancia.<br \/> Frei Felipe, preocupado, foi \u00e0 borda da caverna onde se encontrava o Poverello e os outros ficaram orando para n\u00e3o interromp\u00ea-lo na sua gra\u00e7a.<br \/> De Francisco saia uma luz dourada.<br \/> Felipe ajoelhou-se e chorando orou, alguns fi\u00e9is que ali chegaram devido \u00e0 demora faziam o mesmo e Francisco falou \u00e0s palavras que devemos repetir a cada cumprimento:<br \/>\n<br \/>QUE A PAZ DE DEUS ESTEJA CONVOSCO.<\/p>\n<p>Em uma noite memor\u00e1vel, quando pediu humildemente a Jesus,que, mesmo n\u00e3o merecendo tanta gl\u00f3ria, se fosse da vontade Divina, que as chagas imortalizadas pelo Mestre tomassem conta de seu maltratado corpo.<br \/> Acordou ent\u00e3o com as chagas nos p\u00e9s e nas m\u00e3os.<\/p>\n<p>Depois disto aconteceram outros milagres e curas<br \/>\n<br \/>Francisco percebeu que a DOR \u00c9 UM ESTIMULO PARA A Luz.<br \/> Ela transforma o bruto em anjo, Francisco era portador de varias enfermidades.<br \/> Tudo fora previsto antes do seu nascimento.<br \/> Purificou o Perispirito, chegando a encontrar a felicidade na dor.<br \/> Quando sentiu que piorava, voltou para Assis, para os pais, para Clara e outros amigos.<br \/> Seu corpo abriu-se em chagas, mesmo assim foi ao lepros\u00e1rio e beijou a todos.<\/p>\n<p>Francisco morreu no dia 3 de Outubro de 1226 aos 45 anos, quando foi levado ao hospital dos hansenianos.<br \/> Pouco antes de morrer disse aos frades:  eu fiz a minha parte, que o Cristo vos ensine a fazer a vossa .<\/p>\n<p>O sol come\u00e7ava a apagar-se quando a alma de Francisco come\u00e7ou a apagar-se no poente da vida f\u00edsica.<\/p>\n<p>No mundo espiritual, viam-se duas alas de esp\u00edritos.<br \/> Eram seus amigos do tempo de Jesus que vieram aben\u00e7o\u00e1-lo.<br \/>  Francisco chorou amparado pelo carinho de Jesus.<br \/> Que disse: &#8211; Cumpriste o teu dever pisando o solo terrestre por muitas vezes.<br \/> Renuncias-te aos confortos do mundo.<br \/> Gastaste a ultima gota de energia em favor dos que sofrem.<br \/> Deixas-te um rastro de Luz como exemplo.<br \/> Ficaras na hist\u00f3ria dos sentimentos.<br \/> Foste levado ao mundo em momento psicol\u00f3gico, entre duas for\u00e7as das trevas, Cruzadas e Inquisi\u00e7\u00e3o.<br \/> A tua gloria ser\u00e1 de rever todos os teus companheiros dos tempos Evang\u00e9licos e abra\u00e7a-los.<br \/> QUE DEUS TE ABEN\u00c7\u00d5E SEMPRE.<\/p>\n<p>Francisco, empenhado pela for\u00e7a da gratid\u00e3o, foi levado pelo desejo aos p\u00e9s do corpo f\u00edsico que acabava de deixar, como roupa imprest\u00e1vel e beijou-o comovido, agradecendo pelo tanto que lhes serviram, na luta de levar o Evangelho aonde quer que fosse.<br \/> Seu semblante era de alegria e seus parentes ficaram emocionados.<\/p>\n<p>Viu ainda Clara, abra\u00e7ou-a e chorou com ela.<br \/> Viu nela a companheira de outras eras.<\/p>\n<p>Clara disse em pensamento, com emo\u00e7\u00e3o, onde a alma quebrava o v\u00e9u que os separava: Como \u00e9 bom Ter F\u00e9, Roga  no Reino  em que te encontras, a Deus por n\u00f3s e a Jesus nosso guia de sempre, que n\u00e3o Se esque\u00e7a das filhas e dos filhos espirituais que aqui ficaram.<br \/> O amor que nos une, sobreviver\u00e1 em favor dos que sofrem.<br \/>  E serrando os olhos  em ora\u00e7\u00e3o, viu Francisco de Assis acenando-lhe as m\u00e3os, em ascens\u00e3o para o infinito.<br \/>.<br \/>.<\/p>\n<p> Enfim, Francisco de Assis viveu a mensagem do Evangelho, consolidou o Amor, venceu a morte porque venceu as imperfei\u00e7\u00f5es, lutou contra os instintos inferiores e alcan\u00e7ou a vitoria sobre os inimigos internos, e consolidou os dons espirituais no cora\u00e7\u00e3o e irradiou o BEM em todas as dire\u00e7\u00f5es.<\/p>\n<p>Dante Alighieri disse que ele foi uma \u201cluz que brilhou sobre o mundo\u201d, e para muitos ele foi a maior figura do Cristianismo desde Jesus.<\/p>\n<p>Foi: bom, justo, honesto, feliz, trabalhador, irm\u00e3o, perd\u00e3o, manso, energ\u00e9tico, compreensivo, caridoso, carinhoso, pai, tolerante, humilde, pastor, m\u00edstico, homem, Anjo.<\/p>\n<p>Esse foi Francisco de Assis !!!!!!<br \/>\n<\/p>\n<div class=\"pvc_clear\"><\/div>\n<p id=\"pvc_stats_15255\" class=\"pvc_stats all  \" data-element-id=\"15255\" style=\"\"><i class=\"pvc-stats-icon medium\" aria-hidden=\"true\"><svg aria-hidden=\"true\" focusable=\"false\" data-prefix=\"far\" data-icon=\"chart-bar\" role=\"img\" xmlns=\"http:\/\/www.w3.org\/2000\/svg\" viewBox=\"0 0 512 512\" class=\"svg-inline--fa fa-chart-bar fa-w-16 fa-2x\"><path fill=\"currentColor\" d=\"M396.8 352h22.4c6.4 0 12.8-6.4 12.8-12.8V108.8c0-6.4-6.4-12.8-12.8-12.8h-22.4c-6.4 0-12.8 6.4-12.8 12.8v230.4c0 6.4 6.4 12.8 12.8 12.8zm-192 0h22.4c6.4 0 12.8-6.4 12.8-12.8V140.8c0-6.4-6.4-12.8-12.8-12.8h-22.4c-6.4 0-12.8 6.4-12.8 12.8v198.4c0 6.4 6.4 12.8 12.8 12.8zm96 0h22.4c6.4 0 12.8-6.4 12.8-12.8V204.8c0-6.4-6.4-12.8-12.8-12.8h-22.4c-6.4 0-12.8 6.4-12.8 12.8v134.4c0 6.4 6.4 12.8 12.8 12.8zM496 400H48V80c0-8.84-7.16-16-16-16H16C7.16 64 0 71.16 0 80v336c0 17.67 14.33 32 32 32h464c8.84 0 16-7.16 16-16v-16c0-8.84-7.16-16-16-16zm-387.2-48h22.4c6.4 0 12.8-6.4 12.8-12.8v-70.4c0-6.4-6.4-12.8-12.8-12.8h-22.4c-6.4 0-12.8 6.4-12.8 12.8v70.4c0 6.4 6.4 12.8 12.8 12.8z\" class=\"\"><\/path><\/svg><\/i> <img decoding=\"async\" width=\"16\" height=\"16\" alt=\"Loading\" data-src=\"https:\/\/www.centronocaminhodaluz.com.br\/wp-content\/plugins\/page-views-count\/ajax-loader-2x.gif\" border=0 src=\"data:image\/svg+xml;base64,PHN2ZyB3aWR0aD0iMSIgaGVpZ2h0PSIxIiB4bWxucz0iaHR0cDovL3d3dy53My5vcmcvMjAwMC9zdmciPjwvc3ZnPg==\" class=\"lazyload\" style=\"--smush-placeholder-width: 16px; --smush-placeholder-aspect-ratio: 16\/16;\" \/><\/p>\n<div class=\"pvc_clear\"><\/div>\n","protected":false},"excerpt":{"rendered":"<p>\u201cFRANCISCO DE ASSIS\u201d Antes de ser Francisco foi o Ap\u00f3stolo Jo\u00e3o, filho de Salom\u00e9 e Zebedeu e irm\u00e3o de Tiago, e junto com Pedro participaram do c\u00edrculo mais \u00edntimo junto a Jesus. Considerado o disc\u00edpulo amado , foi o Apostolo Jo\u00e3o, o mais dedicado. Acompanhou o Mestre nos seus mais dif\u00edceis testemunhos. Presenciou varias curas.&hellip; <br \/> <a class=\"read-more\" href=\"https:\/\/www.centronocaminhodaluz.com.br\/index.php\/artigo15255\/\">Leia mais<\/a><\/p>\n<div class=\"pvc_clear\"><\/div>\n<p id=\"pvc_stats_15255\" class=\"pvc_stats all  \" data-element-id=\"15255\" style=\"\"><i class=\"pvc-stats-icon medium\" aria-hidden=\"true\"><svg aria-hidden=\"true\" focusable=\"false\" data-prefix=\"far\" data-icon=\"chart-bar\" role=\"img\" xmlns=\"http:\/\/www.w3.org\/2000\/svg\" viewBox=\"0 0 512 512\" class=\"svg-inline--fa fa-chart-bar fa-w-16 fa-2x\"><path fill=\"currentColor\" d=\"M396.8 352h22.4c6.4 0 12.8-6.4 12.8-12.8V108.8c0-6.4-6.4-12.8-12.8-12.8h-22.4c-6.4 0-12.8 6.4-12.8 12.8v230.4c0 6.4 6.4 12.8 12.8 12.8zm-192 0h22.4c6.4 0 12.8-6.4 12.8-12.8V140.8c0-6.4-6.4-12.8-12.8-12.8h-22.4c-6.4 0-12.8 6.4-12.8 12.8v198.4c0 6.4 6.4 12.8 12.8 12.8zm96 0h22.4c6.4 0 12.8-6.4 12.8-12.8V204.8c0-6.4-6.4-12.8-12.8-12.8h-22.4c-6.4 0-12.8 6.4-12.8 12.8v134.4c0 6.4 6.4 12.8 12.8 12.8zM496 400H48V80c0-8.84-7.16-16-16-16H16C7.16 64 0 71.16 0 80v336c0 17.67 14.33 32 32 32h464c8.84 0 16-7.16 16-16v-16c0-8.84-7.16-16-16-16zm-387.2-48h22.4c6.4 0 12.8-6.4 12.8-12.8v-70.4c0-6.4-6.4-12.8-12.8-12.8h-22.4c-6.4 0-12.8 6.4-12.8 12.8v70.4c0 6.4 6.4 12.8 12.8 12.8z\" class=\"\"><\/path><\/svg><\/i> <img decoding=\"async\" width=\"16\" height=\"16\" alt=\"Loading\" data-src=\"https:\/\/www.centronocaminhodaluz.com.br\/wp-content\/plugins\/page-views-count\/ajax-loader-2x.gif\" border=0 src=\"data:image\/svg+xml;base64,PHN2ZyB3aWR0aD0iMSIgaGVpZ2h0PSIxIiB4bWxucz0iaHR0cDovL3d3dy53My5vcmcvMjAwMC9zdmciPjwvc3ZnPg==\" class=\"lazyload\" style=\"--smush-placeholder-width: 16px; --smush-placeholder-aspect-ratio: 16\/16;\" \/><\/p>\n<div class=\"pvc_clear\"><\/div>\n","protected":false},"author":1,"featured_media":0,"comment_status":"closed","ping_status":"open","sticky":false,"template":"","format":"standard","meta":{"footnotes":""},"categories":[16],"tags":[],"class_list":["post-15255","post","type-post","status-publish","format-standard","hentry","category-mensagens-diversas"],"a3_pvc":{"activated":true,"total_views":9218,"today_views":1},"_links":{"self":[{"href":"https:\/\/www.centronocaminhodaluz.com.br\/index.php\/wp-json\/wp\/v2\/posts\/15255","targetHints":{"allow":["GET"]}}],"collection":[{"href":"https:\/\/www.centronocaminhodaluz.com.br\/index.php\/wp-json\/wp\/v2\/posts"}],"about":[{"href":"https:\/\/www.centronocaminhodaluz.com.br\/index.php\/wp-json\/wp\/v2\/types\/post"}],"author":[{"embeddable":true,"href":"https:\/\/www.centronocaminhodaluz.com.br\/index.php\/wp-json\/wp\/v2\/users\/1"}],"replies":[{"embeddable":true,"href":"https:\/\/www.centronocaminhodaluz.com.br\/index.php\/wp-json\/wp\/v2\/comments?post=15255"}],"version-history":[{"count":0,"href":"https:\/\/www.centronocaminhodaluz.com.br\/index.php\/wp-json\/wp\/v2\/posts\/15255\/revisions"}],"wp:attachment":[{"href":"https:\/\/www.centronocaminhodaluz.com.br\/index.php\/wp-json\/wp\/v2\/media?parent=15255"}],"wp:term":[{"taxonomy":"category","embeddable":true,"href":"https:\/\/www.centronocaminhodaluz.com.br\/index.php\/wp-json\/wp\/v2\/categories?post=15255"},{"taxonomy":"post_tag","embeddable":true,"href":"https:\/\/www.centronocaminhodaluz.com.br\/index.php\/wp-json\/wp\/v2\/tags?post=15255"}],"curies":[{"name":"wp","href":"https:\/\/api.w.org\/{rel}","templated":true}]}}