{"id":15715,"date":"2019-02-24T11:12:00","date_gmt":"2019-02-24T11:12:00","guid":{"rendered":"http:\/\/www.centronocaminhodaluz.com.br\/index.php\/artigo15715\/"},"modified":"2019-02-24T11:13:33","modified_gmt":"2019-02-24T14:13:33","slug":"artigo15715","status":"publish","type":"post","link":"https:\/\/www.centronocaminhodaluz.com.br\/index.php\/artigo15715\/","title":{"rendered":"O ESP\u00cdRITA E O CARNAVAL &#8211; Emmanuel \u2013 Chico Xavier"},"content":{"rendered":"<p>Ser\u00e1 que  atr\u00e1s do tri el\u00e9trico s\u00f3 n\u00e3o vai quem j\u00e1 morreu  \u2013 como diz uma famosa marchinha de carnaval?<br \/>\n<br \/>*<br \/>\n<br \/> O Esp\u00edrita (crist\u00e3o) deve afastar-se de festas lament\u00e1veis, como aquelas que assinalam a passagem do carnaval, inclusive as que se destaquem pelos excessos de gula, desregramento ou manifesta\u00e7\u00f5es exteriores espetaculares.<br \/> A verdadeira alegria n\u00e3o foge da temperan\u00e7a .<\/p>\n<p>Do livro:  CONDUTA ESP\u00cdRITA  \u2013 Esp\u00edrito: Andr\u00e9 Luiz \u2013 Psicografia: Chico Xavier<\/p>\n<p>      SOBRE O CARNAVAL<br \/>\n<br \/>                                                                                                 Emmanuel \u2013 Chico Xavier<br \/>\n<br \/>              Nenhum esp\u00edrito equilibrado em face do bom senso, que deve presidir a exist\u00eancia das criaturas, pode fazer a apologia da loucura generalizada que adormece as consci\u00eancias, nas festas carnavalescas.<\/p>\n<p>                \u00c9 lament\u00e1vel que, na \u00e9poca atual, quando os conhecimentos novos felicitam a mentalidade humana, fornecendo-lhe a chave maravilhosa dos seus elevados destinos, descerrando-lhe as belezas e os objetivos sagrados da Vida, se verifiquem excessos dessa natureza entre as sociedades que se pavoneiam com o t\u00edtulo de civiliza\u00e7\u00e3o.<\/p>\n<p>                Enquanto os trabalhos e as dores aben\u00e7oadas, geralmente incompreendidos pelos homens, lhes burilam o car\u00e1ter e os sentimentos, prodigalizando-lhes os benef\u00edcios inapreci\u00e1veis do progresso espiritual, a licenciosidade desses dias prejudiciais opera, nas almas indecisas e necessitadas do amparo moral dos outros esp\u00edritos mais esclarecidos, a revivesc\u00eancia de animalidades que s\u00f3 os longos aprendizados fazem desaparecer.<\/p>\n<p>                H\u00e1 nesses momentos de indisciplina sentimental o largo acesso das for\u00e7as da treva nos cora\u00e7\u00f5es e, \u00e0s vezes, toda uma exist\u00eancia n\u00e3o basta para realizar os reparos precisos de uma hora de ins\u00e2nia e de esquecimento do dever.<\/p>\n<p>                Enquanto h\u00e1 miser\u00e1veis que estendem as m\u00e3os s\u00faplices, cheios de necessidade e de fome, sobram as fartas contribui\u00e7\u00f5es para que os sal\u00f5es se enfeitem e se intensifiquem o olvido de obriga\u00e7\u00f5es sagradas por parte das almas cuja evolu\u00e7\u00e3o depende do cumprimento austero dos deveres sociais e divinos.<\/p>\n<p>                A\u00e7\u00e3o altamente merit\u00f3ria seria a de empregar todas as verbas consumidas em semelhantes festejos, na assist\u00eancia social aos necessitados de um p\u00e3o e de um carinho.<\/p>\n<p>                Ao lado dos mascarados da pseudo alegria, passam os leprosos, os cegos, as crian\u00e7as abandonadas, as m\u00e3es aflitas e sofredoras.<br \/> Por que protelar essa a\u00e7\u00e3o necess\u00e1ria das for\u00e7as conjuntas dos que se preocupam com os problemas nobres da vida, a fim de que se transforme o sup\u00e9rfluo na migalha aben\u00e7oada de p\u00e3o e de carinho que ser\u00e1 a esperan\u00e7a dos que choram e sofrem? Que os nossos irm\u00e3os esp\u00edritas compreendam semelhantes objetivos de nossas despretensiosas opini\u00f5es, colaborando conosco, dentro das suas possibilidades, para que possamos reconstruir e reedificar os costumes para o bem de todas as almas.<\/p>\n<p>                \u00c9 incontest\u00e1vel que a sociedade pode, com o seu livre-arb\u00edtrio coletivo, exibir superfluidades e luxos nababescos, mas, enquanto houver um mendigo abandonado junto de seu fast\u00edgio e de sua grandeza, ela s\u00f3 poder\u00e1 fornecer com isso um eloquente atestado de sua mis\u00e9ria moral .<\/p>\n<p>Emmanuel (esp\u00edrito) Psicografado por Francisco C\u00e2ndido Xavier em Julho de 1939<br \/>\n<\/p>\n<div class=\"pvc_clear\"><\/div>\n<p id=\"pvc_stats_15715\" class=\"pvc_stats all  \" data-element-id=\"15715\" style=\"\"><i class=\"pvc-stats-icon medium\" aria-hidden=\"true\"><svg aria-hidden=\"true\" focusable=\"false\" data-prefix=\"far\" data-icon=\"chart-bar\" role=\"img\" xmlns=\"http:\/\/www.w3.org\/2000\/svg\" viewBox=\"0 0 512 512\" class=\"svg-inline--fa fa-chart-bar fa-w-16 fa-2x\"><path fill=\"currentColor\" d=\"M396.8 352h22.4c6.4 0 12.8-6.4 12.8-12.8V108.8c0-6.4-6.4-12.8-12.8-12.8h-22.4c-6.4 0-12.8 6.4-12.8 12.8v230.4c0 6.4 6.4 12.8 12.8 12.8zm-192 0h22.4c6.4 0 12.8-6.4 12.8-12.8V140.8c0-6.4-6.4-12.8-12.8-12.8h-22.4c-6.4 0-12.8 6.4-12.8 12.8v198.4c0 6.4 6.4 12.8 12.8 12.8zm96 0h22.4c6.4 0 12.8-6.4 12.8-12.8V204.8c0-6.4-6.4-12.8-12.8-12.8h-22.4c-6.4 0-12.8 6.4-12.8 12.8v134.4c0 6.4 6.4 12.8 12.8 12.8zM496 400H48V80c0-8.84-7.16-16-16-16H16C7.16 64 0 71.16 0 80v336c0 17.67 14.33 32 32 32h464c8.84 0 16-7.16 16-16v-16c0-8.84-7.16-16-16-16zm-387.2-48h22.4c6.4 0 12.8-6.4 12.8-12.8v-70.4c0-6.4-6.4-12.8-12.8-12.8h-22.4c-6.4 0-12.8 6.4-12.8 12.8v70.4c0 6.4 6.4 12.8 12.8 12.8z\" class=\"\"><\/path><\/svg><\/i> <img decoding=\"async\" width=\"16\" height=\"16\" alt=\"Loading\" data-src=\"https:\/\/www.centronocaminhodaluz.com.br\/wp-content\/plugins\/page-views-count\/ajax-loader-2x.gif\" border=0 src=\"data:image\/svg+xml;base64,PHN2ZyB3aWR0aD0iMSIgaGVpZ2h0PSIxIiB4bWxucz0iaHR0cDovL3d3dy53My5vcmcvMjAwMC9zdmciPjwvc3ZnPg==\" class=\"lazyload\" style=\"--smush-placeholder-width: 16px; --smush-placeholder-aspect-ratio: 16\/16;\" \/><\/p>\n<div class=\"pvc_clear\"><\/div>\n","protected":false},"excerpt":{"rendered":"<p>Ser\u00e1 que atr\u00e1s do tri el\u00e9trico s\u00f3 n\u00e3o vai quem j\u00e1 morreu \u2013 como diz uma famosa marchinha de carnaval? * O Esp\u00edrita (crist\u00e3o) deve afastar-se de festas lament\u00e1veis, como aquelas que assinalam a passagem do carnaval, inclusive as que se destaquem pelos excessos de gula, desregramento ou manifesta\u00e7\u00f5es exteriores espetaculares. A verdadeira alegria n\u00e3o&hellip; <br \/> <a class=\"read-more\" href=\"https:\/\/www.centronocaminhodaluz.com.br\/index.php\/artigo15715\/\">Leia mais<\/a><\/p>\n<div class=\"pvc_clear\"><\/div>\n<p id=\"pvc_stats_15715\" class=\"pvc_stats all  \" data-element-id=\"15715\" style=\"\"><i class=\"pvc-stats-icon medium\" aria-hidden=\"true\"><svg aria-hidden=\"true\" focusable=\"false\" data-prefix=\"far\" data-icon=\"chart-bar\" role=\"img\" xmlns=\"http:\/\/www.w3.org\/2000\/svg\" viewBox=\"0 0 512 512\" class=\"svg-inline--fa fa-chart-bar fa-w-16 fa-2x\"><path fill=\"currentColor\" d=\"M396.8 352h22.4c6.4 0 12.8-6.4 12.8-12.8V108.8c0-6.4-6.4-12.8-12.8-12.8h-22.4c-6.4 0-12.8 6.4-12.8 12.8v230.4c0 6.4 6.4 12.8 12.8 12.8zm-192 0h22.4c6.4 0 12.8-6.4 12.8-12.8V140.8c0-6.4-6.4-12.8-12.8-12.8h-22.4c-6.4 0-12.8 6.4-12.8 12.8v198.4c0 6.4 6.4 12.8 12.8 12.8zm96 0h22.4c6.4 0 12.8-6.4 12.8-12.8V204.8c0-6.4-6.4-12.8-12.8-12.8h-22.4c-6.4 0-12.8 6.4-12.8 12.8v134.4c0 6.4 6.4 12.8 12.8 12.8zM496 400H48V80c0-8.84-7.16-16-16-16H16C7.16 64 0 71.16 0 80v336c0 17.67 14.33 32 32 32h464c8.84 0 16-7.16 16-16v-16c0-8.84-7.16-16-16-16zm-387.2-48h22.4c6.4 0 12.8-6.4 12.8-12.8v-70.4c0-6.4-6.4-12.8-12.8-12.8h-22.4c-6.4 0-12.8 6.4-12.8 12.8v70.4c0 6.4 6.4 12.8 12.8 12.8z\" class=\"\"><\/path><\/svg><\/i> <img decoding=\"async\" width=\"16\" height=\"16\" alt=\"Loading\" data-src=\"https:\/\/www.centronocaminhodaluz.com.br\/wp-content\/plugins\/page-views-count\/ajax-loader-2x.gif\" border=0 src=\"data:image\/svg+xml;base64,PHN2ZyB3aWR0aD0iMSIgaGVpZ2h0PSIxIiB4bWxucz0iaHR0cDovL3d3dy53My5vcmcvMjAwMC9zdmciPjwvc3ZnPg==\" class=\"lazyload\" style=\"--smush-placeholder-width: 16px; --smush-placeholder-aspect-ratio: 16\/16;\" \/><\/p>\n<div class=\"pvc_clear\"><\/div>\n","protected":false},"author":1,"featured_media":0,"comment_status":"closed","ping_status":"open","sticky":false,"template":"","format":"standard","meta":{"footnotes":""},"categories":[4,16],"tags":[],"class_list":["post-15715","post","type-post","status-publish","format-standard","hentry","category-chico-xavier","category-mensagens-diversas"],"a3_pvc":{"activated":true,"total_views":7956,"today_views":0},"_links":{"self":[{"href":"https:\/\/www.centronocaminhodaluz.com.br\/index.php\/wp-json\/wp\/v2\/posts\/15715","targetHints":{"allow":["GET"]}}],"collection":[{"href":"https:\/\/www.centronocaminhodaluz.com.br\/index.php\/wp-json\/wp\/v2\/posts"}],"about":[{"href":"https:\/\/www.centronocaminhodaluz.com.br\/index.php\/wp-json\/wp\/v2\/types\/post"}],"author":[{"embeddable":true,"href":"https:\/\/www.centronocaminhodaluz.com.br\/index.php\/wp-json\/wp\/v2\/users\/1"}],"replies":[{"embeddable":true,"href":"https:\/\/www.centronocaminhodaluz.com.br\/index.php\/wp-json\/wp\/v2\/comments?post=15715"}],"version-history":[{"count":0,"href":"https:\/\/www.centronocaminhodaluz.com.br\/index.php\/wp-json\/wp\/v2\/posts\/15715\/revisions"}],"wp:attachment":[{"href":"https:\/\/www.centronocaminhodaluz.com.br\/index.php\/wp-json\/wp\/v2\/media?parent=15715"}],"wp:term":[{"taxonomy":"category","embeddable":true,"href":"https:\/\/www.centronocaminhodaluz.com.br\/index.php\/wp-json\/wp\/v2\/categories?post=15715"},{"taxonomy":"post_tag","embeddable":true,"href":"https:\/\/www.centronocaminhodaluz.com.br\/index.php\/wp-json\/wp\/v2\/tags?post=15715"}],"curies":[{"name":"wp","href":"https:\/\/api.w.org\/{rel}","templated":true}]}}