{"id":15843,"date":"2019-04-13T09:12:00","date_gmt":"2019-04-13T09:12:00","guid":{"rendered":"http:\/\/www.centronocaminhodaluz.com.br\/index.php\/artigo15843\/"},"modified":"2019-04-13T09:46:20","modified_gmt":"2019-04-13T12:46:20","slug":"artigo15843","status":"publish","type":"post","link":"https:\/\/www.centronocaminhodaluz.com.br\/index.php\/artigo15843\/","title":{"rendered":"Crian\u00e7as da Nova Era &#8211; Reda\u00e7\u00e3o do Momento Esp\u00edrita"},"content":{"rendered":"<p>Crian\u00e7as da Nova Era<\/p>\n<p>William Maillis, um menino americano de apenas 11 anos, conseguiu um feito excepcional: formou-se como associado em Arte e Letras na Universidade de S\u00e3o Petersburgo, na Fl\u00f3rida.<\/p>\n<p>Em seu blog, o menino declarou que deseja se tornar um astrof\u00edsico e provar, por meio da ci\u00eancia, a exist\u00eancia de Deus.<\/p>\n<p>Maillis \u00e9 o aluno mais jovem a se formar numa faculdade e tem vaga garantida no doutorado da Universidade do sul da Fl\u00f3rida, onde continuar\u00e1 seus estudos de F\u00edsica e Astrof\u00edsica.<\/p>\n<p>Todo mundo recebe dons de Deus.<br \/> Eu fui dotado de habilidade para ci\u00eancia e hist\u00f3ria.<br \/> \u2013 Disse o pequenino g\u00eanio em entrevista.<br \/> E completou:<br \/>\n<br \/>Quero provar que Deus existe, atrav\u00e9s da ci\u00eancia, para que todo mundo possa saber.<\/p>\n<p>*   *   *<br \/>\n<br \/>Nas \u00faltimas d\u00e9cadas, a Terra tem recebido Esp\u00edritos que renascem com miss\u00f5es grandiosas.<\/p>\n<p>Eles t\u00eam a fun\u00e7\u00e3o de serem os novos l\u00edderes, de inspirar aqueles que andam cansados das lutas ou que precisam de motiva\u00e7\u00e3o para, finalmente, seguirem novos rumos em sua caminhada evolutiva.<\/p>\n<p>Destacam-se por serem prod\u00edgios, nessa ou naquela \u00e1rea.<br \/> Mas, principalmente, pelos prop\u00f3sitos elevados que carregam em seu cora\u00e7\u00e3o.<\/p>\n<p>N\u00e3o possuem os v\u00edcios degradantes que tanto t\u00eam atrasado nossos passos.<br \/> N\u00e3o s\u00e3o materialistas.<br \/> Trabalham colaborativamente e n\u00e3o s\u00e3o movidos pela competi\u00e7\u00e3o individualista.<\/p>\n<p>Mostram-se propensos ao bem por natureza, sendo, em muitos casos, exemplos para os pr\u00f3prios pais e familiares.<\/p>\n<p>Temos ouvido refer\u00eancias a respeito do retorno, atrav\u00e9s da reencarna\u00e7\u00e3o, de fil\u00f3sofos, artistas e s\u00e1bios do passado, que viriam auxiliar no processo de renova\u00e7\u00e3o da nossa Terra.<\/p>\n<p>Essa renova\u00e7\u00e3o alardeada desde muito tempo e que afinal est\u00e1 em vias de se concretizar.<\/p>\n<p>Uma Terra diferente.<br \/> Um mundo mais justo.<br \/> Um lugar um pouco mais tranquilo para se viver e progredir.<\/p>\n<p>Entre eles, grandes mission\u00e1rios da ci\u00eancia e da tecnologia, transformando o s\u00e9culo atual em verdadeiro santu\u00e1rio de amor, de beleza, de caridade, de ilumina\u00e7\u00e3o espiritual.<\/p>\n<p>*   *   *<br \/>\n<br \/>Eis o que nos espera nos dias que est\u00e3o chegando!<br \/>\n<br \/>Que possamos todos participar dessa revolu\u00e7\u00e3o ativamente, cada um em sua \u00e1rea, cada um em sua esfera de atua\u00e7\u00e3o.<\/p>\n<p>Se somos os pais, tutores, professores e familiares desses que trazem uma luz maior, que possamos saber lhes preparar o solo, permitindo que desenvolvam seus dons, que lhes abramos os caminhos, humildemente, aprendendo e crescendo com eles.<\/p>\n<p>Fa\u00e7amos esfor\u00e7os especiais, calemos nosso orgulho, nossa vaidade, em favor de um mundo novo, mais compreensivo, onde o bem seja regra; onde o bem seja espont\u00e2neo, onde n\u00e3o mais vivamos \u00e0 merc\u00ea de jogos de interesses dessa ou daquela parte.<\/p>\n<p>Sejamos agentes do amor em todo lugar em que nos encontremos.<\/p>\n<p>Uma grande transforma\u00e7\u00e3o como esta n\u00e3o se d\u00e1 do dia para a noite, n\u00e3o se d\u00e1 atrav\u00e9s de decreto.<\/p>\n<p>S\u00e3o pequenos movimentos que v\u00e3o surgindo, aqui e ali, nos lares, nas comunidades, nas sociedades, que proporcionam a mudan\u00e7a gradual e definitiva.<\/p>\n<p>Em breve, a Terra n\u00e3o ser\u00e1 mais a mesma.<\/p>\n<p>O bem tomar\u00e1 seu espa\u00e7o.<br \/> E que seja atrav\u00e9s de cada um de n\u00f3s.<\/p>\n<p>Reda\u00e7\u00e3o do Momento Esp\u00edrita, com base em reportagem<br \/>\n<br \/>do site Portal Ra\u00edzes, de 29 de agosto de 2018 e no cap.<br \/> 16,<br \/>\n<br \/>do livro Transi\u00e7\u00e3o Planet\u00e1ria, pelo Esp\u00edrito Manoel Philomeno<br \/>\n<br \/>de Miranda, psicografia de Divaldo Pereira Franco, ed.<br \/> FEP.<\/p>\n<p>Em 5.<br \/>4.<br \/>2019.<\/p>\n<div class=\"pvc_clear\"><\/div>\n<p id=\"pvc_stats_15843\" class=\"pvc_stats all  \" data-element-id=\"15843\" style=\"\"><i class=\"pvc-stats-icon medium\" aria-hidden=\"true\"><svg aria-hidden=\"true\" focusable=\"false\" data-prefix=\"far\" data-icon=\"chart-bar\" role=\"img\" xmlns=\"http:\/\/www.w3.org\/2000\/svg\" viewBox=\"0 0 512 512\" class=\"svg-inline--fa fa-chart-bar fa-w-16 fa-2x\"><path fill=\"currentColor\" d=\"M396.8 352h22.4c6.4 0 12.8-6.4 12.8-12.8V108.8c0-6.4-6.4-12.8-12.8-12.8h-22.4c-6.4 0-12.8 6.4-12.8 12.8v230.4c0 6.4 6.4 12.8 12.8 12.8zm-192 0h22.4c6.4 0 12.8-6.4 12.8-12.8V140.8c0-6.4-6.4-12.8-12.8-12.8h-22.4c-6.4 0-12.8 6.4-12.8 12.8v198.4c0 6.4 6.4 12.8 12.8 12.8zm96 0h22.4c6.4 0 12.8-6.4 12.8-12.8V204.8c0-6.4-6.4-12.8-12.8-12.8h-22.4c-6.4 0-12.8 6.4-12.8 12.8v134.4c0 6.4 6.4 12.8 12.8 12.8zM496 400H48V80c0-8.84-7.16-16-16-16H16C7.16 64 0 71.16 0 80v336c0 17.67 14.33 32 32 32h464c8.84 0 16-7.16 16-16v-16c0-8.84-7.16-16-16-16zm-387.2-48h22.4c6.4 0 12.8-6.4 12.8-12.8v-70.4c0-6.4-6.4-12.8-12.8-12.8h-22.4c-6.4 0-12.8 6.4-12.8 12.8v70.4c0 6.4 6.4 12.8 12.8 12.8z\" class=\"\"><\/path><\/svg><\/i> <img decoding=\"async\" width=\"16\" height=\"16\" alt=\"Loading\" data-src=\"https:\/\/www.centronocaminhodaluz.com.br\/wp-content\/plugins\/page-views-count\/ajax-loader-2x.gif\" border=0 src=\"data:image\/svg+xml;base64,PHN2ZyB3aWR0aD0iMSIgaGVpZ2h0PSIxIiB4bWxucz0iaHR0cDovL3d3dy53My5vcmcvMjAwMC9zdmciPjwvc3ZnPg==\" class=\"lazyload\" style=\"--smush-placeholder-width: 16px; --smush-placeholder-aspect-ratio: 16\/16;\" \/><\/p>\n<div class=\"pvc_clear\"><\/div>\n","protected":false},"excerpt":{"rendered":"<p>Crian\u00e7as da Nova Era William Maillis, um menino americano de apenas 11 anos, conseguiu um feito excepcional: formou-se como associado em Arte e Letras na Universidade de S\u00e3o Petersburgo, na Fl\u00f3rida. Em seu blog, o menino declarou que deseja se tornar um astrof\u00edsico e provar, por meio da ci\u00eancia, a exist\u00eancia de Deus. Maillis \u00e9&hellip; <br \/> <a class=\"read-more\" href=\"https:\/\/www.centronocaminhodaluz.com.br\/index.php\/artigo15843\/\">Leia mais<\/a><\/p>\n<div class=\"pvc_clear\"><\/div>\n<p id=\"pvc_stats_15843\" class=\"pvc_stats all  \" data-element-id=\"15843\" style=\"\"><i class=\"pvc-stats-icon medium\" aria-hidden=\"true\"><svg aria-hidden=\"true\" focusable=\"false\" data-prefix=\"far\" data-icon=\"chart-bar\" role=\"img\" xmlns=\"http:\/\/www.w3.org\/2000\/svg\" viewBox=\"0 0 512 512\" class=\"svg-inline--fa fa-chart-bar fa-w-16 fa-2x\"><path fill=\"currentColor\" d=\"M396.8 352h22.4c6.4 0 12.8-6.4 12.8-12.8V108.8c0-6.4-6.4-12.8-12.8-12.8h-22.4c-6.4 0-12.8 6.4-12.8 12.8v230.4c0 6.4 6.4 12.8 12.8 12.8zm-192 0h22.4c6.4 0 12.8-6.4 12.8-12.8V140.8c0-6.4-6.4-12.8-12.8-12.8h-22.4c-6.4 0-12.8 6.4-12.8 12.8v198.4c0 6.4 6.4 12.8 12.8 12.8zm96 0h22.4c6.4 0 12.8-6.4 12.8-12.8V204.8c0-6.4-6.4-12.8-12.8-12.8h-22.4c-6.4 0-12.8 6.4-12.8 12.8v134.4c0 6.4 6.4 12.8 12.8 12.8zM496 400H48V80c0-8.84-7.16-16-16-16H16C7.16 64 0 71.16 0 80v336c0 17.67 14.33 32 32 32h464c8.84 0 16-7.16 16-16v-16c0-8.84-7.16-16-16-16zm-387.2-48h22.4c6.4 0 12.8-6.4 12.8-12.8v-70.4c0-6.4-6.4-12.8-12.8-12.8h-22.4c-6.4 0-12.8 6.4-12.8 12.8v70.4c0 6.4 6.4 12.8 12.8 12.8z\" class=\"\"><\/path><\/svg><\/i> <img decoding=\"async\" width=\"16\" height=\"16\" alt=\"Loading\" data-src=\"https:\/\/www.centronocaminhodaluz.com.br\/wp-content\/plugins\/page-views-count\/ajax-loader-2x.gif\" border=0 src=\"data:image\/svg+xml;base64,PHN2ZyB3aWR0aD0iMSIgaGVpZ2h0PSIxIiB4bWxucz0iaHR0cDovL3d3dy53My5vcmcvMjAwMC9zdmciPjwvc3ZnPg==\" class=\"lazyload\" style=\"--smush-placeholder-width: 16px; --smush-placeholder-aspect-ratio: 16\/16;\" \/><\/p>\n<div class=\"pvc_clear\"><\/div>\n","protected":false},"author":1,"featured_media":0,"comment_status":"closed","ping_status":"open","sticky":false,"template":"","format":"standard","meta":{"footnotes":""},"categories":[16],"tags":[],"class_list":["post-15843","post","type-post","status-publish","format-standard","hentry","category-mensagens-diversas"],"a3_pvc":{"activated":true,"total_views":1894,"today_views":0},"_links":{"self":[{"href":"https:\/\/www.centronocaminhodaluz.com.br\/index.php\/wp-json\/wp\/v2\/posts\/15843","targetHints":{"allow":["GET"]}}],"collection":[{"href":"https:\/\/www.centronocaminhodaluz.com.br\/index.php\/wp-json\/wp\/v2\/posts"}],"about":[{"href":"https:\/\/www.centronocaminhodaluz.com.br\/index.php\/wp-json\/wp\/v2\/types\/post"}],"author":[{"embeddable":true,"href":"https:\/\/www.centronocaminhodaluz.com.br\/index.php\/wp-json\/wp\/v2\/users\/1"}],"replies":[{"embeddable":true,"href":"https:\/\/www.centronocaminhodaluz.com.br\/index.php\/wp-json\/wp\/v2\/comments?post=15843"}],"version-history":[{"count":0,"href":"https:\/\/www.centronocaminhodaluz.com.br\/index.php\/wp-json\/wp\/v2\/posts\/15843\/revisions"}],"wp:attachment":[{"href":"https:\/\/www.centronocaminhodaluz.com.br\/index.php\/wp-json\/wp\/v2\/media?parent=15843"}],"wp:term":[{"taxonomy":"category","embeddable":true,"href":"https:\/\/www.centronocaminhodaluz.com.br\/index.php\/wp-json\/wp\/v2\/categories?post=15843"},{"taxonomy":"post_tag","embeddable":true,"href":"https:\/\/www.centronocaminhodaluz.com.br\/index.php\/wp-json\/wp\/v2\/tags?post=15843"}],"curies":[{"name":"wp","href":"https:\/\/api.w.org\/{rel}","templated":true}]}}