{"id":167,"date":"2015-09-10T16:08:00","date_gmt":"2015-09-10T16:08:00","guid":{"rendered":"http:\/\/www.centronocaminhodaluz.com.br\/index.php\/2015\/09\/10\/babilonia-acabou-e-ja-foi-tarde-pedro-fagundes-aevedo\/"},"modified":"2016-02-10T10:54:40","modified_gmt":"2016-02-10T12:54:40","slug":"artigo167","status":"publish","type":"post","link":"https:\/\/www.centronocaminhodaluz.com.br\/index.php\/artigo167\/","title":{"rendered":"Babil\u00f4nia acabou e j\u00e1 foi tarde &#8211; Pedro Fagundes Aevedo"},"content":{"rendered":"<p><a name=more><\/a>&nbsp;&nbsp;&nbsp;&nbsp;&nbsp;<a href=http:\/\/wwww.centronocaminhodaluz.com.br\/ target=_blank><img src=http:\/\/cecal.centronocaminhodaluz.com.br\/templates\/business-portal\/images\/logo.gif \/><\/a>  &nbsp;&nbsp;&nbsp;&nbsp;&nbsp;<a href=http:\/\/cecal.centronocaminhodaluz.com.br\/bloguer\/pdf.asp?site=cecal&amp; target=_blank><img src=http:\/\/cecal.centronocaminhodaluz.com.br\/bloguer\/pdf_button.png \/><\/a>  Pedro Fagundes Aevedo Contribui\u00e7\u00e3o de Pedro <\/p>\n<p>Come\u00e7ou mal, com a escolha do nome, acabou antes da hora e, mesmo assim, o folhetim j\u00e1 foi tarde. Babil\u00f4nia \u00e9 um termo usado na B\u00edblia, principalmente no livro prof\u00e9tico de Apocalipse,  como s\u00edmbolo de pervers\u00e3o e abomina\u00e7\u00e3o  de tudo aquilo que se op\u00f5e contra os princ\u00edpios estabelecidos por Deus para uma vida tranquila e  sadia. E a novela, desde sua estreia em 16 de mar\u00e7o, at\u00e9 o \u00faltimo capitulo dia 28 de agosto,  se revelou a     mais problem\u00e1tica de toda a hist\u00f3ria da Globo. Sofreu com uma audi\u00eancia muito abaixo da m\u00e9dia do hor\u00e1rio, resultante da not\u00f3ria rejei\u00e7\u00e3o de boa parte do p\u00fablico a figuras centrais  de seu enredo.  <br \/>Sua trama envolvia uma grande mistura de pervers\u00f5es e abomina\u00e7\u00f5es, como trai\u00e7\u00f5es, assassinatos, gan\u00e2ncia, superdimensionamento do relacionamento homossexual entre duas idosas e assim por diante. Come\u00e7ou com uma mulher matando o amante a sangue frio para que ele, motorista de seu noivo, n\u00e3o atrapalhasse seu futuro casamento. E continuou com o pol\u00edtico corrupto que enganava a fam\u00edlia  inteira , planejando como ficar ainda mais rico de forma il\u00edcita. Mais o filho que finge para a m\u00e3e que \u00e9 bem sucedido honestamente, quando, na verdade, est\u00e1 envolvido com uma rede de prostitui\u00e7\u00e3o. E assim por diante.  N\u00e3o tinha her\u00f3is para a gente torcer por eles. As duas principais protagonistas se digladiavam o tempo todo com as maiores  vilanias jamais imaginadas pelas mentes mais doentias.  <br \/>O resultado foi que a audi\u00eancia caiu a n\u00edveis inferiores aos da novela das 19 horas. Para atrair de volta esse p\u00fablico, o enredo que j\u00e1 era tenebroso piorou ainda mais depois que os autores reescreveram tramas, mudaram radicalmente o perfil de alguns personagens e mandaram muita coisa para o lixo, onde deveria ter ficado a maior parte de Babil\u00f4nia. A prop\u00f3sito, a literatura medi\u00fanica esclarece que os autores, ao escreverem esses conflitos diab\u00f3licos, t\u00eam suas mentes sintonizadas com seres do astral inferior, interessados no atraso da humanidade terrestre.  <br \/>Sem esperan\u00e7as na revers\u00e3o de resultados e perdendo anunciantes cap\u00edtulo a cap\u00edtulo, a dire\u00e7\u00e3o da Globo resolveu antecipar em mais de um m\u00eas o final dessa trapalhada toda. Era para terminar no in\u00edcio de outubro, mas sucumbiu antecipadamente.  Gra\u00e7as a Deus.  <\/p>\n<div class=\"pvc_clear\"><\/div>\n<p id=\"pvc_stats_167\" class=\"pvc_stats all  \" data-element-id=\"167\" style=\"\"><i class=\"pvc-stats-icon medium\" aria-hidden=\"true\"><svg aria-hidden=\"true\" focusable=\"false\" data-prefix=\"far\" data-icon=\"chart-bar\" role=\"img\" xmlns=\"http:\/\/www.w3.org\/2000\/svg\" viewBox=\"0 0 512 512\" class=\"svg-inline--fa fa-chart-bar fa-w-16 fa-2x\"><path fill=\"currentColor\" d=\"M396.8 352h22.4c6.4 0 12.8-6.4 12.8-12.8V108.8c0-6.4-6.4-12.8-12.8-12.8h-22.4c-6.4 0-12.8 6.4-12.8 12.8v230.4c0 6.4 6.4 12.8 12.8 12.8zm-192 0h22.4c6.4 0 12.8-6.4 12.8-12.8V140.8c0-6.4-6.4-12.8-12.8-12.8h-22.4c-6.4 0-12.8 6.4-12.8 12.8v198.4c0 6.4 6.4 12.8 12.8 12.8zm96 0h22.4c6.4 0 12.8-6.4 12.8-12.8V204.8c0-6.4-6.4-12.8-12.8-12.8h-22.4c-6.4 0-12.8 6.4-12.8 12.8v134.4c0 6.4 6.4 12.8 12.8 12.8zM496 400H48V80c0-8.84-7.16-16-16-16H16C7.16 64 0 71.16 0 80v336c0 17.67 14.33 32 32 32h464c8.84 0 16-7.16 16-16v-16c0-8.84-7.16-16-16-16zm-387.2-48h22.4c6.4 0 12.8-6.4 12.8-12.8v-70.4c0-6.4-6.4-12.8-12.8-12.8h-22.4c-6.4 0-12.8 6.4-12.8 12.8v70.4c0 6.4 6.4 12.8 12.8 12.8z\" class=\"\"><\/path><\/svg><\/i> <img decoding=\"async\" width=\"16\" height=\"16\" alt=\"Loading\" data-src=\"https:\/\/www.centronocaminhodaluz.com.br\/wp-content\/plugins\/page-views-count\/ajax-loader-2x.gif\" border=0 src=\"data:image\/svg+xml;base64,PHN2ZyB3aWR0aD0iMSIgaGVpZ2h0PSIxIiB4bWxucz0iaHR0cDovL3d3dy53My5vcmcvMjAwMC9zdmciPjwvc3ZnPg==\" class=\"lazyload\" style=\"--smush-placeholder-width: 16px; --smush-placeholder-aspect-ratio: 16\/16;\" \/><\/p>\n<div class=\"pvc_clear\"><\/div>\n","protected":false},"excerpt":{"rendered":"<p>&nbsp;&nbsp;&nbsp;&nbsp;&nbsp; &nbsp;&nbsp;&nbsp;&nbsp;&nbsp; Pedro Fagundes Aevedo Contribui\u00e7\u00e3o de Pedro Come\u00e7ou mal, com a escolha do nome, acabou antes da hora e, mesmo assim, o folhetim j\u00e1 foi tarde. Babil\u00f4nia \u00e9 um termo usado na B\u00edblia, principalmente no livro prof\u00e9tico de Apocalipse, como s\u00edmbolo de pervers\u00e3o e abomina\u00e7\u00e3o de tudo aquilo que se op\u00f5e contra os princ\u00edpios&hellip; <br \/> <a class=\"read-more\" href=\"https:\/\/www.centronocaminhodaluz.com.br\/index.php\/artigo167\/\">Leia mais<\/a><\/p>\n<div class=\"pvc_clear\"><\/div>\n<p id=\"pvc_stats_167\" class=\"pvc_stats all  \" data-element-id=\"167\" style=\"\"><i class=\"pvc-stats-icon medium\" aria-hidden=\"true\"><svg aria-hidden=\"true\" focusable=\"false\" data-prefix=\"far\" data-icon=\"chart-bar\" role=\"img\" xmlns=\"http:\/\/www.w3.org\/2000\/svg\" viewBox=\"0 0 512 512\" class=\"svg-inline--fa fa-chart-bar fa-w-16 fa-2x\"><path fill=\"currentColor\" d=\"M396.8 352h22.4c6.4 0 12.8-6.4 12.8-12.8V108.8c0-6.4-6.4-12.8-12.8-12.8h-22.4c-6.4 0-12.8 6.4-12.8 12.8v230.4c0 6.4 6.4 12.8 12.8 12.8zm-192 0h22.4c6.4 0 12.8-6.4 12.8-12.8V140.8c0-6.4-6.4-12.8-12.8-12.8h-22.4c-6.4 0-12.8 6.4-12.8 12.8v198.4c0 6.4 6.4 12.8 12.8 12.8zm96 0h22.4c6.4 0 12.8-6.4 12.8-12.8V204.8c0-6.4-6.4-12.8-12.8-12.8h-22.4c-6.4 0-12.8 6.4-12.8 12.8v134.4c0 6.4 6.4 12.8 12.8 12.8zM496 400H48V80c0-8.84-7.16-16-16-16H16C7.16 64 0 71.16 0 80v336c0 17.67 14.33 32 32 32h464c8.84 0 16-7.16 16-16v-16c0-8.84-7.16-16-16-16zm-387.2-48h22.4c6.4 0 12.8-6.4 12.8-12.8v-70.4c0-6.4-6.4-12.8-12.8-12.8h-22.4c-6.4 0-12.8 6.4-12.8 12.8v70.4c0 6.4 6.4 12.8 12.8 12.8z\" class=\"\"><\/path><\/svg><\/i> <img decoding=\"async\" width=\"16\" height=\"16\" alt=\"Loading\" data-src=\"https:\/\/www.centronocaminhodaluz.com.br\/wp-content\/plugins\/page-views-count\/ajax-loader-2x.gif\" border=0 src=\"data:image\/svg+xml;base64,PHN2ZyB3aWR0aD0iMSIgaGVpZ2h0PSIxIiB4bWxucz0iaHR0cDovL3d3dy53My5vcmcvMjAwMC9zdmciPjwvc3ZnPg==\" class=\"lazyload\" style=\"--smush-placeholder-width: 16px; --smush-placeholder-aspect-ratio: 16\/16;\" \/><\/p>\n<div class=\"pvc_clear\"><\/div>\n","protected":false},"author":1,"featured_media":0,"comment_status":"closed","ping_status":"open","sticky":false,"template":"","format":"standard","meta":{"footnotes":""},"categories":[9,16],"tags":[],"class_list":["post-167","post","type-post","status-publish","format-standard","hentry","category-pedro-fagundes-azevedo","category-mensagens-diversas"],"a3_pvc":{"activated":true,"total_views":1181,"today_views":0},"_links":{"self":[{"href":"https:\/\/www.centronocaminhodaluz.com.br\/index.php\/wp-json\/wp\/v2\/posts\/167","targetHints":{"allow":["GET"]}}],"collection":[{"href":"https:\/\/www.centronocaminhodaluz.com.br\/index.php\/wp-json\/wp\/v2\/posts"}],"about":[{"href":"https:\/\/www.centronocaminhodaluz.com.br\/index.php\/wp-json\/wp\/v2\/types\/post"}],"author":[{"embeddable":true,"href":"https:\/\/www.centronocaminhodaluz.com.br\/index.php\/wp-json\/wp\/v2\/users\/1"}],"replies":[{"embeddable":true,"href":"https:\/\/www.centronocaminhodaluz.com.br\/index.php\/wp-json\/wp\/v2\/comments?post=167"}],"version-history":[{"count":0,"href":"https:\/\/www.centronocaminhodaluz.com.br\/index.php\/wp-json\/wp\/v2\/posts\/167\/revisions"}],"wp:attachment":[{"href":"https:\/\/www.centronocaminhodaluz.com.br\/index.php\/wp-json\/wp\/v2\/media?parent=167"}],"wp:term":[{"taxonomy":"category","embeddable":true,"href":"https:\/\/www.centronocaminhodaluz.com.br\/index.php\/wp-json\/wp\/v2\/categories?post=167"},{"taxonomy":"post_tag","embeddable":true,"href":"https:\/\/www.centronocaminhodaluz.com.br\/index.php\/wp-json\/wp\/v2\/tags?post=167"}],"curies":[{"name":"wp","href":"https:\/\/api.w.org\/{rel}","templated":true}]}}