{"id":18967,"date":"2022-07-01T09:12:00","date_gmt":"2022-07-01T09:12:00","guid":{"rendered":""},"modified":"2022-07-01T09:12:00","modified_gmt":"2022-07-01T09:12:00","slug":"artigo18967","status":"publish","type":"post","link":"https:\/\/www.centronocaminhodaluz.com.br\/index.php\/artigo18967\/","title":{"rendered":"Como um menino&#8230; &#8211; Reda\u00e7\u00e3o do Momento Esp\u00edrita"},"content":{"rendered":"<p>Em tempos de guerras e viol\u00eancias urbanas, de tantos quereres, em tempos em que muitos desconsideram a escola, a instru\u00e7\u00e3o, a fam\u00edlia, alguns fatos nos levam a reconsiderar nossa maneira de ver o mundo.<\/p>\n<p>Na capital cearense, pr\u00f3ximo \u00e0 casa, a fam\u00edlia sofreu um assalto.<\/p>\n<p>E o que mais desgostou o menino, de apenas seis anos, ao chegar em casa, foi perceber que a sua mochila, com todo seu material escolar, tamb\u00e9m fora levada pelo assaltante.<\/p>\n<p>Desejando, ardentemente, que ela lhe fosse devolvida, porque queria fazer a atividade escolar, ele recorreu a quem, sem d\u00favida, resolveria a quest\u00e3o.<\/p>\n<p>N\u00e3o pensou que a pol\u00edcia pudesse, em algum momento, encontrar o ladr\u00e3o e lhe devolver a mochila.<br \/> N\u00e3o pensou que seu pai poderia fazer um apelo pelas redes sociais e, quem sabe, conseguir a devolu\u00e7\u00e3o.<\/p>\n<p>Ele pensou em Algu\u00e9m em Quem aprendeu a depositar sua f\u00e9.<br \/> Uma f\u00e9, que pode ter trazido, dentro de si, ao renascer.<br \/> Mas, que, com certeza, foi alimentada pelos pais, desde o ber\u00e7o.<\/p>\n<p>Ele foi fazer a sua rogativa a Jesus, pedindo que Ele dissesse ao rapaz que levara sua mochila que a devolvesse.<br \/> Ele precisava do seu material.<\/p>\n<p>E logo.<br \/> Porque tinha dever de casa para fazer.<\/p>\n<p>Um pedido muito simples, sem palavras dif\u00edceis nem longos coment\u00e1rios.<\/p>\n<p>Ent\u00e3o, um telefonema ao pai do garoto informou que a mochila fora encontrada e que, no dia seguinte, seria entregue no col\u00e9gio.<\/p>\n<p>Bem, Jesus n\u00e3o conseguiu que ela chegasse no mesmo dia.<br \/> Mas, Daniel entendeu que a sua rogativa fora atendida.<\/p>\n<p>Quem pensa que tudo acabou por aqui, se engana.<br \/> Se aquele cora\u00e7\u00e3o de menino era portador de f\u00e9, tamb\u00e9m nele brotava robusta a \u00e1rvore da gratid\u00e3o.<\/p>\n<p>E foi desejando agradecer que ele resolveu ofertar ao amigo algo que ele pr\u00f3prio gosta muito: uma ma\u00e7\u00e3.<\/p>\n<p>Deixou a fruta sobre a mesa, no local de ora\u00e7\u00f5es da escola, com uma cartinha dentro de um envelope:<\/p>\n<p>Obrigada, Jesus, por atender a minha prece.<br \/> Espero que goste da ma\u00e7\u00e3.<br \/> Daniel.<\/p>\n<p>Enquanto o relato nos emociona, por descobrir tanta inoc\u00eancia num cora\u00e7\u00e3o de menino, cogitamos de quanto seria bom se tiv\u00e9ssemos f\u00e9 semelhante.<\/p>\n<p>Uma f\u00e9 que n\u00e3o tem somente o tamanho de um gr\u00e3o de mostarda.<br \/> \u00c9 bem maior.<\/p>\n<p>E nos fala, igualmente, do poder da ora\u00e7\u00e3o.<br \/> Uma ora\u00e7\u00e3o que, dirigida aos c\u00e9us, encontrou eco e, de alguma forma, chegou ao cora\u00e7\u00e3o de quem tudo levara no assalto.<\/p>\n<p>Ter\u00e1 jogado a mochila em alguma casa pr\u00f3xima da escola? Ter\u00e1 sido simplesmente porque descobrira nada ali ter valor para si?<\/p>\n<p>Os que sabemos do quanto atuam os Esp\u00edritos em nossos pensamentos, bem podemos crer que um mensageiro do bem lhe tenha dado a ideia de se desfazer daquela mochila, de devolv\u00ea-la.<\/p>\n<p>Por fim, registre-se a atitude do garoto ao receber de volta o seu tesouro.<br \/> Ele n\u00e3o comemora simplesmente, ele deseja demonstrar a sua gratid\u00e3o.<\/p>\n<p>E o que, em sua mente, tem de melhor, aquilo de que mais gosta, oferece ao amigo.<\/p>\n<p>Um amigo real, com quem ele pode contar, sempre.<\/p>\n<p>Bem asseverou Jesus que para adentrar o reino dos c\u00e9us devemos nos assemelhar a um menino.<\/p>\n<p>Um menino.<br \/> Qualquer menino inocente, portador de f\u00e9 e de gratid\u00e3o.<\/p>\n<p>Reda\u00e7\u00e3o do Momento Esp\u00edrita, com narrativa de fato<br \/>\n<br \/> ocorrido em Fortaleza, Cear\u00e1, com o garoto Daniel Oliveira.<\/p>\n<p>Em 27.<br \/>6.<br \/>2022.<\/p>\n<div class=\"pvc_clear\"><\/div>\n<p id=\"pvc_stats_18967\" class=\"pvc_stats all  \" data-element-id=\"18967\" style=\"\"><i class=\"pvc-stats-icon medium\" aria-hidden=\"true\"><svg aria-hidden=\"true\" focusable=\"false\" data-prefix=\"far\" data-icon=\"chart-bar\" role=\"img\" xmlns=\"http:\/\/www.w3.org\/2000\/svg\" viewBox=\"0 0 512 512\" class=\"svg-inline--fa fa-chart-bar fa-w-16 fa-2x\"><path fill=\"currentColor\" d=\"M396.8 352h22.4c6.4 0 12.8-6.4 12.8-12.8V108.8c0-6.4-6.4-12.8-12.8-12.8h-22.4c-6.4 0-12.8 6.4-12.8 12.8v230.4c0 6.4 6.4 12.8 12.8 12.8zm-192 0h22.4c6.4 0 12.8-6.4 12.8-12.8V140.8c0-6.4-6.4-12.8-12.8-12.8h-22.4c-6.4 0-12.8 6.4-12.8 12.8v198.4c0 6.4 6.4 12.8 12.8 12.8zm96 0h22.4c6.4 0 12.8-6.4 12.8-12.8V204.8c0-6.4-6.4-12.8-12.8-12.8h-22.4c-6.4 0-12.8 6.4-12.8 12.8v134.4c0 6.4 6.4 12.8 12.8 12.8zM496 400H48V80c0-8.84-7.16-16-16-16H16C7.16 64 0 71.16 0 80v336c0 17.67 14.33 32 32 32h464c8.84 0 16-7.16 16-16v-16c0-8.84-7.16-16-16-16zm-387.2-48h22.4c6.4 0 12.8-6.4 12.8-12.8v-70.4c0-6.4-6.4-12.8-12.8-12.8h-22.4c-6.4 0-12.8 6.4-12.8 12.8v70.4c0 6.4 6.4 12.8 12.8 12.8z\" class=\"\"><\/path><\/svg><\/i> <img decoding=\"async\" width=\"16\" height=\"16\" alt=\"Loading\" data-src=\"https:\/\/www.centronocaminhodaluz.com.br\/wp-content\/plugins\/page-views-count\/ajax-loader-2x.gif\" border=0 src=\"data:image\/svg+xml;base64,PHN2ZyB3aWR0aD0iMSIgaGVpZ2h0PSIxIiB4bWxucz0iaHR0cDovL3d3dy53My5vcmcvMjAwMC9zdmciPjwvc3ZnPg==\" class=\"lazyload\" style=\"--smush-placeholder-width: 16px; --smush-placeholder-aspect-ratio: 16\/16;\" \/><\/p>\n<div class=\"pvc_clear\"><\/div>\n","protected":false},"excerpt":{"rendered":"<p>Em tempos de guerras e viol\u00eancias urbanas, de tantos quereres, em tempos em que muitos desconsideram a escola, a instru\u00e7\u00e3o, a fam\u00edlia, alguns fatos nos levam a reconsiderar nossa maneira de ver o mundo. Na capital cearense, pr\u00f3ximo \u00e0 casa, a fam\u00edlia sofreu um assalto. E o que mais desgostou o menino, de apenas seis&hellip; <br \/> <a class=\"read-more\" href=\"https:\/\/www.centronocaminhodaluz.com.br\/index.php\/artigo18967\/\">Leia mais<\/a><\/p>\n<div class=\"pvc_clear\"><\/div>\n<p id=\"pvc_stats_18967\" class=\"pvc_stats all  \" data-element-id=\"18967\" style=\"\"><i class=\"pvc-stats-icon medium\" aria-hidden=\"true\"><svg aria-hidden=\"true\" focusable=\"false\" data-prefix=\"far\" data-icon=\"chart-bar\" role=\"img\" xmlns=\"http:\/\/www.w3.org\/2000\/svg\" viewBox=\"0 0 512 512\" class=\"svg-inline--fa fa-chart-bar fa-w-16 fa-2x\"><path fill=\"currentColor\" d=\"M396.8 352h22.4c6.4 0 12.8-6.4 12.8-12.8V108.8c0-6.4-6.4-12.8-12.8-12.8h-22.4c-6.4 0-12.8 6.4-12.8 12.8v230.4c0 6.4 6.4 12.8 12.8 12.8zm-192 0h22.4c6.4 0 12.8-6.4 12.8-12.8V140.8c0-6.4-6.4-12.8-12.8-12.8h-22.4c-6.4 0-12.8 6.4-12.8 12.8v198.4c0 6.4 6.4 12.8 12.8 12.8zm96 0h22.4c6.4 0 12.8-6.4 12.8-12.8V204.8c0-6.4-6.4-12.8-12.8-12.8h-22.4c-6.4 0-12.8 6.4-12.8 12.8v134.4c0 6.4 6.4 12.8 12.8 12.8zM496 400H48V80c0-8.84-7.16-16-16-16H16C7.16 64 0 71.16 0 80v336c0 17.67 14.33 32 32 32h464c8.84 0 16-7.16 16-16v-16c0-8.84-7.16-16-16-16zm-387.2-48h22.4c6.4 0 12.8-6.4 12.8-12.8v-70.4c0-6.4-6.4-12.8-12.8-12.8h-22.4c-6.4 0-12.8 6.4-12.8 12.8v70.4c0 6.4 6.4 12.8 12.8 12.8z\" class=\"\"><\/path><\/svg><\/i> <img decoding=\"async\" width=\"16\" height=\"16\" alt=\"Loading\" data-src=\"https:\/\/www.centronocaminhodaluz.com.br\/wp-content\/plugins\/page-views-count\/ajax-loader-2x.gif\" border=0 src=\"data:image\/svg+xml;base64,PHN2ZyB3aWR0aD0iMSIgaGVpZ2h0PSIxIiB4bWxucz0iaHR0cDovL3d3dy53My5vcmcvMjAwMC9zdmciPjwvc3ZnPg==\" class=\"lazyload\" style=\"--smush-placeholder-width: 16px; --smush-placeholder-aspect-ratio: 16\/16;\" \/><\/p>\n<div class=\"pvc_clear\"><\/div>\n","protected":false},"author":1,"featured_media":0,"comment_status":"Closed","ping_status":"open","sticky":false,"template":"","format":"standard","meta":{"footnotes":""},"categories":[16],"tags":[],"class_list":["post-18967","post","type-post","status-publish","format-standard","hentry","category-mensagens-diversas"],"a3_pvc":{"activated":true,"total_views":336,"today_views":0},"_links":{"self":[{"href":"https:\/\/www.centronocaminhodaluz.com.br\/index.php\/wp-json\/wp\/v2\/posts\/18967","targetHints":{"allow":["GET"]}}],"collection":[{"href":"https:\/\/www.centronocaminhodaluz.com.br\/index.php\/wp-json\/wp\/v2\/posts"}],"about":[{"href":"https:\/\/www.centronocaminhodaluz.com.br\/index.php\/wp-json\/wp\/v2\/types\/post"}],"author":[{"embeddable":true,"href":"https:\/\/www.centronocaminhodaluz.com.br\/index.php\/wp-json\/wp\/v2\/users\/1"}],"replies":[{"embeddable":true,"href":"https:\/\/www.centronocaminhodaluz.com.br\/index.php\/wp-json\/wp\/v2\/comments?post=18967"}],"version-history":[{"count":0,"href":"https:\/\/www.centronocaminhodaluz.com.br\/index.php\/wp-json\/wp\/v2\/posts\/18967\/revisions"}],"wp:attachment":[{"href":"https:\/\/www.centronocaminhodaluz.com.br\/index.php\/wp-json\/wp\/v2\/media?parent=18967"}],"wp:term":[{"taxonomy":"category","embeddable":true,"href":"https:\/\/www.centronocaminhodaluz.com.br\/index.php\/wp-json\/wp\/v2\/categories?post=18967"},{"taxonomy":"post_tag","embeddable":true,"href":"https:\/\/www.centronocaminhodaluz.com.br\/index.php\/wp-json\/wp\/v2\/tags?post=18967"}],"curies":[{"name":"wp","href":"https:\/\/api.w.org\/{rel}","templated":true}]}}