{"id":18976,"date":"2022-07-08T10:12:00","date_gmt":"2022-07-08T10:12:00","guid":{"rendered":""},"modified":"2022-07-08T10:12:00","modified_gmt":"2022-07-08T10:12:00","slug":"artigo18976","status":"publish","type":"post","link":"https:\/\/www.centronocaminhodaluz.com.br\/index.php\/artigo18976\/","title":{"rendered":"Conhecendo-se&#8230; &#8211; Reda\u00e7\u00e3o do Momento Esp\u00edrita"},"content":{"rendered":"<p>Quais s\u00e3o suas maiores preocupa\u00e7\u00f5es nos dias de hoje?<\/p>\n<p>Talvez a esta pergunta voc\u00ea responda que \u00e9 a educa\u00e7\u00e3o dos filhos.<br \/> Ou poder\u00e1 afirmar ser a viol\u00eancia na sociedade.<br \/> Haver\u00e1, ainda, quem responda ser a manuten\u00e7\u00e3o do emprego.<\/p>\n<p>\u00c9 verdade que os desafios da vida e seus naturais compromissos nos empurram para um mar de preocupa\u00e7\u00f5es com as coisas do mundo.<\/p>\n<p>Qualquer uma delas nos exige tempo e energia.<br \/> Tempo para reflexionar sobre como nos comportamos, envolvidos por elas.<br \/> Energia para tentarmos equacionar as mais urgentes.<\/p>\n<p>As responsabilidades da vida s\u00e3o impositivos que nos estimulam ao progresso, ao aprendizado, a novas conquistas intelectuais e morais.<\/p>\n<p>Por\u00e9m, algum de n\u00f3s diria que uma de nossas maiores preocupa\u00e7\u00f5es seria a de nos autoconhecermos? Saber o que habita no pa\u00eds das nossas emo\u00e7\u00f5es \u00e9 algo que nos preocupa?<\/p>\n<p>Com tantos afazeres e demandas do mundo exterior, muitas vezes, empregamos pouco tempo para as coisas do mundo interno.<\/p>\n<p>Como se n\u00e3o fossem importantes ou n\u00e3o se refletissem intensamente em nosso cotidiano, relegamos os interesses do nosso mundo \u00edntimo para o campo do esquecimento.<\/p>\n<p>Com esse tipo de comportamento, nossa alma se ressente, pois as emo\u00e7\u00f5es n\u00e3o s\u00e3o avaliadas, analisadas e, simplesmente, v\u00e3o repercutindo, de maneira indiscriminada, em nossa intimidade.<\/p>\n<p>Esse \u00e9 um dos motivos pelos quais surgem, t\u00e3o frequentemente, as doen\u00e7as da alma.<br \/> N\u00e3o que elas apare\u00e7am r\u00e1pida e espontaneamente.<\/p>\n<p>Trata-se de um processo lento, que se vai alicer\u00e7ando.<br \/> \u00c9 o resultado de um processo adiantado de esquecimento e abandono das pr\u00f3prias emo\u00e7\u00f5es.<\/p>\n<p>\u00c9 quando surgem as s\u00edndromes, fobias, depress\u00f5es, refletindo, na sequ\u00eancia, em enfermidades no corpo.<\/p>\n<p>Dessa forma, para evitar tais situa\u00e7\u00f5es, reservemos um tempo para n\u00f3s mesmos.<br \/> Um tempo para analisar nossas atitudes, nosso comportamento, nossas a\u00e7\u00f5es e, mais detidamente, nossas rea\u00e7\u00f5es.<\/p>\n<p>Experimentemos, ao final de um dia, antes do merecido repouso, fazer uma breve an\u00e1lise do que ocorreu conosco, na jornada que se finda.<\/p>\n<p>Perguntemo-nos se algu\u00e9m teria alguma queixa contra n\u00f3s, se fomos injustos em alguma situa\u00e7\u00e3o, se praticamos alguma a\u00e7\u00e3o inadequada.<\/p>\n<p>As nossas respostas, frente a essa an\u00e1lise, ser\u00e3o o fio condutor para o mergulho oportuno e necess\u00e1rio no pa\u00eds de nossas emo\u00e7\u00f5es, no campo dos nossos sentimentos.<\/p>\n<p>Ent\u00e3o nos poderemos avaliar, entendermo-nos um tanto mais e, aos poucos, nos autoconhecermos.<\/p>\n<p>O passo seguinte, ser\u00e1 o esfor\u00e7o do corrigir, do n\u00e3o repetir o erro, do n\u00e3o tombar nas mesmas dificuldades emocionais.<\/p>\n<p>Esta ser\u00e1 a melhor maneira de cuidarmos do nosso mundo \u00edntimo, evitando epis\u00f3dios mais graves e doentios.<\/p>\n<p>A nossa melhoria se dar\u00e1 sempre a partir do momento em que iniciarmos a viagem inevit\u00e1vel para nosso interior, do momento em que come\u00e7armos a nos conhecer.<\/p>\n<p>Assim, caminharemos de maneira mais segura para a busca da paz e tranquilidade \u00edntimas, evitando trope\u00e7os e quedas no transcorrer da vida.<\/p>\n<p>Reda\u00e7\u00e3o do Momento Esp\u00edrita.<\/p>\n<p>Em 4.<br \/>7.<br \/>2022<\/p>\n<div class=\"pvc_clear\"><\/div>\n<p id=\"pvc_stats_18976\" class=\"pvc_stats all  \" data-element-id=\"18976\" style=\"\"><i class=\"pvc-stats-icon medium\" aria-hidden=\"true\"><svg aria-hidden=\"true\" focusable=\"false\" data-prefix=\"far\" data-icon=\"chart-bar\" role=\"img\" xmlns=\"http:\/\/www.w3.org\/2000\/svg\" viewBox=\"0 0 512 512\" class=\"svg-inline--fa fa-chart-bar fa-w-16 fa-2x\"><path fill=\"currentColor\" d=\"M396.8 352h22.4c6.4 0 12.8-6.4 12.8-12.8V108.8c0-6.4-6.4-12.8-12.8-12.8h-22.4c-6.4 0-12.8 6.4-12.8 12.8v230.4c0 6.4 6.4 12.8 12.8 12.8zm-192 0h22.4c6.4 0 12.8-6.4 12.8-12.8V140.8c0-6.4-6.4-12.8-12.8-12.8h-22.4c-6.4 0-12.8 6.4-12.8 12.8v198.4c0 6.4 6.4 12.8 12.8 12.8zm96 0h22.4c6.4 0 12.8-6.4 12.8-12.8V204.8c0-6.4-6.4-12.8-12.8-12.8h-22.4c-6.4 0-12.8 6.4-12.8 12.8v134.4c0 6.4 6.4 12.8 12.8 12.8zM496 400H48V80c0-8.84-7.16-16-16-16H16C7.16 64 0 71.16 0 80v336c0 17.67 14.33 32 32 32h464c8.84 0 16-7.16 16-16v-16c0-8.84-7.16-16-16-16zm-387.2-48h22.4c6.4 0 12.8-6.4 12.8-12.8v-70.4c0-6.4-6.4-12.8-12.8-12.8h-22.4c-6.4 0-12.8 6.4-12.8 12.8v70.4c0 6.4 6.4 12.8 12.8 12.8z\" class=\"\"><\/path><\/svg><\/i> <img decoding=\"async\" width=\"16\" height=\"16\" alt=\"Loading\" data-src=\"https:\/\/www.centronocaminhodaluz.com.br\/wp-content\/plugins\/page-views-count\/ajax-loader-2x.gif\" border=0 src=\"data:image\/svg+xml;base64,PHN2ZyB3aWR0aD0iMSIgaGVpZ2h0PSIxIiB4bWxucz0iaHR0cDovL3d3dy53My5vcmcvMjAwMC9zdmciPjwvc3ZnPg==\" class=\"lazyload\" style=\"--smush-placeholder-width: 16px; --smush-placeholder-aspect-ratio: 16\/16;\" \/><\/p>\n<div class=\"pvc_clear\"><\/div>\n","protected":false},"excerpt":{"rendered":"<p>Quais s\u00e3o suas maiores preocupa\u00e7\u00f5es nos dias de hoje? Talvez a esta pergunta voc\u00ea responda que \u00e9 a educa\u00e7\u00e3o dos filhos. Ou poder\u00e1 afirmar ser a viol\u00eancia na sociedade. Haver\u00e1, ainda, quem responda ser a manuten\u00e7\u00e3o do emprego. \u00c9 verdade que os desafios da vida e seus naturais compromissos nos empurram para um mar de&hellip; <br \/> <a class=\"read-more\" href=\"https:\/\/www.centronocaminhodaluz.com.br\/index.php\/artigo18976\/\">Leia mais<\/a><\/p>\n<div class=\"pvc_clear\"><\/div>\n<p id=\"pvc_stats_18976\" class=\"pvc_stats all  \" data-element-id=\"18976\" style=\"\"><i class=\"pvc-stats-icon medium\" aria-hidden=\"true\"><svg aria-hidden=\"true\" focusable=\"false\" data-prefix=\"far\" data-icon=\"chart-bar\" role=\"img\" xmlns=\"http:\/\/www.w3.org\/2000\/svg\" viewBox=\"0 0 512 512\" class=\"svg-inline--fa fa-chart-bar fa-w-16 fa-2x\"><path fill=\"currentColor\" d=\"M396.8 352h22.4c6.4 0 12.8-6.4 12.8-12.8V108.8c0-6.4-6.4-12.8-12.8-12.8h-22.4c-6.4 0-12.8 6.4-12.8 12.8v230.4c0 6.4 6.4 12.8 12.8 12.8zm-192 0h22.4c6.4 0 12.8-6.4 12.8-12.8V140.8c0-6.4-6.4-12.8-12.8-12.8h-22.4c-6.4 0-12.8 6.4-12.8 12.8v198.4c0 6.4 6.4 12.8 12.8 12.8zm96 0h22.4c6.4 0 12.8-6.4 12.8-12.8V204.8c0-6.4-6.4-12.8-12.8-12.8h-22.4c-6.4 0-12.8 6.4-12.8 12.8v134.4c0 6.4 6.4 12.8 12.8 12.8zM496 400H48V80c0-8.84-7.16-16-16-16H16C7.16 64 0 71.16 0 80v336c0 17.67 14.33 32 32 32h464c8.84 0 16-7.16 16-16v-16c0-8.84-7.16-16-16-16zm-387.2-48h22.4c6.4 0 12.8-6.4 12.8-12.8v-70.4c0-6.4-6.4-12.8-12.8-12.8h-22.4c-6.4 0-12.8 6.4-12.8 12.8v70.4c0 6.4 6.4 12.8 12.8 12.8z\" class=\"\"><\/path><\/svg><\/i> <img decoding=\"async\" width=\"16\" height=\"16\" alt=\"Loading\" data-src=\"https:\/\/www.centronocaminhodaluz.com.br\/wp-content\/plugins\/page-views-count\/ajax-loader-2x.gif\" border=0 src=\"data:image\/svg+xml;base64,PHN2ZyB3aWR0aD0iMSIgaGVpZ2h0PSIxIiB4bWxucz0iaHR0cDovL3d3dy53My5vcmcvMjAwMC9zdmciPjwvc3ZnPg==\" class=\"lazyload\" style=\"--smush-placeholder-width: 16px; --smush-placeholder-aspect-ratio: 16\/16;\" \/><\/p>\n<div class=\"pvc_clear\"><\/div>\n","protected":false},"author":1,"featured_media":0,"comment_status":"Closed","ping_status":"open","sticky":false,"template":"","format":"standard","meta":{"footnotes":""},"categories":[16],"tags":[],"class_list":["post-18976","post","type-post","status-publish","format-standard","hentry","category-mensagens-diversas"],"a3_pvc":{"activated":true,"total_views":269,"today_views":0},"_links":{"self":[{"href":"https:\/\/www.centronocaminhodaluz.com.br\/index.php\/wp-json\/wp\/v2\/posts\/18976","targetHints":{"allow":["GET"]}}],"collection":[{"href":"https:\/\/www.centronocaminhodaluz.com.br\/index.php\/wp-json\/wp\/v2\/posts"}],"about":[{"href":"https:\/\/www.centronocaminhodaluz.com.br\/index.php\/wp-json\/wp\/v2\/types\/post"}],"author":[{"embeddable":true,"href":"https:\/\/www.centronocaminhodaluz.com.br\/index.php\/wp-json\/wp\/v2\/users\/1"}],"replies":[{"embeddable":true,"href":"https:\/\/www.centronocaminhodaluz.com.br\/index.php\/wp-json\/wp\/v2\/comments?post=18976"}],"version-history":[{"count":0,"href":"https:\/\/www.centronocaminhodaluz.com.br\/index.php\/wp-json\/wp\/v2\/posts\/18976\/revisions"}],"wp:attachment":[{"href":"https:\/\/www.centronocaminhodaluz.com.br\/index.php\/wp-json\/wp\/v2\/media?parent=18976"}],"wp:term":[{"taxonomy":"category","embeddable":true,"href":"https:\/\/www.centronocaminhodaluz.com.br\/index.php\/wp-json\/wp\/v2\/categories?post=18976"},{"taxonomy":"post_tag","embeddable":true,"href":"https:\/\/www.centronocaminhodaluz.com.br\/index.php\/wp-json\/wp\/v2\/tags?post=18976"}],"curies":[{"name":"wp","href":"https:\/\/api.w.org\/{rel}","templated":true}]}}