{"id":19103,"date":"2022-10-07T18:12:00","date_gmt":"2022-10-07T18:12:00","guid":{"rendered":""},"modified":"2022-10-07T18:12:00","modified_gmt":"2022-10-07T18:12:00","slug":"artigo19103","status":"publish","type":"post","link":"https:\/\/www.centronocaminhodaluz.com.br\/index.php\/artigo19103\/","title":{"rendered":"10 O OBSESSOR &#8211; DI\u00c1LOGO COM AS SOMBRAS HERM\u00cdNIO C. MIRANDA"},"content":{"rendered":"<p>Todo o cap\u00edtulo 23 de \u201cO Livro dos M\u00e9diuns\u201d \u00e9 dedicado ao problema da obsess\u00e3o, que Kardec considera, com a lucidez que o caracteriza, um dos maiores problemas decorrentes do exerc\u00edcio da mediunidade.<br \/> Define ele como obsess\u00e3o \u201co dom\u00ednio que alguns Esp\u00edritos logram adquirir sobre certas pessoas\u201d.<br \/> Em artigo para \u201cReformador\u201d (1), escrevi o seguinte: \u201c.<br \/>.<br \/>.<br \/> a palavra obsess\u00e3o \u00e9 termo gen\u00e9rico de um fen\u00f4meno que pode desdobrar-se em tr\u00eas principais variedades: a obsess\u00e3o simples, a fascina\u00e7\u00e3o e a subjuga\u00e7\u00e3o.<br \/> A primeira delas \u00e9 a menos perniciosa porque, usualmente, o m\u00e9dium \u2014 pois todo obsidiado tem forte componente medi\u00fanico \u2014 est\u00e1 consciente das manobras e dissimula\u00e7\u00f5es do Esp\u00edrito, o que certamente o incomoda, mas n\u00e3o o perturba a ponto de provocar desarranjos mentais.<br \/>\u201d<br \/>\n<br \/>Esse artigo prossegue comentando Kardec, para dizer que a fascina\u00e7\u00e3o \u00e9 bem mais grave, \u201cporque o agente espiritual atua diretamente sobre o pensamento de sua v\u00edtima, inibindo-lhe o racioc\u00ednio e levando-a \u00e0 perigosa convic\u00e7\u00e3o de que as id\u00e9ias que expressa, por mais fant\u00e1sticas que sejam, prov\u00eam de um Esp\u00edrito de elevado gabarito intelectual e moral.<br \/> Seu engano \u00e9 evidente a todos, menos a ele pr\u00f3prio, que segue, fascinado e servil, o Esp\u00edrito que se apoderou sutilmente de sua mente\u201d.<\/p>\n<p>\u201cNa subjuga\u00e7\u00e3o\u201d \u2014 diz ainda o artigo \u2014, \u201cKardec distingue dois aspectos: a moral e a corporal.<br \/> No primeiro caso, o ser encarnado \u00e9 constrangido a tomar atitudes absurdas, como se estivesse completamente privado do seu pr\u00f3prio senso cr\u00edtico.<br \/> No segundo caso, o obsessor \u201catua sobre os \u00f3rg\u00e3os materiais e provoca movimentos involunt\u00e1rios\u201d, obrigando a sua v\u00edtima a gestos de dram\u00e1tico e lament\u00e1vel rid\u00edculo.<br \/>\u201d<br \/>\n<br \/>Acha, por isso, o Codificador, \u201cque o termo subjuga\u00e7\u00e3o \u00e9 mais apropriado do que possess\u00e3o, de uso mais antigo\u201d.<br \/> Nessa linha de racioc\u00ednio, portanto, o que conhecemos por possess\u00e3o n\u00e3o seria sen\u00e3o um caso grave e extremo de obsess\u00e3o.<\/p>\n<p>Ao reexaminar o problema, em \u201cA G\u00eanese\u201d, Kardec chama a obsess\u00e3o de \u201ca\u00e7\u00e3o persistente que um Esp\u00edrito mau exerce sobre um indiv\u00edduo\u201d, enquanto que na possess\u00e3o, \u201cem vez de agir exteriormente, o Esp\u00edrito atuante se substitui, por assim dizer, ao Esp\u00edrito encarnado; toma-lhe o corpo para domic\u00edlio, sem que este, no entanto, seja abandonado pelo seu dono, pois que isso s\u00f3 se pode dar pela morte.<br \/> A possess\u00e3o, conseguintemente, \u00e9 sempre tempor\u00e1ria e intermitente, porque um Esp\u00edrito desencarnado n\u00e3o pode tomar definitivamente o lugar de um encarnado, pela raz\u00e3o de que a uni\u00e3o molecular do perisp\u00edrito e do corpo s\u00f3 se pode operar no momento da concep\u00e7\u00e3o\u201d.<br \/> (Os destaques s\u00e3o desta transcri\u00e7\u00e3o.<br \/>)<br \/>\n<br \/>\u201cEnsina Kardec\u201d \u2014 prossegue o artigo \u2014 \u201cque, na obsess\u00e3o grave, o obsidiado fica envolto e impregnado de flu\u00eddos perniciosos que cumpre dispersar pela aplica\u00e7\u00e3o \u201cde um flu\u00eddo melhor\u201d, ou seja, por processos magn\u00e9ticos, atrav\u00e9s de passes, por exemplo.<br \/>\u201d<br \/>\n<br \/>\u201cNem sempre, por\u00e9m\u201d \u2014 adverte Kardec \u2014, \u201cbasta esta a\u00e7\u00e3o mec\u00e2nica; cumpre, sobretudo, atuar sobre o ser inteligente (destaque do original) ao qual \u00e9 preciso se possua o direito de falar com autoridade que, entretanto, falece a quem n\u00e3o tenha superioridade moral.<br \/> Quanto maior esta for, tanto maior tamb\u00e9m ser\u00e1 aquela.<br \/>\u201d<br \/>\n<br \/>E acrescenta:<br \/>\n<br \/>\u201cMas, ainda n\u00e3o \u00e9 tudo: para assegurar a liberta\u00e7\u00e3o da v\u00edtima, indispens\u00e1vel se torna que o Esp\u00edrito perverso seja levado a renunciar aos seus maus des\u00edgnios; que se fa\u00e7a que o arrependimento .<br \/>desponte nele, assim como o desejo do bem, por meio de instru\u00e7\u00f5es habilmente ministradas, em evoca\u00e7\u00f5es particularmente feitas com o objetivo de dar-lhe educa\u00e7\u00e3o moral.<br \/> Pode-se ent\u00e3o ter a grata satisfa\u00e7\u00e3o de libertar um encarnado e de converter um Esp\u00edrito imperfeito.<br \/>\u201d (Destaques desta transcri\u00e7\u00e3o.<br \/>)<br \/>\n<br \/>Ningu\u00e9m poderia descrever melhor, em t\u00e3o poucas palavras, o programa \u2014 s\u00edntese do processo de desobsess\u00e3o: o obsessor n\u00e3o deve ser arrancado \u00e0 for\u00e7a ou expulso.<br \/> Ele precisa ser convencido a abandonar seus prop\u00f3sitos e levado ao arrependimento.<br \/> Isto se faz buscando com ele um entendimento, um di\u00e1logo, pelo qual procure mos educ\u00e1-lo moralmente, mas sem a arrog\u00e3ncia do mestre petulante, e sim com o cora\u00e7\u00e3o aberto do companheiro que procura compreender as suas raz\u00f5es, o n\u00facleo de sua problem\u00e1tica, o porqu\u00ea da sua revolta, do seu \u00f3dio.<br \/> Por mais violento e agressivo que seja, \u00e9 invariavelmente um Esp\u00edrito que sofre, ainda que n\u00e3o o reconhe\u00e7a.<br \/> A argumenta\u00e7\u00e3o que utilizarmos tem que ser convincente.<\/p>\n<p>A obsess\u00e3o \u00e9, ami\u00fade, um processo de vingan\u00e7a.<br \/> Deseducado moralmente, como diz Kardec, o Esp\u00edrito perseguidor busca al\u00edvio para o seu sofrimento fazendo sofrer aquele que o feriu, tornando-se ambos infelizes e envolvendo ainda outros nas tramas das suas desgra\u00e7as.<br \/> \u00c9 preciso observar, no entanto, que tudo est\u00e1 previsto nas leis divinas, que, ao mesmo tempo em que permitem a cobran\u00e7a de nossas faltas, nos liberam, pelo resgate.<br \/> A obsess\u00e3o \u00e9 impotente diante de Esp\u00edritos redimidos.<\/p>\n<p>Voltaremos a cuidar do problema, quando tivermos de conversar, mais adiante, acerca das t\u00e9cnicas e recursos sugeridos para o trabalho.<\/p>\n<p>(1) \u201cReformador\u201d de maio de 1074, artigo \u201cPossess\u00e3o e exorcismo\u201d.<\/p>\n<div class=\"pvc_clear\"><\/div>\n<p id=\"pvc_stats_19103\" class=\"pvc_stats all  \" data-element-id=\"19103\" style=\"\"><i class=\"pvc-stats-icon medium\" aria-hidden=\"true\"><svg aria-hidden=\"true\" focusable=\"false\" data-prefix=\"far\" data-icon=\"chart-bar\" role=\"img\" xmlns=\"http:\/\/www.w3.org\/2000\/svg\" viewBox=\"0 0 512 512\" class=\"svg-inline--fa fa-chart-bar fa-w-16 fa-2x\"><path fill=\"currentColor\" d=\"M396.8 352h22.4c6.4 0 12.8-6.4 12.8-12.8V108.8c0-6.4-6.4-12.8-12.8-12.8h-22.4c-6.4 0-12.8 6.4-12.8 12.8v230.4c0 6.4 6.4 12.8 12.8 12.8zm-192 0h22.4c6.4 0 12.8-6.4 12.8-12.8V140.8c0-6.4-6.4-12.8-12.8-12.8h-22.4c-6.4 0-12.8 6.4-12.8 12.8v198.4c0 6.4 6.4 12.8 12.8 12.8zm96 0h22.4c6.4 0 12.8-6.4 12.8-12.8V204.8c0-6.4-6.4-12.8-12.8-12.8h-22.4c-6.4 0-12.8 6.4-12.8 12.8v134.4c0 6.4 6.4 12.8 12.8 12.8zM496 400H48V80c0-8.84-7.16-16-16-16H16C7.16 64 0 71.16 0 80v336c0 17.67 14.33 32 32 32h464c8.84 0 16-7.16 16-16v-16c0-8.84-7.16-16-16-16zm-387.2-48h22.4c6.4 0 12.8-6.4 12.8-12.8v-70.4c0-6.4-6.4-12.8-12.8-12.8h-22.4c-6.4 0-12.8 6.4-12.8 12.8v70.4c0 6.4 6.4 12.8 12.8 12.8z\" class=\"\"><\/path><\/svg><\/i> <img decoding=\"async\" width=\"16\" height=\"16\" alt=\"Loading\" data-src=\"https:\/\/www.centronocaminhodaluz.com.br\/wp-content\/plugins\/page-views-count\/ajax-loader-2x.gif\" border=0 src=\"data:image\/svg+xml;base64,PHN2ZyB3aWR0aD0iMSIgaGVpZ2h0PSIxIiB4bWxucz0iaHR0cDovL3d3dy53My5vcmcvMjAwMC9zdmciPjwvc3ZnPg==\" class=\"lazyload\" style=\"--smush-placeholder-width: 16px; --smush-placeholder-aspect-ratio: 16\/16;\" \/><\/p>\n<div class=\"pvc_clear\"><\/div>\n","protected":false},"excerpt":{"rendered":"<p>Todo o cap\u00edtulo 23 de \u201cO Livro dos M\u00e9diuns\u201d \u00e9 dedicado ao problema da obsess\u00e3o, que Kardec considera, com a lucidez que o caracteriza, um dos maiores problemas decorrentes do exerc\u00edcio da mediunidade. Define ele como obsess\u00e3o \u201co dom\u00ednio que alguns Esp\u00edritos logram adquirir sobre certas pessoas\u201d. Em artigo para \u201cReformador\u201d (1), escrevi o seguinte:&hellip; <br \/> <a class=\"read-more\" href=\"https:\/\/www.centronocaminhodaluz.com.br\/index.php\/artigo19103\/\">Leia mais<\/a><\/p>\n<div class=\"pvc_clear\"><\/div>\n<p id=\"pvc_stats_19103\" class=\"pvc_stats all  \" data-element-id=\"19103\" style=\"\"><i class=\"pvc-stats-icon medium\" aria-hidden=\"true\"><svg aria-hidden=\"true\" focusable=\"false\" data-prefix=\"far\" data-icon=\"chart-bar\" role=\"img\" xmlns=\"http:\/\/www.w3.org\/2000\/svg\" viewBox=\"0 0 512 512\" class=\"svg-inline--fa fa-chart-bar fa-w-16 fa-2x\"><path fill=\"currentColor\" d=\"M396.8 352h22.4c6.4 0 12.8-6.4 12.8-12.8V108.8c0-6.4-6.4-12.8-12.8-12.8h-22.4c-6.4 0-12.8 6.4-12.8 12.8v230.4c0 6.4 6.4 12.8 12.8 12.8zm-192 0h22.4c6.4 0 12.8-6.4 12.8-12.8V140.8c0-6.4-6.4-12.8-12.8-12.8h-22.4c-6.4 0-12.8 6.4-12.8 12.8v198.4c0 6.4 6.4 12.8 12.8 12.8zm96 0h22.4c6.4 0 12.8-6.4 12.8-12.8V204.8c0-6.4-6.4-12.8-12.8-12.8h-22.4c-6.4 0-12.8 6.4-12.8 12.8v134.4c0 6.4 6.4 12.8 12.8 12.8zM496 400H48V80c0-8.84-7.16-16-16-16H16C7.16 64 0 71.16 0 80v336c0 17.67 14.33 32 32 32h464c8.84 0 16-7.16 16-16v-16c0-8.84-7.16-16-16-16zm-387.2-48h22.4c6.4 0 12.8-6.4 12.8-12.8v-70.4c0-6.4-6.4-12.8-12.8-12.8h-22.4c-6.4 0-12.8 6.4-12.8 12.8v70.4c0 6.4 6.4 12.8 12.8 12.8z\" class=\"\"><\/path><\/svg><\/i> <img decoding=\"async\" width=\"16\" height=\"16\" alt=\"Loading\" data-src=\"https:\/\/www.centronocaminhodaluz.com.br\/wp-content\/plugins\/page-views-count\/ajax-loader-2x.gif\" border=0 src=\"data:image\/svg+xml;base64,PHN2ZyB3aWR0aD0iMSIgaGVpZ2h0PSIxIiB4bWxucz0iaHR0cDovL3d3dy53My5vcmcvMjAwMC9zdmciPjwvc3ZnPg==\" class=\"lazyload\" style=\"--smush-placeholder-width: 16px; --smush-placeholder-aspect-ratio: 16\/16;\" \/><\/p>\n<div class=\"pvc_clear\"><\/div>\n","protected":false},"author":1,"featured_media":0,"comment_status":"Closed","ping_status":"open","sticky":false,"template":"","format":"standard","meta":{"footnotes":""},"categories":[16],"tags":[],"class_list":["post-19103","post","type-post","status-publish","format-standard","hentry","category-mensagens-diversas"],"a3_pvc":{"activated":true,"total_views":462,"today_views":0},"_links":{"self":[{"href":"https:\/\/www.centronocaminhodaluz.com.br\/index.php\/wp-json\/wp\/v2\/posts\/19103","targetHints":{"allow":["GET"]}}],"collection":[{"href":"https:\/\/www.centronocaminhodaluz.com.br\/index.php\/wp-json\/wp\/v2\/posts"}],"about":[{"href":"https:\/\/www.centronocaminhodaluz.com.br\/index.php\/wp-json\/wp\/v2\/types\/post"}],"author":[{"embeddable":true,"href":"https:\/\/www.centronocaminhodaluz.com.br\/index.php\/wp-json\/wp\/v2\/users\/1"}],"replies":[{"embeddable":true,"href":"https:\/\/www.centronocaminhodaluz.com.br\/index.php\/wp-json\/wp\/v2\/comments?post=19103"}],"version-history":[{"count":0,"href":"https:\/\/www.centronocaminhodaluz.com.br\/index.php\/wp-json\/wp\/v2\/posts\/19103\/revisions"}],"wp:attachment":[{"href":"https:\/\/www.centronocaminhodaluz.com.br\/index.php\/wp-json\/wp\/v2\/media?parent=19103"}],"wp:term":[{"taxonomy":"category","embeddable":true,"href":"https:\/\/www.centronocaminhodaluz.com.br\/index.php\/wp-json\/wp\/v2\/categories?post=19103"},{"taxonomy":"post_tag","embeddable":true,"href":"https:\/\/www.centronocaminhodaluz.com.br\/index.php\/wp-json\/wp\/v2\/tags?post=19103"}],"curies":[{"name":"wp","href":"https:\/\/api.w.org\/{rel}","templated":true}]}}