{"id":19163,"date":"2022-11-05T09:12:00","date_gmt":"2022-11-05T09:12:00","guid":{"rendered":""},"modified":"2022-11-05T09:12:00","modified_gmt":"2022-11-05T09:12:00","slug":"artigo19163","status":"publish","type":"post","link":"https:\/\/www.centronocaminhodaluz.com.br\/index.php\/artigo19163\/","title":{"rendered":"Desatando n\u00f3s&#8230; &#8211; Reda\u00e7\u00e3o do Momento Esp\u00edrita"},"content":{"rendered":"<p>Narra uma lenda que o rei da Fr\u00edgia, assim chamada a \u00c1sia, durante o Imp\u00e9rio Bizantino, morreu sem deixar herdeiro para o trono.<br \/> Era o s\u00e9culo VIII a.<br \/> C.<\/p>\n<p>Consultado, um or\u00e1culo anunciou que o sucessor deveria chegar \u00e0 cidade num carro de bois.<\/p>\n<p>Ent\u00e3o, um campon\u00eas, de nome G\u00f3rdio, no ve\u00edculo descrito, adentrou a cidade.<br \/> Entendendo que a profecia estava se cumprindo, ele foi coroado.<\/p>\n<p>Para que jamais esquecesse seu passado humilde, ele colocou a carro\u00e7a, que lhe rendera a coroa, no templo de Zeus.<\/p>\n<p>E a amarrou com um enorme n\u00f3 a uma das colunas.<br \/> Na pr\u00e1tica, era um n\u00f3 imposs\u00edvel de ser desatado.<\/p>\n<p>G\u00f3rdio reinou por muito tempo.<br \/> Seu filho, chamado Midas, o sucedeu no trono e expandiu o imp\u00e9rio.<\/p>\n<p>Ao morrer, no entanto, n\u00e3o deixou herdeiros.<\/p>\n<p>Novamente, foi ouvido o or\u00e1culo que declarou que quem desatasse o n\u00f3 de G\u00f3rdio dominaria todo o mundo.<\/p>\n<p>Passaram-se os s\u00e9culos, meio mil\u00eanio, em verdade, e ningu\u00e9m conseguiu realizar a proeza de desatar o dito n\u00f3.<\/p>\n<p>Ent\u00e3o, o jovem Alexandre Magno tomou conhecimento da lenda e decidiu passar pela Fr\u00edgia.<\/p>\n<p>Foi ao templo de Zeus e observou o n\u00f3 feito por G\u00f3rdio.<\/p>\n<p>Ap\u00f3s alguma an\u00e1lise, ele desembainhou a sua espada e cortou o n\u00f3.<\/p>\n<p>Lenda ou verdade, o fato \u00e9 que Alexandre se tornou senhor de toda a \u00c1sia Menor.<\/p>\n<p>\u00c9 considerado um dos melhores estrategistas militares do Mundo Antigo.<br \/> E o edificador de um dos maiores imp\u00e9rios que o mundo j\u00e1 viu.<\/p>\n<p>O seu feito levou \u00e0 express\u00e3o cortar o n\u00f3 g\u00f3rdio, ou seja, resolver um intrincado problema da maneira mais simples e mais eficaz.<\/p>\n<p>Isso nos remete \u00e0 reflex\u00e3o de que, por vezes, bastam a\u00e7\u00f5es simples para resolver problemas que nos podem parecer insol\u00faveis.<\/p>\n<p>Medidas singelas e efetivas, que nos falam de simplicidade e descomplica\u00e7\u00e3o.<\/p>\n<p>Com certeza, foi por isso que o Mestre de Nazar\u00e9 estabeleceu a regra de ouro: Sede prudentes como as serpentes e simples como as pombas, conforme as anota\u00e7\u00f5es do Evangelista Mateus.<\/p>\n<p>Quase sempre a solu\u00e7\u00e3o da dificuldade que se apresenta est\u00e1 sob nossos olhos, mas n\u00e3o conseguimos ver.<\/p>\n<p>Como o grande Alexandre, \u00e9 importante que n\u00e3o fiquemos presos a um roteiro, ao que todos fazem, conforme todos pensam.<br \/> Importante pensar fora da caixa, de maneira objetiva.<\/p>\n<p>Embora a solu\u00e7\u00e3o de um problema possa n\u00e3o ser f\u00e1cil, ser\u00e1 sempre simples.<\/p>\n<p>A jornada de Jesus na Terra foi adornada de simplicidade.<br \/> Cantou as Suas bem-aventuran\u00e7as em plena natureza, narrou inesquec\u00edveis par\u00e1bolas utilizando-se de temas conhecidos e familiares como o joio e o trigo, a figueira seca, o semeador, o samaritano.<\/p>\n<p>Serviu-se de objetos e situa\u00e7\u00f5es do cotidiano para falar de coisas grandiosas, de um reino a ser implantado no cora\u00e7\u00e3o dos homens: uma moeda perdida, uma p\u00e9rola encontrada no campo, a lida de um semeador, uma vinha.<\/p>\n<p>N\u00e3o se referiu a Deus com palavras complexas: simplesmente nos disse poeticamente, Meu Deus e vosso Deus, Meu Pai e vosso Pai.<\/p>\n<p>Um Pai soberanamente justo e bom, Senhor do Universo.<\/p>\n<p>Um Pai a quem pertence todo poder e gl\u00f3ria.<\/p>\n<p>Simples como as pombas.<\/p>\n<p>Tamb\u00e9m prudentes para n\u00e3o identificar n\u00f3s onde existe apenas um la\u00e7o, que pode ser desatado, suavemente.<\/p>\n<p>Reda\u00e7\u00e3o do Momento Esp\u00edrita, com base no artigo<br \/>\n<br \/>O n\u00f3 g\u00f3rdio, a navalha e a simplicidade, de<br \/>\n<br \/>Telma Maria Santos Machado, delegada da<br \/>\n<br \/> Associa\u00e7\u00e3o Brasileira dos Magistrados Esp\u00edritas,<br \/>\n<br \/> no Estado do Sergipe.<\/p>\n<p>Em 1\u00ba.<br \/>11.<br \/>2022<\/p>\n<div class=\"pvc_clear\"><\/div>\n<p id=\"pvc_stats_19163\" class=\"pvc_stats all  \" data-element-id=\"19163\" style=\"\"><i class=\"pvc-stats-icon medium\" aria-hidden=\"true\"><svg aria-hidden=\"true\" focusable=\"false\" data-prefix=\"far\" data-icon=\"chart-bar\" role=\"img\" xmlns=\"http:\/\/www.w3.org\/2000\/svg\" viewBox=\"0 0 512 512\" class=\"svg-inline--fa fa-chart-bar fa-w-16 fa-2x\"><path fill=\"currentColor\" d=\"M396.8 352h22.4c6.4 0 12.8-6.4 12.8-12.8V108.8c0-6.4-6.4-12.8-12.8-12.8h-22.4c-6.4 0-12.8 6.4-12.8 12.8v230.4c0 6.4 6.4 12.8 12.8 12.8zm-192 0h22.4c6.4 0 12.8-6.4 12.8-12.8V140.8c0-6.4-6.4-12.8-12.8-12.8h-22.4c-6.4 0-12.8 6.4-12.8 12.8v198.4c0 6.4 6.4 12.8 12.8 12.8zm96 0h22.4c6.4 0 12.8-6.4 12.8-12.8V204.8c0-6.4-6.4-12.8-12.8-12.8h-22.4c-6.4 0-12.8 6.4-12.8 12.8v134.4c0 6.4 6.4 12.8 12.8 12.8zM496 400H48V80c0-8.84-7.16-16-16-16H16C7.16 64 0 71.16 0 80v336c0 17.67 14.33 32 32 32h464c8.84 0 16-7.16 16-16v-16c0-8.84-7.16-16-16-16zm-387.2-48h22.4c6.4 0 12.8-6.4 12.8-12.8v-70.4c0-6.4-6.4-12.8-12.8-12.8h-22.4c-6.4 0-12.8 6.4-12.8 12.8v70.4c0 6.4 6.4 12.8 12.8 12.8z\" class=\"\"><\/path><\/svg><\/i> <img decoding=\"async\" width=\"16\" height=\"16\" alt=\"Loading\" data-src=\"https:\/\/www.centronocaminhodaluz.com.br\/wp-content\/plugins\/page-views-count\/ajax-loader-2x.gif\" border=0 src=\"data:image\/svg+xml;base64,PHN2ZyB3aWR0aD0iMSIgaGVpZ2h0PSIxIiB4bWxucz0iaHR0cDovL3d3dy53My5vcmcvMjAwMC9zdmciPjwvc3ZnPg==\" class=\"lazyload\" style=\"--smush-placeholder-width: 16px; --smush-placeholder-aspect-ratio: 16\/16;\" \/><\/p>\n<div class=\"pvc_clear\"><\/div>\n","protected":false},"excerpt":{"rendered":"<p>Narra uma lenda que o rei da Fr\u00edgia, assim chamada a \u00c1sia, durante o Imp\u00e9rio Bizantino, morreu sem deixar herdeiro para o trono. Era o s\u00e9culo VIII a. C. Consultado, um or\u00e1culo anunciou que o sucessor deveria chegar \u00e0 cidade num carro de bois. Ent\u00e3o, um campon\u00eas, de nome G\u00f3rdio, no ve\u00edculo descrito, adentrou a&hellip; <br \/> <a class=\"read-more\" href=\"https:\/\/www.centronocaminhodaluz.com.br\/index.php\/artigo19163\/\">Leia mais<\/a><\/p>\n<div class=\"pvc_clear\"><\/div>\n<p id=\"pvc_stats_19163\" class=\"pvc_stats all  \" data-element-id=\"19163\" style=\"\"><i class=\"pvc-stats-icon medium\" aria-hidden=\"true\"><svg aria-hidden=\"true\" focusable=\"false\" data-prefix=\"far\" data-icon=\"chart-bar\" role=\"img\" xmlns=\"http:\/\/www.w3.org\/2000\/svg\" viewBox=\"0 0 512 512\" class=\"svg-inline--fa fa-chart-bar fa-w-16 fa-2x\"><path fill=\"currentColor\" d=\"M396.8 352h22.4c6.4 0 12.8-6.4 12.8-12.8V108.8c0-6.4-6.4-12.8-12.8-12.8h-22.4c-6.4 0-12.8 6.4-12.8 12.8v230.4c0 6.4 6.4 12.8 12.8 12.8zm-192 0h22.4c6.4 0 12.8-6.4 12.8-12.8V140.8c0-6.4-6.4-12.8-12.8-12.8h-22.4c-6.4 0-12.8 6.4-12.8 12.8v198.4c0 6.4 6.4 12.8 12.8 12.8zm96 0h22.4c6.4 0 12.8-6.4 12.8-12.8V204.8c0-6.4-6.4-12.8-12.8-12.8h-22.4c-6.4 0-12.8 6.4-12.8 12.8v134.4c0 6.4 6.4 12.8 12.8 12.8zM496 400H48V80c0-8.84-7.16-16-16-16H16C7.16 64 0 71.16 0 80v336c0 17.67 14.33 32 32 32h464c8.84 0 16-7.16 16-16v-16c0-8.84-7.16-16-16-16zm-387.2-48h22.4c6.4 0 12.8-6.4 12.8-12.8v-70.4c0-6.4-6.4-12.8-12.8-12.8h-22.4c-6.4 0-12.8 6.4-12.8 12.8v70.4c0 6.4 6.4 12.8 12.8 12.8z\" class=\"\"><\/path><\/svg><\/i> <img decoding=\"async\" width=\"16\" height=\"16\" alt=\"Loading\" data-src=\"https:\/\/www.centronocaminhodaluz.com.br\/wp-content\/plugins\/page-views-count\/ajax-loader-2x.gif\" border=0 src=\"data:image\/svg+xml;base64,PHN2ZyB3aWR0aD0iMSIgaGVpZ2h0PSIxIiB4bWxucz0iaHR0cDovL3d3dy53My5vcmcvMjAwMC9zdmciPjwvc3ZnPg==\" class=\"lazyload\" style=\"--smush-placeholder-width: 16px; --smush-placeholder-aspect-ratio: 16\/16;\" \/><\/p>\n<div class=\"pvc_clear\"><\/div>\n","protected":false},"author":1,"featured_media":0,"comment_status":"Closed","ping_status":"open","sticky":false,"template":"","format":"standard","meta":{"footnotes":""},"categories":[16],"tags":[],"class_list":["post-19163","post","type-post","status-publish","format-standard","hentry","category-mensagens-diversas"],"a3_pvc":{"activated":true,"total_views":245,"today_views":0},"_links":{"self":[{"href":"https:\/\/www.centronocaminhodaluz.com.br\/index.php\/wp-json\/wp\/v2\/posts\/19163","targetHints":{"allow":["GET"]}}],"collection":[{"href":"https:\/\/www.centronocaminhodaluz.com.br\/index.php\/wp-json\/wp\/v2\/posts"}],"about":[{"href":"https:\/\/www.centronocaminhodaluz.com.br\/index.php\/wp-json\/wp\/v2\/types\/post"}],"author":[{"embeddable":true,"href":"https:\/\/www.centronocaminhodaluz.com.br\/index.php\/wp-json\/wp\/v2\/users\/1"}],"replies":[{"embeddable":true,"href":"https:\/\/www.centronocaminhodaluz.com.br\/index.php\/wp-json\/wp\/v2\/comments?post=19163"}],"version-history":[{"count":0,"href":"https:\/\/www.centronocaminhodaluz.com.br\/index.php\/wp-json\/wp\/v2\/posts\/19163\/revisions"}],"wp:attachment":[{"href":"https:\/\/www.centronocaminhodaluz.com.br\/index.php\/wp-json\/wp\/v2\/media?parent=19163"}],"wp:term":[{"taxonomy":"category","embeddable":true,"href":"https:\/\/www.centronocaminhodaluz.com.br\/index.php\/wp-json\/wp\/v2\/categories?post=19163"},{"taxonomy":"post_tag","embeddable":true,"href":"https:\/\/www.centronocaminhodaluz.com.br\/index.php\/wp-json\/wp\/v2\/tags?post=19163"}],"curies":[{"name":"wp","href":"https:\/\/api.w.org\/{rel}","templated":true}]}}