{"id":19194,"date":"2022-11-25T09:12:00","date_gmt":"2022-11-25T09:12:00","guid":{"rendered":""},"modified":"2022-11-25T09:12:00","modified_gmt":"2022-11-25T09:12:00","slug":"artigo19194","status":"publish","type":"post","link":"https:\/\/www.centronocaminhodaluz.com.br\/index.php\/artigo19194\/","title":{"rendered":"Ora\u00e7\u00e3o nossa &#8211; Reda\u00e7\u00e3o do Momento Esp\u00edrita"},"content":{"rendered":"<p>Senhor, ensina-nos:<\/p>\n<p>A orar sem esquecer o trabalho;<\/p>\n<p>A dar sem olhar a quem;<\/p>\n<p>A servir sem perguntar at\u00e9 quando;<\/p>\n<p>A sofrer sem magoar seja a quem for;<\/p>\n<p>A progredir sem perder a simplicidade;<\/p>\n<p>A semear o bem sem pensar nos resultados;<\/p>\n<p>A desculpar sem condi\u00e7\u00f5es;<\/p>\n<p>A marchar para a frente sem contar os obst\u00e1culos;<\/p>\n<p>A ver sem mal\u00edcia;<\/p>\n<p>A escutar sem corromper os assuntos;<\/p>\n<p>A falar sem ferir;<\/p>\n<p>A compreender o pr\u00f3ximo sem exigir entendimento;<\/p>\n<p>A respeitar os semelhantes, sem reclamar considera\u00e7\u00e3o; a dar o melhor de n\u00f3s, al\u00e9m da execu\u00e7\u00e3o do pr\u00f3prio dever, sem cobrar taxas de reconhecimento.<\/p>\n<p>Senhor, fortalece em n\u00f3s a paci\u00eancia para as dificuldades dos outros, assim como precisamos da paci\u00eancia dos outros para com as nossas dificuldades.<\/p>\n<p>Ajuda-nos para que a ningu\u00e9m fa\u00e7amos aquilo que n\u00e3o desejamos para n\u00f3s.<\/p>\n<p>Auxilia-nos, sobretudo, a reconhecer que a nossa felicidade mais alta ser\u00e1, invariavelmente, aquela de cumprir-Te os des\u00edgnios onde e como queiras, hoje, agora e sempre.<\/p>\n<p>*   *   *<\/p>\n<p>Por que ainda relutamos tanto em seguir o Modelo seguro de conduta e sentimento que nos foi ofertado h\u00e1 mais de dois mil\u00eanios?<\/p>\n<p>Por que O chamamos de Mestre e Senhor, compreendendo Sua grandeza e superioridade, mas teimamos em agir de acordo com nossa acanhada compreens\u00e3o das coisas?<\/p>\n<p>Por que somos t\u00e3o relutantes.<br \/>.<br \/>.<br \/> T\u00e3o fracos e fr\u00e1geis?<\/p>\n<p>N\u00e3o nos parece ser tempo de despertar? De seguir adiante? De utilizar a tal intelig\u00eancia que, supostamente temos, em pleno s\u00e9culo XXI, e fazer op\u00e7\u00f5es mais felizes?<\/p>\n<p>Julgamos que conquistamos tanto desde que sa\u00edmos das cavernas, pois vivemos com mais conforto e facilidades.<\/p>\n<p>Mas ser\u00e1 esse nosso \u00fanico objetivo na Terra? Seriam essas as \u00fanicas conquistas que dever\u00edamos alcan\u00e7ar?<\/p>\n<p>\u00c9 curioso, pois sa\u00edmos das cavernas, mas em alguns aspectos as cavernas ainda n\u00e3o sa\u00edram de n\u00f3s.<\/p>\n<p>H\u00e1 escurid\u00e3o na alma que n\u00e3o encontra o sentido existencial.<br \/> H\u00e1 breu no \u00edntimo dos que tornaram a exist\u00eancia uma luta apenas pela sobreviv\u00eancia material.<\/p>\n<p>H\u00e1 um escuro enorme no espelho dos que ainda n\u00e3o se conhecem.<\/p>\n<p>Por isso a ora\u00e7\u00e3o nossa pede aux\u00edlio ao mais s\u00e1bio que j\u00e1 existiu, ao que nos conhece como ningu\u00e9m mais, ao que esteve entre n\u00f3s e percebeu nossas mazelas de muito perto.<\/p>\n<p>Senhor, que Tuas li\u00e7\u00f5es ecoem pelo mundo \u00edntimo de todos n\u00f3s, que nos lembrem dos caminhos do amor e nos tragam a coragem de mudar.<\/p>\n<p>Senhor, recita em nosso cora\u00e7\u00e3o o canto das bem-aventuran\u00e7as mais uma vez, pois ele nos acalma, nos consola e nos impulsiona.<\/p>\n<p>Senhor, olha-nos com Teus olhos de compreens\u00e3o, mas tamb\u00e9m de motiva\u00e7\u00e3o, fazendo-nos entender que somos fr\u00e1geis, mas que podemos ser grandes!<\/p>\n<p>Diz-nos mais uma vez que somos a luz do mundo, a luz do mundo de dentro em primeiro lugar, que depois explode para fora, levando a manh\u00e3 ensolarada a quem ainda vive na madrugada.<\/p>\n<p>Diz-nos, por fim, uma vez mais:<\/p>\n<p>N\u00e3o vos deixareis \u00f3rf\u00e3os; voltarei para v\u00f3s.<\/p>\n<p>Guardemos isso em nossa mente e em nosso cora\u00e7\u00e3o.<\/p>\n<p>Reda\u00e7\u00e3o do Momento Esp\u00edrita, com base no cap.<br \/> 20 do livro<br \/>\n<br \/> A Semente de Mostarda, pelo Esp\u00edrito Emmanuel, psicografia<br \/>\n<br \/>de Francisco C\u00e2ndido Xavier, ed.<br \/> GEEM.<\/p>\n<p>Em 25.<br \/>11.<br \/>2022<\/p>\n<div class=\"pvc_clear\"><\/div>\n<p id=\"pvc_stats_19194\" class=\"pvc_stats all  \" data-element-id=\"19194\" style=\"\"><i class=\"pvc-stats-icon medium\" aria-hidden=\"true\"><svg aria-hidden=\"true\" focusable=\"false\" data-prefix=\"far\" data-icon=\"chart-bar\" role=\"img\" xmlns=\"http:\/\/www.w3.org\/2000\/svg\" viewBox=\"0 0 512 512\" class=\"svg-inline--fa fa-chart-bar fa-w-16 fa-2x\"><path fill=\"currentColor\" d=\"M396.8 352h22.4c6.4 0 12.8-6.4 12.8-12.8V108.8c0-6.4-6.4-12.8-12.8-12.8h-22.4c-6.4 0-12.8 6.4-12.8 12.8v230.4c0 6.4 6.4 12.8 12.8 12.8zm-192 0h22.4c6.4 0 12.8-6.4 12.8-12.8V140.8c0-6.4-6.4-12.8-12.8-12.8h-22.4c-6.4 0-12.8 6.4-12.8 12.8v198.4c0 6.4 6.4 12.8 12.8 12.8zm96 0h22.4c6.4 0 12.8-6.4 12.8-12.8V204.8c0-6.4-6.4-12.8-12.8-12.8h-22.4c-6.4 0-12.8 6.4-12.8 12.8v134.4c0 6.4 6.4 12.8 12.8 12.8zM496 400H48V80c0-8.84-7.16-16-16-16H16C7.16 64 0 71.16 0 80v336c0 17.67 14.33 32 32 32h464c8.84 0 16-7.16 16-16v-16c0-8.84-7.16-16-16-16zm-387.2-48h22.4c6.4 0 12.8-6.4 12.8-12.8v-70.4c0-6.4-6.4-12.8-12.8-12.8h-22.4c-6.4 0-12.8 6.4-12.8 12.8v70.4c0 6.4 6.4 12.8 12.8 12.8z\" class=\"\"><\/path><\/svg><\/i> <img decoding=\"async\" width=\"16\" height=\"16\" alt=\"Loading\" data-src=\"https:\/\/www.centronocaminhodaluz.com.br\/wp-content\/plugins\/page-views-count\/ajax-loader-2x.gif\" border=0 src=\"data:image\/svg+xml;base64,PHN2ZyB3aWR0aD0iMSIgaGVpZ2h0PSIxIiB4bWxucz0iaHR0cDovL3d3dy53My5vcmcvMjAwMC9zdmciPjwvc3ZnPg==\" class=\"lazyload\" style=\"--smush-placeholder-width: 16px; --smush-placeholder-aspect-ratio: 16\/16;\" \/><\/p>\n<div class=\"pvc_clear\"><\/div>\n","protected":false},"excerpt":{"rendered":"<p>Senhor, ensina-nos: A orar sem esquecer o trabalho; A dar sem olhar a quem; A servir sem perguntar at\u00e9 quando; A sofrer sem magoar seja a quem for; A progredir sem perder a simplicidade; A semear o bem sem pensar nos resultados; A desculpar sem condi\u00e7\u00f5es; A marchar para a frente sem contar os obst\u00e1culos;&hellip; <br \/> <a class=\"read-more\" href=\"https:\/\/www.centronocaminhodaluz.com.br\/index.php\/artigo19194\/\">Leia mais<\/a><\/p>\n<div class=\"pvc_clear\"><\/div>\n<p id=\"pvc_stats_19194\" class=\"pvc_stats all  \" data-element-id=\"19194\" style=\"\"><i class=\"pvc-stats-icon medium\" aria-hidden=\"true\"><svg aria-hidden=\"true\" focusable=\"false\" data-prefix=\"far\" data-icon=\"chart-bar\" role=\"img\" xmlns=\"http:\/\/www.w3.org\/2000\/svg\" viewBox=\"0 0 512 512\" class=\"svg-inline--fa fa-chart-bar fa-w-16 fa-2x\"><path fill=\"currentColor\" d=\"M396.8 352h22.4c6.4 0 12.8-6.4 12.8-12.8V108.8c0-6.4-6.4-12.8-12.8-12.8h-22.4c-6.4 0-12.8 6.4-12.8 12.8v230.4c0 6.4 6.4 12.8 12.8 12.8zm-192 0h22.4c6.4 0 12.8-6.4 12.8-12.8V140.8c0-6.4-6.4-12.8-12.8-12.8h-22.4c-6.4 0-12.8 6.4-12.8 12.8v198.4c0 6.4 6.4 12.8 12.8 12.8zm96 0h22.4c6.4 0 12.8-6.4 12.8-12.8V204.8c0-6.4-6.4-12.8-12.8-12.8h-22.4c-6.4 0-12.8 6.4-12.8 12.8v134.4c0 6.4 6.4 12.8 12.8 12.8zM496 400H48V80c0-8.84-7.16-16-16-16H16C7.16 64 0 71.16 0 80v336c0 17.67 14.33 32 32 32h464c8.84 0 16-7.16 16-16v-16c0-8.84-7.16-16-16-16zm-387.2-48h22.4c6.4 0 12.8-6.4 12.8-12.8v-70.4c0-6.4-6.4-12.8-12.8-12.8h-22.4c-6.4 0-12.8 6.4-12.8 12.8v70.4c0 6.4 6.4 12.8 12.8 12.8z\" class=\"\"><\/path><\/svg><\/i> <img decoding=\"async\" width=\"16\" height=\"16\" alt=\"Loading\" data-src=\"https:\/\/www.centronocaminhodaluz.com.br\/wp-content\/plugins\/page-views-count\/ajax-loader-2x.gif\" border=0 src=\"data:image\/svg+xml;base64,PHN2ZyB3aWR0aD0iMSIgaGVpZ2h0PSIxIiB4bWxucz0iaHR0cDovL3d3dy53My5vcmcvMjAwMC9zdmciPjwvc3ZnPg==\" class=\"lazyload\" style=\"--smush-placeholder-width: 16px; --smush-placeholder-aspect-ratio: 16\/16;\" \/><\/p>\n<div class=\"pvc_clear\"><\/div>\n","protected":false},"author":1,"featured_media":0,"comment_status":"Closed","ping_status":"open","sticky":false,"template":"","format":"standard","meta":{"footnotes":""},"categories":[16],"tags":[],"class_list":["post-19194","post","type-post","status-publish","format-standard","hentry","category-mensagens-diversas"],"a3_pvc":{"activated":true,"total_views":247,"today_views":0},"_links":{"self":[{"href":"https:\/\/www.centronocaminhodaluz.com.br\/index.php\/wp-json\/wp\/v2\/posts\/19194","targetHints":{"allow":["GET"]}}],"collection":[{"href":"https:\/\/www.centronocaminhodaluz.com.br\/index.php\/wp-json\/wp\/v2\/posts"}],"about":[{"href":"https:\/\/www.centronocaminhodaluz.com.br\/index.php\/wp-json\/wp\/v2\/types\/post"}],"author":[{"embeddable":true,"href":"https:\/\/www.centronocaminhodaluz.com.br\/index.php\/wp-json\/wp\/v2\/users\/1"}],"replies":[{"embeddable":true,"href":"https:\/\/www.centronocaminhodaluz.com.br\/index.php\/wp-json\/wp\/v2\/comments?post=19194"}],"version-history":[{"count":0,"href":"https:\/\/www.centronocaminhodaluz.com.br\/index.php\/wp-json\/wp\/v2\/posts\/19194\/revisions"}],"wp:attachment":[{"href":"https:\/\/www.centronocaminhodaluz.com.br\/index.php\/wp-json\/wp\/v2\/media?parent=19194"}],"wp:term":[{"taxonomy":"category","embeddable":true,"href":"https:\/\/www.centronocaminhodaluz.com.br\/index.php\/wp-json\/wp\/v2\/categories?post=19194"},{"taxonomy":"post_tag","embeddable":true,"href":"https:\/\/www.centronocaminhodaluz.com.br\/index.php\/wp-json\/wp\/v2\/tags?post=19194"}],"curies":[{"name":"wp","href":"https:\/\/api.w.org\/{rel}","templated":true}]}}