{"id":19240,"date":"2022-12-24T19:12:00","date_gmt":"2022-12-24T19:12:00","guid":{"rendered":""},"modified":"2022-12-24T19:12:00","modified_gmt":"2022-12-24T19:12:00","slug":"artigo19240","status":"publish","type":"post","link":"https:\/\/www.centronocaminhodaluz.com.br\/index.php\/artigo19240\/","title":{"rendered":"*&#10024;&#127775;&#10024;ONDE JESUS NASCEU SEGUNDO CHICO XAVIER* &#127775;&#127775; &#8211; Chico Xavier"},"content":{"rendered":"<p>*&#10024;&#127775;&#10024;ONDE JESUS NASCEU SEGUNDO CHICO XAVIER*<br \/>\n<br \/>&#127775;&#127775;<br \/>\n<br \/>Sempre me fiz essa pergunta\u2026 Onde ser\u00e1 que Jesus nasceu? Finalmente, consegui obter uma resposta:<\/p>\n<p>Perguntemos a Maria de Magdala, onde e quando nasceu Jesus.<br \/> E ela nos responder\u00e1:<\/p>\n<p>Jesus nasceu em Bet\u00e2nia.<br \/> Foi certa vez que a sua voz, t\u00e3o cheia de pureza e santidade, despertou em mim a sensa\u00e7\u00e3o de uma vida nova com a qual at\u00e9 ent\u00e3o jamais sonhara.<\/p>\n<p>Perguntemos a Francisco de Assis o que ele sabe sobre o nascimento de Jesus.<br \/> Ele nos responder\u00e1:<\/p>\n<p>Ele nasceu no dia em que, na pra\u00e7a de Assis entreguei minha bolsa, minhas roupas e at\u00e9 meu nome para segui-lo incondicionalmente, pois sabia que somente ele \u00e9 a fonte inesgot\u00e1vel de amor.<\/p>\n<p>Perguntemos a Pedro quando deu o nascimento de Jesus, ele nos responder\u00e1:<\/p>\n<p>Jesus nasceu no p\u00e1tio do pal\u00e1cio de Caifas, na noite em que o galo cantou pela terceira vez, no momento em que eu o havia negado.<br \/> Foi nesse instante que acordou minha consci\u00eancia para a verdadeira vida.<\/p>\n<p>Perguntemos a Paulo de Tarso, quando se deu o nascimento de Jesus.<br \/> Ele nos responder\u00e1:<\/p>\n<p>Jesus nasceu na Estrada de Damasco quando, envolvido por intensa luz que me deixou cego, pude ver a figura nobre e serena que me perguntava: Saulo, Saulo porque me persegue? E na cegueira passei a enxergar um mundo novo quando eu lhe disse:<\/p>\n<p>*Senhor, o que queres que eu fa\u00e7a?!*<\/p>\n<p>Perguntemos a Joana de Cusa onde e quando nasceu Jesus.<br \/> E ela nos responder\u00e1:<\/p>\n<p>Jesus nasceu no dia em que, amarrada ao poste do circo em Roma, eu ouvi o povo gritar:<\/p>\n<p>Negue! Negue!<\/p>\n<p>E o soldado com a tocha acesa dizendo: Este teu Cristo ensinou-lhe apenas a morrer? Foi nesse instante, que sentindo o fogo subir pelo meu corpo, pude com toda certeza e sinceridade dizer: N\u00e3o me ensinou s\u00f3 isso, Jesus ensinou-me tamb\u00e9m a am\u00e1-lo.<\/p>\n<p>Perguntemos a Tom\u00e9 onde e quando nasceu Jesus.<br \/> Ele nos responder\u00e1:<\/p>\n<p>Jesus nasceu naquele dia inesquec\u00edvel em que ele me pediu para tocar as suas chagas e me foi dado testemunhar que a morte n\u00e3o tinha poder sobre o filho de Deus, S\u00f3 ent\u00e3o compreendi o sentido de suas palavras: Eu sou o caminho, a verdade e a vida.<\/p>\n<p>Perguntemos \u00e0 mulher da Samaria o que ela sabe sobre o nascimento de Jesus.<br \/> E ela nos responder\u00e1:<\/p>\n<p>Jesus nasceu junto \u00e0 fonte de Jacob na tarde em que me pediu de beber e me disse: Mulher eu posso te dar a \u00e1gua viva que sacia toda a sede, pois vem do amor de Deus e santifica as criaturas.<br \/> Naquela tarde soube que Jesus era realmente um profeta de Deus e lhe pedi: \u2013 Senhor, d\u00e1-me desta \u00e1gua.<\/p>\n<p>Perguntemos a Jo\u00e3o Batista quando se deu o nascimento de Jesus.<br \/> Ele nos responder\u00e1:<\/p>\n<p>Jesus nasceu no instante em que, chegando ao rio Jord\u00e3o, pediu-me que o batizasse.<\/p>\n<p>E ante a meiguice do seu olhar e a majestade da sua figura pude ouvir a mensagem do Alto: Este \u00e9 o meu Filho Amado, no qual pus a minha complac\u00eancia! Compreendi que chegara o momento de ele crescer e eu diminuir, para a gl\u00f3ria de Deus.<\/p>\n<p>Perguntemos a L\u00e1zaro onde e quando nasceu Jesus? Ele nos responder\u00e1: Jesus nasceu em Bet\u00e2nia, na tarde em que visitou o meu t\u00famulo e disse: \u2013 L\u00e1zaro! Levanta.<br \/> Neste momento compreendi finalmente quem ele era\u2026 A Ressurrei\u00e7\u00e3o e a Vida!<\/p>\n<p>Perguntemos a Judas Iscariotes quando se deu o nascimento de Jesus.<br \/> Ele nos responder\u00e1:<\/p>\n<p>Jesus nasceu no instante em que eu assistia ao seu julgamento e a sua condena\u00e7\u00e3o.<br \/> Compreendi que Jesus estava acima de todos os tesouros terrenos.<\/p>\n<p>Perguntemos a Bezerra de Menezes o que ele sabe sobre o nascimento de Jesus e ele nos responder\u00e1:<\/p>\n<p>Jesus nasceu no dia em que desci as escadas da Federa\u00e7\u00e3o Esp\u00edrita Brasileira e um homem se aproximou dizendo: Vim devolver-lhe o abra\u00e7o que me deste em nome de Maria, porque renovei minha f\u00e9 e a confian\u00e7a em Deus.<\/p>\n<p>Foi naquele instante que percebi a Sua miseric\u00f3rdia e o Seu imenso amor pelas criaturas.<\/p>\n<p>Perguntemos, finalmente, a Maria de Nazar\u00e9 onde e quando nasceu Jesus.<br \/> E ela nos responder\u00e1:<\/p>\n<p>Jesus nasceu em Bel\u00e9m, sob as estrelas, que eram focos de luzes guiando os pastores e suas ovelhas ao ber\u00e7o de palha.<br \/> Foi quando o segurei em meus bra\u00e7os pela primeira vez e senti se cumprir a promessa de um novo tempo atrav\u00e9s daquele Menino que Deus enviara ao mundo, para ensinar aos homens a lei maior do amor.<\/p>\n<p>Agora pensemos um pouquinho:<\/p>\n<p>*E para n\u00f3s, quando Jesus nasceu?*<\/p>\n<p>Pensemos mais um pouquinho:<\/p>\n<p>*E se descobrirmos que ele n\u00e3o nasceu?*<\/p>\n<p>Ent\u00e3o, procuremos urgentemente fazer com que ele nas\u00e7a um dia destes, porque, quando isso acontecer, teremos finalmente entendido o Natal e verdadeiramente encontrado a luz.<\/p>\n<p>Que Jesus nas\u00e7a em nossos cora\u00e7\u00f5es e que seja sempre Natal em nossas vidas, para que nunca nos falte a Esperan\u00e7a e a Alegria Crist\u00e3.<\/p>\n<p>*(Francisco C\u00e2ndido Xavier)*<\/p>\n<div class=\"pvc_clear\"><\/div>\n<p id=\"pvc_stats_19240\" class=\"pvc_stats all  \" data-element-id=\"19240\" style=\"\"><i class=\"pvc-stats-icon medium\" aria-hidden=\"true\"><svg aria-hidden=\"true\" focusable=\"false\" data-prefix=\"far\" data-icon=\"chart-bar\" role=\"img\" xmlns=\"http:\/\/www.w3.org\/2000\/svg\" viewBox=\"0 0 512 512\" class=\"svg-inline--fa fa-chart-bar fa-w-16 fa-2x\"><path fill=\"currentColor\" d=\"M396.8 352h22.4c6.4 0 12.8-6.4 12.8-12.8V108.8c0-6.4-6.4-12.8-12.8-12.8h-22.4c-6.4 0-12.8 6.4-12.8 12.8v230.4c0 6.4 6.4 12.8 12.8 12.8zm-192 0h22.4c6.4 0 12.8-6.4 12.8-12.8V140.8c0-6.4-6.4-12.8-12.8-12.8h-22.4c-6.4 0-12.8 6.4-12.8 12.8v198.4c0 6.4 6.4 12.8 12.8 12.8zm96 0h22.4c6.4 0 12.8-6.4 12.8-12.8V204.8c0-6.4-6.4-12.8-12.8-12.8h-22.4c-6.4 0-12.8 6.4-12.8 12.8v134.4c0 6.4 6.4 12.8 12.8 12.8zM496 400H48V80c0-8.84-7.16-16-16-16H16C7.16 64 0 71.16 0 80v336c0 17.67 14.33 32 32 32h464c8.84 0 16-7.16 16-16v-16c0-8.84-7.16-16-16-16zm-387.2-48h22.4c6.4 0 12.8-6.4 12.8-12.8v-70.4c0-6.4-6.4-12.8-12.8-12.8h-22.4c-6.4 0-12.8 6.4-12.8 12.8v70.4c0 6.4 6.4 12.8 12.8 12.8z\" class=\"\"><\/path><\/svg><\/i> <img decoding=\"async\" width=\"16\" height=\"16\" alt=\"Loading\" data-src=\"https:\/\/www.centronocaminhodaluz.com.br\/wp-content\/plugins\/page-views-count\/ajax-loader-2x.gif\" border=0 src=\"data:image\/svg+xml;base64,PHN2ZyB3aWR0aD0iMSIgaGVpZ2h0PSIxIiB4bWxucz0iaHR0cDovL3d3dy53My5vcmcvMjAwMC9zdmciPjwvc3ZnPg==\" class=\"lazyload\" style=\"--smush-placeholder-width: 16px; --smush-placeholder-aspect-ratio: 16\/16;\" \/><\/p>\n<div class=\"pvc_clear\"><\/div>\n","protected":false},"excerpt":{"rendered":"<p>*&#10024;&#127775;&#10024;ONDE JESUS NASCEU SEGUNDO CHICO XAVIER* &#127775;&#127775; Sempre me fiz essa pergunta\u2026 Onde ser\u00e1 que Jesus nasceu? Finalmente, consegui obter uma resposta: Perguntemos a Maria de Magdala, onde e quando nasceu Jesus. E ela nos responder\u00e1: Jesus nasceu em Bet\u00e2nia. Foi certa vez que a sua voz, t\u00e3o cheia de pureza e santidade, despertou em&hellip; <br \/> <a class=\"read-more\" href=\"https:\/\/www.centronocaminhodaluz.com.br\/index.php\/artigo19240\/\">Leia mais<\/a><\/p>\n<div class=\"pvc_clear\"><\/div>\n<p id=\"pvc_stats_19240\" class=\"pvc_stats all  \" data-element-id=\"19240\" style=\"\"><i class=\"pvc-stats-icon medium\" aria-hidden=\"true\"><svg aria-hidden=\"true\" focusable=\"false\" data-prefix=\"far\" data-icon=\"chart-bar\" role=\"img\" xmlns=\"http:\/\/www.w3.org\/2000\/svg\" viewBox=\"0 0 512 512\" class=\"svg-inline--fa fa-chart-bar fa-w-16 fa-2x\"><path fill=\"currentColor\" d=\"M396.8 352h22.4c6.4 0 12.8-6.4 12.8-12.8V108.8c0-6.4-6.4-12.8-12.8-12.8h-22.4c-6.4 0-12.8 6.4-12.8 12.8v230.4c0 6.4 6.4 12.8 12.8 12.8zm-192 0h22.4c6.4 0 12.8-6.4 12.8-12.8V140.8c0-6.4-6.4-12.8-12.8-12.8h-22.4c-6.4 0-12.8 6.4-12.8 12.8v198.4c0 6.4 6.4 12.8 12.8 12.8zm96 0h22.4c6.4 0 12.8-6.4 12.8-12.8V204.8c0-6.4-6.4-12.8-12.8-12.8h-22.4c-6.4 0-12.8 6.4-12.8 12.8v134.4c0 6.4 6.4 12.8 12.8 12.8zM496 400H48V80c0-8.84-7.16-16-16-16H16C7.16 64 0 71.16 0 80v336c0 17.67 14.33 32 32 32h464c8.84 0 16-7.16 16-16v-16c0-8.84-7.16-16-16-16zm-387.2-48h22.4c6.4 0 12.8-6.4 12.8-12.8v-70.4c0-6.4-6.4-12.8-12.8-12.8h-22.4c-6.4 0-12.8 6.4-12.8 12.8v70.4c0 6.4 6.4 12.8 12.8 12.8z\" class=\"\"><\/path><\/svg><\/i> <img decoding=\"async\" width=\"16\" height=\"16\" alt=\"Loading\" data-src=\"https:\/\/www.centronocaminhodaluz.com.br\/wp-content\/plugins\/page-views-count\/ajax-loader-2x.gif\" border=0 src=\"data:image\/svg+xml;base64,PHN2ZyB3aWR0aD0iMSIgaGVpZ2h0PSIxIiB4bWxucz0iaHR0cDovL3d3dy53My5vcmcvMjAwMC9zdmciPjwvc3ZnPg==\" class=\"lazyload\" style=\"--smush-placeholder-width: 16px; --smush-placeholder-aspect-ratio: 16\/16;\" \/><\/p>\n<div class=\"pvc_clear\"><\/div>\n","protected":false},"author":1,"featured_media":0,"comment_status":"Closed","ping_status":"open","sticky":false,"template":"","format":"standard","meta":{"footnotes":""},"categories":[4,16],"tags":[],"class_list":["post-19240","post","type-post","status-publish","format-standard","hentry","category-chico-xavier","category-mensagens-diversas"],"a3_pvc":{"activated":true,"total_views":3782,"today_views":0},"_links":{"self":[{"href":"https:\/\/www.centronocaminhodaluz.com.br\/index.php\/wp-json\/wp\/v2\/posts\/19240","targetHints":{"allow":["GET"]}}],"collection":[{"href":"https:\/\/www.centronocaminhodaluz.com.br\/index.php\/wp-json\/wp\/v2\/posts"}],"about":[{"href":"https:\/\/www.centronocaminhodaluz.com.br\/index.php\/wp-json\/wp\/v2\/types\/post"}],"author":[{"embeddable":true,"href":"https:\/\/www.centronocaminhodaluz.com.br\/index.php\/wp-json\/wp\/v2\/users\/1"}],"replies":[{"embeddable":true,"href":"https:\/\/www.centronocaminhodaluz.com.br\/index.php\/wp-json\/wp\/v2\/comments?post=19240"}],"version-history":[{"count":0,"href":"https:\/\/www.centronocaminhodaluz.com.br\/index.php\/wp-json\/wp\/v2\/posts\/19240\/revisions"}],"wp:attachment":[{"href":"https:\/\/www.centronocaminhodaluz.com.br\/index.php\/wp-json\/wp\/v2\/media?parent=19240"}],"wp:term":[{"taxonomy":"category","embeddable":true,"href":"https:\/\/www.centronocaminhodaluz.com.br\/index.php\/wp-json\/wp\/v2\/categories?post=19240"},{"taxonomy":"post_tag","embeddable":true,"href":"https:\/\/www.centronocaminhodaluz.com.br\/index.php\/wp-json\/wp\/v2\/tags?post=19240"}],"curies":[{"name":"wp","href":"https:\/\/api.w.org\/{rel}","templated":true}]}}