{"id":19267,"date":"2023-01-13T10:12:00","date_gmt":"2023-01-13T10:12:00","guid":{"rendered":""},"modified":"2023-01-13T10:12:00","modified_gmt":"2023-01-13T10:12:00","slug":"artigo19267","status":"publish","type":"post","link":"https:\/\/www.centronocaminhodaluz.com.br\/index.php\/artigo19267\/","title":{"rendered":"O primeiro culto crist\u00e3o no lar &#8211; Reda\u00e7\u00e3o do Momento Esp\u00edrita"},"content":{"rendered":"<p>A noite era de estrelas e luar.<\/p>\n<p>Na Terra, uma vez mais, o Mestre escolhia resid\u00eancia humilde para trazer li\u00e7\u00e3o inesquec\u00edvel.<\/p>\n<p>Dessa vez, n\u00e3o era a estalagem singela onde poucos animais puderam ouvir o canto de gratid\u00e3o de uma m\u00e3e e de um pai.<\/p>\n<p>Nessa noite, era a casa de um pescador, aquele que atendera, prontamente, ao Seu convite: Segui-me, e eu farei de v\u00f3s pescadores de homens.<\/p>\n<p>A casa de Sim\u00e3o Pedro jamais seria a mesma.<br \/>.<br \/>.<\/p>\n<p>Como se desejasse imprimir novo rumo \u00e0s conversas, que estavam improdutivas e nada edificantes, Jesus exp\u00f4s com bondade:<\/p>\n<p>O ber\u00e7o dom\u00e9stico \u00e9 a primeira escola e o primeiro templo da alma.<br \/> A casa do homem \u00e9 a leg\u00edtima exportadora de caracteres para a vida comum.<\/p>\n<p>A paz do mundo come\u00e7a sob as telhas a que nos acolhemos.<br \/> Se n\u00e3o aprendemos a viver em paz, entre quatro paredes, como aguardar a harmonia das na\u00e7\u00f5es? Se n\u00e3o nos habituamos a amar o irm\u00e3o mais pr\u00f3ximo, associado \u00e0 nossa luta de cada dia, como respeitar o eterno Pai que nos parece distante?<\/p>\n<p>Jesus passeou o olhar pela sala modesta, fez pequeno intervalo e continuou:<\/p>\n<p>Pedro, acendamos aqui, em torno de quantos nos procuram a assist\u00eancia fraterna, uma claridade nova.<\/p>\n<p>A mesa de tua casa \u00e9 o lar de teu p\u00e3o.<br \/> Nela, recebes do Senhor o alimento para cada dia.<br \/> Por que n\u00e3o instalar, ao redor dela, a sementeira da felicidade e da paz na conversa\u00e7\u00e3o e no pensamento?<\/p>\n<p>O Pai, que nos d\u00e1 o trigo para o celeiro, atrav\u00e9s do solo, nos envia a luz atrav\u00e9s do c\u00e9u.<\/p>\n<p>Se a claridade \u00e9 a expans\u00e3o dos raios que a constituem, a fartura come\u00e7a no gr\u00e3o.<br \/> Em raz\u00e3o disso, o Evangelho n\u00e3o foi iniciado sobre a multid\u00e3o, mas, sim, no singelo domic\u00edlio dos pastores e dos animais.<\/p>\n<p>Naquele instante, Jesus propunha, com muita naturalidade, a pr\u00e1tica da reflex\u00e3o dos textos sagrados dentro do lar.<\/p>\n<p>Lembrando que \u00e0 \u00e9poca n\u00e3o havia livros; as leituras dos textos da Tor\u00e1 eram realizadas nas sinagogas e ainda, apenas os homens tinham acesso ao conte\u00fado da chamada lei e os profetas.<\/p>\n<p>Quando Jesus prop\u00f5e essa pr\u00e1tica dom\u00e9stica, Ele altera esse panorama.<\/p>\n<p>Jesus propunha uma conversa regular, dentro de casa, sobre os textos da lei, o que muitos conhecemos como Evangelho no lar, no qual nos servimos das li\u00e7\u00f5es do pr\u00f3prio Cristo para enriquecer as conversa\u00e7\u00f5es.<\/p>\n<p>Jesus n\u00e3o lhe deu nome.<br \/> N\u00e3o o rotulou.<br \/> Prop\u00f4s, apenas, que fosse um momento em fam\u00edlia, em que todos, na casa, pudessem ter voz, pudessem expor suas ideias e tamb\u00e9m pudessem ouvir.<\/p>\n<p>Em todos os cultos realizados na casa de Pedro, o Mestre demonstrou o quanto sabia escutar, mesmo sendo Ele o Caminho, a Verdade e a Vida.<\/p>\n<p>Sigamos mais esse exemplo.<br \/> Guardemos um momento semanal na rotina de nosso lar para a ora\u00e7\u00e3o e breve leitura de texto do livro da vida.<\/p>\n<p>Depois, permitamos que todos, crian\u00e7as, jovens e adultos, se manifestem, dizendo de como aqueles ditos lhes falam ao cora\u00e7\u00e3o.<\/p>\n<p>Perceberemos o quanto de do\u00e7ura e de entendimento existe nos cora\u00e7\u00f5es dos que nos comp\u00f5em o lar.<\/p>\n<p>E, mais do que tudo, verificaremos os benef\u00edcios que esse encontro semanal trar\u00e1 ao nosso lar.<\/p>\n<p>A paz no mundo come\u00e7a com a paz no lar.<\/p>\n<p>Reda\u00e7\u00e3o do Momento Esp\u00edrita com base no cap I,<br \/>\n<br \/> do livro Jesus no Lar, pelo Esp\u00edrito N\u00e9io Lucio,<br \/>\n<br \/> psicografia de Francisco C\u00e2ndido Xavier,<br \/>\n<br \/> ed.<br \/> FEB.<\/p>\n<p>Em 20.<br \/>4.<br \/>2022.<\/p>\n<div class=\"pvc_clear\"><\/div>\n<p id=\"pvc_stats_19267\" class=\"pvc_stats all  \" data-element-id=\"19267\" style=\"\"><i class=\"pvc-stats-icon medium\" aria-hidden=\"true\"><svg aria-hidden=\"true\" focusable=\"false\" data-prefix=\"far\" data-icon=\"chart-bar\" role=\"img\" xmlns=\"http:\/\/www.w3.org\/2000\/svg\" viewBox=\"0 0 512 512\" class=\"svg-inline--fa fa-chart-bar fa-w-16 fa-2x\"><path fill=\"currentColor\" d=\"M396.8 352h22.4c6.4 0 12.8-6.4 12.8-12.8V108.8c0-6.4-6.4-12.8-12.8-12.8h-22.4c-6.4 0-12.8 6.4-12.8 12.8v230.4c0 6.4 6.4 12.8 12.8 12.8zm-192 0h22.4c6.4 0 12.8-6.4 12.8-12.8V140.8c0-6.4-6.4-12.8-12.8-12.8h-22.4c-6.4 0-12.8 6.4-12.8 12.8v198.4c0 6.4 6.4 12.8 12.8 12.8zm96 0h22.4c6.4 0 12.8-6.4 12.8-12.8V204.8c0-6.4-6.4-12.8-12.8-12.8h-22.4c-6.4 0-12.8 6.4-12.8 12.8v134.4c0 6.4 6.4 12.8 12.8 12.8zM496 400H48V80c0-8.84-7.16-16-16-16H16C7.16 64 0 71.16 0 80v336c0 17.67 14.33 32 32 32h464c8.84 0 16-7.16 16-16v-16c0-8.84-7.16-16-16-16zm-387.2-48h22.4c6.4 0 12.8-6.4 12.8-12.8v-70.4c0-6.4-6.4-12.8-12.8-12.8h-22.4c-6.4 0-12.8 6.4-12.8 12.8v70.4c0 6.4 6.4 12.8 12.8 12.8z\" class=\"\"><\/path><\/svg><\/i> <img decoding=\"async\" width=\"16\" height=\"16\" alt=\"Loading\" data-src=\"https:\/\/www.centronocaminhodaluz.com.br\/wp-content\/plugins\/page-views-count\/ajax-loader-2x.gif\" border=0 src=\"data:image\/svg+xml;base64,PHN2ZyB3aWR0aD0iMSIgaGVpZ2h0PSIxIiB4bWxucz0iaHR0cDovL3d3dy53My5vcmcvMjAwMC9zdmciPjwvc3ZnPg==\" class=\"lazyload\" style=\"--smush-placeholder-width: 16px; --smush-placeholder-aspect-ratio: 16\/16;\" \/><\/p>\n<div class=\"pvc_clear\"><\/div>\n","protected":false},"excerpt":{"rendered":"<p>A noite era de estrelas e luar. Na Terra, uma vez mais, o Mestre escolhia resid\u00eancia humilde para trazer li\u00e7\u00e3o inesquec\u00edvel. Dessa vez, n\u00e3o era a estalagem singela onde poucos animais puderam ouvir o canto de gratid\u00e3o de uma m\u00e3e e de um pai. Nessa noite, era a casa de um pescador, aquele que atendera,&hellip; <br \/> <a class=\"read-more\" href=\"https:\/\/www.centronocaminhodaluz.com.br\/index.php\/artigo19267\/\">Leia mais<\/a><\/p>\n<div class=\"pvc_clear\"><\/div>\n<p id=\"pvc_stats_19267\" class=\"pvc_stats all  \" data-element-id=\"19267\" style=\"\"><i class=\"pvc-stats-icon medium\" aria-hidden=\"true\"><svg aria-hidden=\"true\" focusable=\"false\" data-prefix=\"far\" data-icon=\"chart-bar\" role=\"img\" xmlns=\"http:\/\/www.w3.org\/2000\/svg\" viewBox=\"0 0 512 512\" class=\"svg-inline--fa fa-chart-bar fa-w-16 fa-2x\"><path fill=\"currentColor\" d=\"M396.8 352h22.4c6.4 0 12.8-6.4 12.8-12.8V108.8c0-6.4-6.4-12.8-12.8-12.8h-22.4c-6.4 0-12.8 6.4-12.8 12.8v230.4c0 6.4 6.4 12.8 12.8 12.8zm-192 0h22.4c6.4 0 12.8-6.4 12.8-12.8V140.8c0-6.4-6.4-12.8-12.8-12.8h-22.4c-6.4 0-12.8 6.4-12.8 12.8v198.4c0 6.4 6.4 12.8 12.8 12.8zm96 0h22.4c6.4 0 12.8-6.4 12.8-12.8V204.8c0-6.4-6.4-12.8-12.8-12.8h-22.4c-6.4 0-12.8 6.4-12.8 12.8v134.4c0 6.4 6.4 12.8 12.8 12.8zM496 400H48V80c0-8.84-7.16-16-16-16H16C7.16 64 0 71.16 0 80v336c0 17.67 14.33 32 32 32h464c8.84 0 16-7.16 16-16v-16c0-8.84-7.16-16-16-16zm-387.2-48h22.4c6.4 0 12.8-6.4 12.8-12.8v-70.4c0-6.4-6.4-12.8-12.8-12.8h-22.4c-6.4 0-12.8 6.4-12.8 12.8v70.4c0 6.4 6.4 12.8 12.8 12.8z\" class=\"\"><\/path><\/svg><\/i> <img decoding=\"async\" width=\"16\" height=\"16\" alt=\"Loading\" data-src=\"https:\/\/www.centronocaminhodaluz.com.br\/wp-content\/plugins\/page-views-count\/ajax-loader-2x.gif\" border=0 src=\"data:image\/svg+xml;base64,PHN2ZyB3aWR0aD0iMSIgaGVpZ2h0PSIxIiB4bWxucz0iaHR0cDovL3d3dy53My5vcmcvMjAwMC9zdmciPjwvc3ZnPg==\" class=\"lazyload\" style=\"--smush-placeholder-width: 16px; --smush-placeholder-aspect-ratio: 16\/16;\" \/><\/p>\n<div class=\"pvc_clear\"><\/div>\n","protected":false},"author":1,"featured_media":0,"comment_status":"Closed","ping_status":"open","sticky":false,"template":"","format":"standard","meta":{"footnotes":""},"categories":[16],"tags":[],"class_list":["post-19267","post","type-post","status-publish","format-standard","hentry","category-mensagens-diversas"],"a3_pvc":{"activated":true,"total_views":327,"today_views":0},"_links":{"self":[{"href":"https:\/\/www.centronocaminhodaluz.com.br\/index.php\/wp-json\/wp\/v2\/posts\/19267","targetHints":{"allow":["GET"]}}],"collection":[{"href":"https:\/\/www.centronocaminhodaluz.com.br\/index.php\/wp-json\/wp\/v2\/posts"}],"about":[{"href":"https:\/\/www.centronocaminhodaluz.com.br\/index.php\/wp-json\/wp\/v2\/types\/post"}],"author":[{"embeddable":true,"href":"https:\/\/www.centronocaminhodaluz.com.br\/index.php\/wp-json\/wp\/v2\/users\/1"}],"replies":[{"embeddable":true,"href":"https:\/\/www.centronocaminhodaluz.com.br\/index.php\/wp-json\/wp\/v2\/comments?post=19267"}],"version-history":[{"count":0,"href":"https:\/\/www.centronocaminhodaluz.com.br\/index.php\/wp-json\/wp\/v2\/posts\/19267\/revisions"}],"wp:attachment":[{"href":"https:\/\/www.centronocaminhodaluz.com.br\/index.php\/wp-json\/wp\/v2\/media?parent=19267"}],"wp:term":[{"taxonomy":"category","embeddable":true,"href":"https:\/\/www.centronocaminhodaluz.com.br\/index.php\/wp-json\/wp\/v2\/categories?post=19267"},{"taxonomy":"post_tag","embeddable":true,"href":"https:\/\/www.centronocaminhodaluz.com.br\/index.php\/wp-json\/wp\/v2\/tags?post=19267"}],"curies":[{"name":"wp","href":"https:\/\/api.w.org\/{rel}","templated":true}]}}