{"id":19318,"date":"2023-02-24T12:12:00","date_gmt":"2023-02-24T12:12:00","guid":{"rendered":""},"modified":"2023-02-24T12:12:00","modified_gmt":"2023-02-24T12:12:00","slug":"artigo19318","status":"publish","type":"post","link":"https:\/\/www.centronocaminhodaluz.com.br\/index.php\/artigo19318\/","title":{"rendered":"Quando chegar a minha vez &#8211; Reda\u00e7\u00e3o do Momento Esp\u00edrita"},"content":{"rendered":"<p>A not\u00edcia me surpreendeu, pela madrugada.<br \/> Em acidente de tr\u00e2nsito, perdera a vida f\u00edsica o filho de uma querida amiga.<\/p>\n<p>Imaginei o quanto ela deveria estar com a alma estra\u00e7alhada.<br \/> Embora, como eu, guarde a convic\u00e7\u00e3o da vida imperec\u00edvel, a morte continua a nos assustar, quando se apresenta.<\/p>\n<p>Por vezes, quase nos tira o ch\u00e3o.<br \/> Parece irreal.<\/p>\n<p>Hoje foi um jovem, no vigor dos anos.<br \/> No entanto, nos \u00faltimos meses, tenho assistido a partida de muitos amigos, volunt\u00e1rios, conhecidos.<\/p>\n<p>Nesses momentos, penso: Ele estar\u00e1 bem? Estava preparado para essa sa\u00edda do mundo palp\u00e1vel?<\/p>\n<p>De repente, me surge a indaga\u00e7\u00e3o: E se a morte me visitasse hoje, eu estaria pronto para seguir com ela?<\/p>\n<p>Teria aquela tranquilidade de Francisco de Assis que, enquanto trabalhava em seu jardim, ao ser perguntado o que faria se soubesse que a morte o viria buscar nesse dia, respondeu: Continuaria capinando?<\/p>\n<p>Ele vivia t\u00e3o bem os seus dias, que trazia a alma em perfeita harmonia.<br \/> Poderia partir a qualquer momento.<\/p>\n<p>No entanto, eu, ante essa pergunta, de forma r\u00e1pida fui repassando pela mente: o seguro de vida est\u00e1 quitado.<br \/> Isso dar\u00e1 aos que ficam o prosseguimento das suas vidas, sem percal\u00e7os.<\/p>\n<p>O conv\u00eanio funeral igualmente est\u00e1 em dia.<br \/> Ent\u00e3o, os familiares n\u00e3o passar\u00e3o por dissabores com preparativos e valores para o sepultamento do meu corpo.<\/p>\n<p>A senha da conta corrente est\u00e1 em m\u00e3os de parente querido, d\u00e9bitos a serem saldados, recursos a serem recebidos, uma lista enorme, tudo em m\u00e3os h\u00e1beis, para as provid\u00eancias.<\/p>\n<p>Pensei: Posso partir, sem susto.<\/p>\n<p>Ent\u00e3o, num flash, uma ideia atravessou minha mente.<\/p>\n<p>Lembrei do epis\u00f3dio do Evangelho em que Jesus relata a hist\u00f3ria do homem que mandou erguer mais celeiros, para guardar todos os seus frutos, pensando, depois, que poderia descansar, comer, beber e folgar.<\/p>\n<p>Mas, conclui o mestre: Louco! Esta noite te pedir\u00e3o a tua alma.<br \/>  E o que tens preparado, para quem ser\u00e1?<\/p>\n<p>Assim \u00e9 aquele que para si ajunta tesouros, e n\u00e3o \u00e9 rico para com Deus.<\/p>\n<p>Dei-me conta de que estou agindo exatamente como esse homem.<\/p>\n<p>Se a morte me vier buscar, agora, qual a bagagem que poderei levar comigo?<\/p>\n<p>E me questiono: Quais virtudes coloquei no ba\u00fa da alma, para apresentar perante o tribunal da consci\u00eancia, na Espiritualidade, na qual adentrarei?<\/p>\n<p>Que boas a\u00e7\u00f5es pratiquei para enriquecer o enxoval para a nova vida?<\/p>\n<p>Terei semeado mais amizades, afei\u00e7\u00f5es do que inimigos e desafetos?<\/p>\n<p>Fui colocando na mala, para essa viagem final, tudo de que me lembrava.<\/p>\n<p>Descobri que nem preciso de uma mala, bastar\u00e1 uma pequena, muito pequena valise de m\u00e3o.<\/p>\n<p>Assustei-me.<br \/> Tantos anos vividos.<br \/> T\u00e3o poucas realiza\u00e7\u00f5es.<br \/> Cresci no intelecto, conquistei t\u00edtulos acad\u00eamicos, venci no mundo em v\u00e1rias facetas.<\/p>\n<p>Somente esqueci de semear bem-aventuran\u00e7as em minha alma.<\/p>\n<p>Preciso apressar-me.<br \/> O tempo urge.<\/p>\n<p>Permita Deus que novos dias se multipliquem para que eu possa acrescentar mais alguns bons itens na bagagem espiritual.<\/p>\n<p>Alvorece o dia, a hora se faz de urg\u00eancia.<\/p>\n<p>Ponho-me a caminho, enquanto as horas avan\u00e7am.<br \/>.<br \/>.<\/p>\n<p>Ser\u00e1 este o meu \u00faltimo dia?<\/p>\n<p>Reda\u00e7\u00e3o do Momento Esp\u00edrita, com cita\u00e7\u00e3o do<br \/>\n<br \/> Evangelho de Lucas, cap.<br \/> 12, itens 19 a 21.<\/p>\n<p>Em 17.<br \/>2.<br \/>2023.<\/p>\n<div class=\"pvc_clear\"><\/div>\n<p id=\"pvc_stats_19318\" class=\"pvc_stats all  \" data-element-id=\"19318\" style=\"\"><i class=\"pvc-stats-icon medium\" aria-hidden=\"true\"><svg aria-hidden=\"true\" focusable=\"false\" data-prefix=\"far\" data-icon=\"chart-bar\" role=\"img\" xmlns=\"http:\/\/www.w3.org\/2000\/svg\" viewBox=\"0 0 512 512\" class=\"svg-inline--fa fa-chart-bar fa-w-16 fa-2x\"><path fill=\"currentColor\" d=\"M396.8 352h22.4c6.4 0 12.8-6.4 12.8-12.8V108.8c0-6.4-6.4-12.8-12.8-12.8h-22.4c-6.4 0-12.8 6.4-12.8 12.8v230.4c0 6.4 6.4 12.8 12.8 12.8zm-192 0h22.4c6.4 0 12.8-6.4 12.8-12.8V140.8c0-6.4-6.4-12.8-12.8-12.8h-22.4c-6.4 0-12.8 6.4-12.8 12.8v198.4c0 6.4 6.4 12.8 12.8 12.8zm96 0h22.4c6.4 0 12.8-6.4 12.8-12.8V204.8c0-6.4-6.4-12.8-12.8-12.8h-22.4c-6.4 0-12.8 6.4-12.8 12.8v134.4c0 6.4 6.4 12.8 12.8 12.8zM496 400H48V80c0-8.84-7.16-16-16-16H16C7.16 64 0 71.16 0 80v336c0 17.67 14.33 32 32 32h464c8.84 0 16-7.16 16-16v-16c0-8.84-7.16-16-16-16zm-387.2-48h22.4c6.4 0 12.8-6.4 12.8-12.8v-70.4c0-6.4-6.4-12.8-12.8-12.8h-22.4c-6.4 0-12.8 6.4-12.8 12.8v70.4c0 6.4 6.4 12.8 12.8 12.8z\" class=\"\"><\/path><\/svg><\/i> <img decoding=\"async\" width=\"16\" height=\"16\" alt=\"Loading\" data-src=\"https:\/\/www.centronocaminhodaluz.com.br\/wp-content\/plugins\/page-views-count\/ajax-loader-2x.gif\" border=0 src=\"data:image\/svg+xml;base64,PHN2ZyB3aWR0aD0iMSIgaGVpZ2h0PSIxIiB4bWxucz0iaHR0cDovL3d3dy53My5vcmcvMjAwMC9zdmciPjwvc3ZnPg==\" class=\"lazyload\" style=\"--smush-placeholder-width: 16px; --smush-placeholder-aspect-ratio: 16\/16;\" \/><\/p>\n<div class=\"pvc_clear\"><\/div>\n","protected":false},"excerpt":{"rendered":"<p>A not\u00edcia me surpreendeu, pela madrugada. Em acidente de tr\u00e2nsito, perdera a vida f\u00edsica o filho de uma querida amiga. Imaginei o quanto ela deveria estar com a alma estra\u00e7alhada. Embora, como eu, guarde a convic\u00e7\u00e3o da vida imperec\u00edvel, a morte continua a nos assustar, quando se apresenta. Por vezes, quase nos tira o ch\u00e3o.&hellip; <br \/> <a class=\"read-more\" href=\"https:\/\/www.centronocaminhodaluz.com.br\/index.php\/artigo19318\/\">Leia mais<\/a><\/p>\n<div class=\"pvc_clear\"><\/div>\n<p id=\"pvc_stats_19318\" class=\"pvc_stats all  \" data-element-id=\"19318\" style=\"\"><i class=\"pvc-stats-icon medium\" aria-hidden=\"true\"><svg aria-hidden=\"true\" focusable=\"false\" data-prefix=\"far\" data-icon=\"chart-bar\" role=\"img\" xmlns=\"http:\/\/www.w3.org\/2000\/svg\" viewBox=\"0 0 512 512\" class=\"svg-inline--fa fa-chart-bar fa-w-16 fa-2x\"><path fill=\"currentColor\" d=\"M396.8 352h22.4c6.4 0 12.8-6.4 12.8-12.8V108.8c0-6.4-6.4-12.8-12.8-12.8h-22.4c-6.4 0-12.8 6.4-12.8 12.8v230.4c0 6.4 6.4 12.8 12.8 12.8zm-192 0h22.4c6.4 0 12.8-6.4 12.8-12.8V140.8c0-6.4-6.4-12.8-12.8-12.8h-22.4c-6.4 0-12.8 6.4-12.8 12.8v198.4c0 6.4 6.4 12.8 12.8 12.8zm96 0h22.4c6.4 0 12.8-6.4 12.8-12.8V204.8c0-6.4-6.4-12.8-12.8-12.8h-22.4c-6.4 0-12.8 6.4-12.8 12.8v134.4c0 6.4 6.4 12.8 12.8 12.8zM496 400H48V80c0-8.84-7.16-16-16-16H16C7.16 64 0 71.16 0 80v336c0 17.67 14.33 32 32 32h464c8.84 0 16-7.16 16-16v-16c0-8.84-7.16-16-16-16zm-387.2-48h22.4c6.4 0 12.8-6.4 12.8-12.8v-70.4c0-6.4-6.4-12.8-12.8-12.8h-22.4c-6.4 0-12.8 6.4-12.8 12.8v70.4c0 6.4 6.4 12.8 12.8 12.8z\" class=\"\"><\/path><\/svg><\/i> <img decoding=\"async\" width=\"16\" height=\"16\" alt=\"Loading\" data-src=\"https:\/\/www.centronocaminhodaluz.com.br\/wp-content\/plugins\/page-views-count\/ajax-loader-2x.gif\" border=0 src=\"data:image\/svg+xml;base64,PHN2ZyB3aWR0aD0iMSIgaGVpZ2h0PSIxIiB4bWxucz0iaHR0cDovL3d3dy53My5vcmcvMjAwMC9zdmciPjwvc3ZnPg==\" class=\"lazyload\" style=\"--smush-placeholder-width: 16px; --smush-placeholder-aspect-ratio: 16\/16;\" \/><\/p>\n<div class=\"pvc_clear\"><\/div>\n","protected":false},"author":1,"featured_media":0,"comment_status":"Closed","ping_status":"open","sticky":false,"template":"","format":"standard","meta":{"footnotes":""},"categories":[16],"tags":[],"class_list":["post-19318","post","type-post","status-publish","format-standard","hentry","category-mensagens-diversas"],"a3_pvc":{"activated":true,"total_views":225,"today_views":0},"_links":{"self":[{"href":"https:\/\/www.centronocaminhodaluz.com.br\/index.php\/wp-json\/wp\/v2\/posts\/19318","targetHints":{"allow":["GET"]}}],"collection":[{"href":"https:\/\/www.centronocaminhodaluz.com.br\/index.php\/wp-json\/wp\/v2\/posts"}],"about":[{"href":"https:\/\/www.centronocaminhodaluz.com.br\/index.php\/wp-json\/wp\/v2\/types\/post"}],"author":[{"embeddable":true,"href":"https:\/\/www.centronocaminhodaluz.com.br\/index.php\/wp-json\/wp\/v2\/users\/1"}],"replies":[{"embeddable":true,"href":"https:\/\/www.centronocaminhodaluz.com.br\/index.php\/wp-json\/wp\/v2\/comments?post=19318"}],"version-history":[{"count":0,"href":"https:\/\/www.centronocaminhodaluz.com.br\/index.php\/wp-json\/wp\/v2\/posts\/19318\/revisions"}],"wp:attachment":[{"href":"https:\/\/www.centronocaminhodaluz.com.br\/index.php\/wp-json\/wp\/v2\/media?parent=19318"}],"wp:term":[{"taxonomy":"category","embeddable":true,"href":"https:\/\/www.centronocaminhodaluz.com.br\/index.php\/wp-json\/wp\/v2\/categories?post=19318"},{"taxonomy":"post_tag","embeddable":true,"href":"https:\/\/www.centronocaminhodaluz.com.br\/index.php\/wp-json\/wp\/v2\/tags?post=19318"}],"curies":[{"name":"wp","href":"https:\/\/api.w.org\/{rel}","templated":true}]}}