{"id":19335,"date":"2023-03-10T11:12:00","date_gmt":"2023-03-10T11:12:00","guid":{"rendered":""},"modified":"2023-03-10T11:12:00","modified_gmt":"2023-03-10T11:12:00","slug":"artigo19335","status":"publish","type":"post","link":"https:\/\/www.centronocaminhodaluz.com.br\/index.php\/artigo19335\/","title":{"rendered":"Despertemos Jesus &#8211; Reda\u00e7\u00e3o do Momento Esp\u00edrita"},"content":{"rendered":"<p>Os pescadores experientes, conhecedores do Mar da Galileia, sabiam que as \u00e1guas, habitualmente serenas, costumavam se alterar, nos meses de mar\u00e7o-abril e setembro-outubro.<\/p>\n<p>Nesses per\u00edodos, se agitavam, de repente, levantando vagas a alturas desmedidas, sacudidas por ventos tormentosos.<\/p>\n<p>Ent\u00e3o, os pescadores evitavam adentrar nessas \u00e1guas trai\u00e7oeiras, entre o meio-dia e a meia-noite, a fim de se pouparem das surpresas tempestuosas.<\/p>\n<p>Naquele dia, em torno das cinco horas da tarde, Jesus estava extenuado.<br \/> Dirigiu-se a Pedro e lhe perguntou se os barcos estavam prontos.<\/p>\n<p>Ante a afirmativa do ap\u00f3stolo, disse que precisavam alcan\u00e7ar a outra margem, antes da alvorada.<\/p>\n<p>Sim\u00e3o o alertou dos perigos.<br \/> Mas, o Mestre insiste e partem os barcos.<\/p>\n<p>Num deles, vai o Mestre.<br \/> Toma de uma almofada, se acomoda e logo adormece, serenamente.<\/p>\n<p>O in\u00edcio da viagem se faz tranquilo.<br \/> Logo, as cidades da orla v\u00e3o acendendo as luzes.<br \/> No c\u00e9u brilham os astros de Deus.<br \/> Brisa suave sopra.<\/p>\n<p>De repente, uma agita\u00e7\u00e3o violenta nas \u00e1guas, um turbilh\u00e3o de vento e o c\u00e9u escurece.<br \/> Rel\u00e2mpagos, trov\u00f5es, ondas enormes, risco de naufr\u00e1gio.<\/p>\n<p>A confian\u00e7a inicial \u00e9 superada pelo medo.<br \/> Admiram-se que Jesus prossiga a dormir tranquilamente.<\/p>\n<p>Finalmente, o resolvem despertar e quase repreendendo, lhe dizem: Senhor, desperta, n\u00e3o v\u00ea que vamos todos afundar?<\/p>\n<p>O Mestre se levanta.<br \/> Sua figura se recorta firme, contra a escurid\u00e3o da noite, entrecortada por raios vez ou outra.<\/p>\n<p>Ergue os bra\u00e7os e ordena aos ventos: Calai-vos.<br \/> Emudecei.<\/p>\n<p>Depois, se volta para o mar: Aquieta-te.<\/p>\n<p>Cessam os ventos, acalma-se a borrasca.<br \/> Sobrev\u00e9m a calmaria.<\/p>\n<p>Jesus se dirige aos disc\u00edpulos e lhes indaga: Por que o medo? N\u00e3o tendes confian\u00e7a?<\/p>\n<p>Eles conviviam com Ele.<br \/> Haviam observado muitas maravilhas, que diziam do Seu poder.<br \/> No entanto, temem ainda assim.<\/p>\n<p>Nem o fato de Jesus dormir tranquilo lhes confere a certeza de que nada de mal acontecer\u00e1.<br \/> Se Jesus est\u00e1 sereno, \u00e9 porque tudo est\u00e1 bem.<\/p>\n<p>Eles O despertam e pedem socorro.<\/p>\n<p>*  *  *<\/p>\n<p>Todos estamos na barca chamada Terra.<\/p>\n<p>Em algum momento, optamos ou nos foi determinado, pela lei de progresso, que deix\u00e1ssemos o mundo<\/p>\n<p>Embarcamos, sob os cuidados do Divino Pastor.<\/p>\n<p>\u00c9 de nos perguntarmos por que temos tanto medo, quando as tempestades da vida nos alcan\u00e7am.<\/p>\n<p>Com certeza, \u00e9 porque n\u00e3o nos damos conta de que nesta barca, conosco, embarcou Jesus.<\/p>\n<p>Parece que esquecemos que Ele est\u00e1 conosco.<\/p>\n<p>Por isso, sem que saibamos como, conseguimos suportar horas amargas.<\/p>\n<p>Precisamos despertar Jesus em n\u00f3s.<br \/> Como?<\/p>\n<p>Temos que fazer sil\u00eancio interior para que consigamos encontrar Jesus e acord\u00e1-lO com suavidade para que mantenhamos a confian\u00e7a.<\/p>\n<p>Jesus est\u00e1 na barca.<br \/> N\u00e3o deixemos que os problemas mais complexos cheguem para que decidamos acord\u00e1-lO.<\/p>\n<p>Ou\u00e7amos os suaves c\u00e2nticos da manjedoura, o coro dos anjos, a brisa cantante das margens do Mar da Galileia.<br \/> Fa\u00e7amos o necess\u00e1rio esfor\u00e7o para sentirmos Jesus.<br \/> Ele est\u00e1 conosco nesta jornada.<\/p>\n<p>Com suavidade e ternura, O despertemos em n\u00f3s.<\/p>\n<p>Ele acalmar\u00e1 todas as tempestades.<\/p>\n<p>Reda\u00e7\u00e3o do Momento Esp\u00edrita, com base no cap.<br \/> 6, do livro<br \/>\n<br \/> Luz do Mundo, pelo Esp\u00edrito Am\u00e9lia Rodrigues, psicografia de<br \/>\n<br \/> Divaldo Pereira Franco, ed.<br \/> LEAL e no artigo A tempestade<br \/>\n<br \/>acalmada e a nossa reencarna\u00e7\u00e3o, de Marcelo An\u00e1tocles Ferreira.<\/p>\n<p>Em 4.<br \/>3.<br \/>2023.<\/p>\n<div class=\"pvc_clear\"><\/div>\n<p id=\"pvc_stats_19335\" class=\"pvc_stats all  \" data-element-id=\"19335\" style=\"\"><i class=\"pvc-stats-icon medium\" aria-hidden=\"true\"><svg aria-hidden=\"true\" focusable=\"false\" data-prefix=\"far\" data-icon=\"chart-bar\" role=\"img\" xmlns=\"http:\/\/www.w3.org\/2000\/svg\" viewBox=\"0 0 512 512\" class=\"svg-inline--fa fa-chart-bar fa-w-16 fa-2x\"><path fill=\"currentColor\" d=\"M396.8 352h22.4c6.4 0 12.8-6.4 12.8-12.8V108.8c0-6.4-6.4-12.8-12.8-12.8h-22.4c-6.4 0-12.8 6.4-12.8 12.8v230.4c0 6.4 6.4 12.8 12.8 12.8zm-192 0h22.4c6.4 0 12.8-6.4 12.8-12.8V140.8c0-6.4-6.4-12.8-12.8-12.8h-22.4c-6.4 0-12.8 6.4-12.8 12.8v198.4c0 6.4 6.4 12.8 12.8 12.8zm96 0h22.4c6.4 0 12.8-6.4 12.8-12.8V204.8c0-6.4-6.4-12.8-12.8-12.8h-22.4c-6.4 0-12.8 6.4-12.8 12.8v134.4c0 6.4 6.4 12.8 12.8 12.8zM496 400H48V80c0-8.84-7.16-16-16-16H16C7.16 64 0 71.16 0 80v336c0 17.67 14.33 32 32 32h464c8.84 0 16-7.16 16-16v-16c0-8.84-7.16-16-16-16zm-387.2-48h22.4c6.4 0 12.8-6.4 12.8-12.8v-70.4c0-6.4-6.4-12.8-12.8-12.8h-22.4c-6.4 0-12.8 6.4-12.8 12.8v70.4c0 6.4 6.4 12.8 12.8 12.8z\" class=\"\"><\/path><\/svg><\/i> <img decoding=\"async\" width=\"16\" height=\"16\" alt=\"Loading\" data-src=\"https:\/\/www.centronocaminhodaluz.com.br\/wp-content\/plugins\/page-views-count\/ajax-loader-2x.gif\" border=0 src=\"data:image\/svg+xml;base64,PHN2ZyB3aWR0aD0iMSIgaGVpZ2h0PSIxIiB4bWxucz0iaHR0cDovL3d3dy53My5vcmcvMjAwMC9zdmciPjwvc3ZnPg==\" class=\"lazyload\" style=\"--smush-placeholder-width: 16px; --smush-placeholder-aspect-ratio: 16\/16;\" \/><\/p>\n<div class=\"pvc_clear\"><\/div>\n","protected":false},"excerpt":{"rendered":"<p>Os pescadores experientes, conhecedores do Mar da Galileia, sabiam que as \u00e1guas, habitualmente serenas, costumavam se alterar, nos meses de mar\u00e7o-abril e setembro-outubro. Nesses per\u00edodos, se agitavam, de repente, levantando vagas a alturas desmedidas, sacudidas por ventos tormentosos. Ent\u00e3o, os pescadores evitavam adentrar nessas \u00e1guas trai\u00e7oeiras, entre o meio-dia e a meia-noite, a fim de&hellip; <br \/> <a class=\"read-more\" href=\"https:\/\/www.centronocaminhodaluz.com.br\/index.php\/artigo19335\/\">Leia mais<\/a><\/p>\n<div class=\"pvc_clear\"><\/div>\n<p id=\"pvc_stats_19335\" class=\"pvc_stats all  \" data-element-id=\"19335\" style=\"\"><i class=\"pvc-stats-icon medium\" aria-hidden=\"true\"><svg aria-hidden=\"true\" focusable=\"false\" data-prefix=\"far\" data-icon=\"chart-bar\" role=\"img\" xmlns=\"http:\/\/www.w3.org\/2000\/svg\" viewBox=\"0 0 512 512\" class=\"svg-inline--fa fa-chart-bar fa-w-16 fa-2x\"><path fill=\"currentColor\" d=\"M396.8 352h22.4c6.4 0 12.8-6.4 12.8-12.8V108.8c0-6.4-6.4-12.8-12.8-12.8h-22.4c-6.4 0-12.8 6.4-12.8 12.8v230.4c0 6.4 6.4 12.8 12.8 12.8zm-192 0h22.4c6.4 0 12.8-6.4 12.8-12.8V140.8c0-6.4-6.4-12.8-12.8-12.8h-22.4c-6.4 0-12.8 6.4-12.8 12.8v198.4c0 6.4 6.4 12.8 12.8 12.8zm96 0h22.4c6.4 0 12.8-6.4 12.8-12.8V204.8c0-6.4-6.4-12.8-12.8-12.8h-22.4c-6.4 0-12.8 6.4-12.8 12.8v134.4c0 6.4 6.4 12.8 12.8 12.8zM496 400H48V80c0-8.84-7.16-16-16-16H16C7.16 64 0 71.16 0 80v336c0 17.67 14.33 32 32 32h464c8.84 0 16-7.16 16-16v-16c0-8.84-7.16-16-16-16zm-387.2-48h22.4c6.4 0 12.8-6.4 12.8-12.8v-70.4c0-6.4-6.4-12.8-12.8-12.8h-22.4c-6.4 0-12.8 6.4-12.8 12.8v70.4c0 6.4 6.4 12.8 12.8 12.8z\" class=\"\"><\/path><\/svg><\/i> <img decoding=\"async\" width=\"16\" height=\"16\" alt=\"Loading\" data-src=\"https:\/\/www.centronocaminhodaluz.com.br\/wp-content\/plugins\/page-views-count\/ajax-loader-2x.gif\" border=0 src=\"data:image\/svg+xml;base64,PHN2ZyB3aWR0aD0iMSIgaGVpZ2h0PSIxIiB4bWxucz0iaHR0cDovL3d3dy53My5vcmcvMjAwMC9zdmciPjwvc3ZnPg==\" class=\"lazyload\" style=\"--smush-placeholder-width: 16px; --smush-placeholder-aspect-ratio: 16\/16;\" \/><\/p>\n<div class=\"pvc_clear\"><\/div>\n","protected":false},"author":1,"featured_media":0,"comment_status":"Closed","ping_status":"open","sticky":false,"template":"","format":"standard","meta":{"footnotes":""},"categories":[14,16],"tags":[],"class_list":["post-19335","post","type-post","status-publish","format-standard","hentry","category-amelia-rodrigues","category-mensagens-diversas"],"a3_pvc":{"activated":true,"total_views":281,"today_views":0},"_links":{"self":[{"href":"https:\/\/www.centronocaminhodaluz.com.br\/index.php\/wp-json\/wp\/v2\/posts\/19335","targetHints":{"allow":["GET"]}}],"collection":[{"href":"https:\/\/www.centronocaminhodaluz.com.br\/index.php\/wp-json\/wp\/v2\/posts"}],"about":[{"href":"https:\/\/www.centronocaminhodaluz.com.br\/index.php\/wp-json\/wp\/v2\/types\/post"}],"author":[{"embeddable":true,"href":"https:\/\/www.centronocaminhodaluz.com.br\/index.php\/wp-json\/wp\/v2\/users\/1"}],"replies":[{"embeddable":true,"href":"https:\/\/www.centronocaminhodaluz.com.br\/index.php\/wp-json\/wp\/v2\/comments?post=19335"}],"version-history":[{"count":0,"href":"https:\/\/www.centronocaminhodaluz.com.br\/index.php\/wp-json\/wp\/v2\/posts\/19335\/revisions"}],"wp:attachment":[{"href":"https:\/\/www.centronocaminhodaluz.com.br\/index.php\/wp-json\/wp\/v2\/media?parent=19335"}],"wp:term":[{"taxonomy":"category","embeddable":true,"href":"https:\/\/www.centronocaminhodaluz.com.br\/index.php\/wp-json\/wp\/v2\/categories?post=19335"},{"taxonomy":"post_tag","embeddable":true,"href":"https:\/\/www.centronocaminhodaluz.com.br\/index.php\/wp-json\/wp\/v2\/tags?post=19335"}],"curies":[{"name":"wp","href":"https:\/\/api.w.org\/{rel}","templated":true}]}}