{"id":19336,"date":"2023-03-10T11:12:00","date_gmt":"2023-03-10T11:12:00","guid":{"rendered":""},"modified":"2023-03-10T11:12:00","modified_gmt":"2023-03-10T11:12:00","slug":"artigo19336","status":"publish","type":"post","link":"https:\/\/www.centronocaminhodaluz.com.br\/index.php\/artigo19336\/","title":{"rendered":"Gente humilde &#8211; Reda\u00e7\u00e3o do Momento Esp\u00edrita"},"content":{"rendered":"<p>Quando se pensa em homenagens, de um modo geral, se focalizam pessoas de destaque.<br \/> Pessoas que realizaram grandes feitos, que influenciaram ou influenciam comunidades.<\/p>\n<p>Pessoas que fazem a diferen\u00e7a no mundo.<br \/> Pessoas cuja atua\u00e7\u00e3o, nas ci\u00eancias, nas artes, na pol\u00edtica, foi decisiva para a altera\u00e7\u00e3o de quadros tristes na face da Terra.<\/p>\n<p>Contudo, existem outras tantas e especiais criaturas que merecem a mais profunda homenagem.<br \/> M\u00e3es que saem \u00e0 luta, todos os dias, para conseguir o p\u00e3o honrado para seus filhos.<\/p>\n<p>Pais que abra\u00e7am as madrugadas, antes que o sol desperte, para garantir a moradia modesta, o livro e o caderno para o filho se ilustrar.<\/p>\n<p>Jovens que abandonam seus pr\u00f3prios sonhos para apoiar a exist\u00eancia de irm\u00e3os menores, providenciando-lhes o alimento, a escola, o agasalho.<\/p>\n<p>Tantos her\u00f3is.<br \/> An\u00f4nimos.<br \/> Passam por n\u00f3s todos os dias.<br \/> Servem-se do transporte urbano, do metr\u00f4, sempre lotados.<\/p>\n<p>Enfrentam filas no mercado popular, no armaz\u00e9m da fam\u00edlia, no posto de sa\u00fade.<br \/> No cansa\u00e7o do rosto, levam a esperan\u00e7a de que o amanh\u00e3 raiar\u00e1 mais risonho e menos dif\u00edcil.<\/p>\n<p>Prosseguem sem tr\u00e9gua porque do seu esfor\u00e7o e da sua faina dependem outros preciosos seres ao seu cora\u00e7\u00e3o.<\/p>\n<p>N\u00e3o s\u00e3o notados.<br \/> S\u00e3o eles que mant\u00eam a limpeza das ruas das grandes cidades, das nossas casas.<\/p>\n<p>S\u00e3o os que chegam \u00e0 nossa resid\u00eancia e nos garantem a casa limpa, a roupa lavada e passada, a comida sempre \u00e0 hora certa.<\/p>\n<p>S\u00e3o os que erguem moradias, mesmo que n\u00e3o sejam eles a ocup\u00e1-las.<br \/> S\u00e3o os que providenciam as estradas planas mesmo que n\u00e3o tenham carros para nelas transitar.<\/p>\n<p>S\u00e3o os que diligenciam o p\u00e3o quentinho, nas manh\u00e3s, mesmo que em sua casa somente se sirva o p\u00e3o amanhecido.<\/p>\n<p>Tantos trabalhadores.<br \/> Tantas criaturas das quais dependemos, todos os dias.<br \/> E que movimentam a m\u00e1quina comercial, empresarial, a ind\u00fastria.<br \/>.<br \/>.<\/p>\n<p>Irm\u00e3os nossos.<br \/> Muitos deles quase invis\u00edveis ao nosso olhar.<\/p>\n<p>Com certeza, para eles \u00e9 que compuseram Chico Buarque de Holanda e Vin\u00edcius de Morais a m\u00fasica Gente humilde, imortalizada por in\u00fameros cantores.<\/p>\n<p>\u00c9 uma constata\u00e7\u00e3o de uma realidade que se vive.<br \/> Tamb\u00e9m uma grande homenagem a esses tantos que lutam, bravamente, todos os dias, com a dignidade de quem tem consci\u00eancia do pr\u00f3prio valor.<\/p>\n<p>Pessoas que despertam o dia, alimentam as horas com seu trabalho e garantem a sua subsist\u00eancia e de quem mais lhes compartilhe a vida:<\/p>\n<p>H\u00e1 certos dias em que eu penso em minha gente, e sinto assim todo o meu peito se apertar.<\/p>\n<p>Porque parece, que acontece de repente, como um desejo de eu viver sem me notar.<br \/>.<br \/>.<\/p>\n<p>Igual a como, quando eu passo no sub\u00farbio, eu muito bem, vindo de trem, de algum lugar.<br \/>.<br \/>.<\/p>\n<p>A\u00ed me d\u00e1, uma inveja dessa gente, que vai em frente, sem nem ter com quem contar.<\/p>\n<p>S\u00e3o casas simples com cadeiras na cal\u00e7ada, e na fachada escrito em cima que \u00e9 um lar.<\/p>\n<p>Pela varanda flores tristes e baldias, como a alegria que n\u00e3o tem onde encostar.<\/p>\n<p>E a\u00ed me d\u00e1 uma tristeza no meu peito, feito um despeito de eu n\u00e3o ter como lutar.<\/p>\n<p>E eu que n\u00e3o creio, pe\u00e7o a Deus por minha gente.<br \/> \u00c9 gente humilde, que vontade de chorar.<\/p>\n<p>Reda\u00e7\u00e3o do Momento Esp\u00edrita, com versos da<br \/>\n<br \/>  m\u00fasica Gente humilde, de Chico Buarque de<br \/>\n<br \/>Holanda e Vin\u00edcius de Morais.<\/p>\n<p>Em 6.<br \/>3.<br \/>2023.<\/p>\n<div class=\"pvc_clear\"><\/div>\n<p id=\"pvc_stats_19336\" class=\"pvc_stats all  \" data-element-id=\"19336\" style=\"\"><i class=\"pvc-stats-icon medium\" aria-hidden=\"true\"><svg aria-hidden=\"true\" focusable=\"false\" data-prefix=\"far\" data-icon=\"chart-bar\" role=\"img\" xmlns=\"http:\/\/www.w3.org\/2000\/svg\" viewBox=\"0 0 512 512\" class=\"svg-inline--fa fa-chart-bar fa-w-16 fa-2x\"><path fill=\"currentColor\" d=\"M396.8 352h22.4c6.4 0 12.8-6.4 12.8-12.8V108.8c0-6.4-6.4-12.8-12.8-12.8h-22.4c-6.4 0-12.8 6.4-12.8 12.8v230.4c0 6.4 6.4 12.8 12.8 12.8zm-192 0h22.4c6.4 0 12.8-6.4 12.8-12.8V140.8c0-6.4-6.4-12.8-12.8-12.8h-22.4c-6.4 0-12.8 6.4-12.8 12.8v198.4c0 6.4 6.4 12.8 12.8 12.8zm96 0h22.4c6.4 0 12.8-6.4 12.8-12.8V204.8c0-6.4-6.4-12.8-12.8-12.8h-22.4c-6.4 0-12.8 6.4-12.8 12.8v134.4c0 6.4 6.4 12.8 12.8 12.8zM496 400H48V80c0-8.84-7.16-16-16-16H16C7.16 64 0 71.16 0 80v336c0 17.67 14.33 32 32 32h464c8.84 0 16-7.16 16-16v-16c0-8.84-7.16-16-16-16zm-387.2-48h22.4c6.4 0 12.8-6.4 12.8-12.8v-70.4c0-6.4-6.4-12.8-12.8-12.8h-22.4c-6.4 0-12.8 6.4-12.8 12.8v70.4c0 6.4 6.4 12.8 12.8 12.8z\" class=\"\"><\/path><\/svg><\/i> <img decoding=\"async\" width=\"16\" height=\"16\" alt=\"Loading\" data-src=\"https:\/\/www.centronocaminhodaluz.com.br\/wp-content\/plugins\/page-views-count\/ajax-loader-2x.gif\" border=0 src=\"data:image\/svg+xml;base64,PHN2ZyB3aWR0aD0iMSIgaGVpZ2h0PSIxIiB4bWxucz0iaHR0cDovL3d3dy53My5vcmcvMjAwMC9zdmciPjwvc3ZnPg==\" class=\"lazyload\" style=\"--smush-placeholder-width: 16px; --smush-placeholder-aspect-ratio: 16\/16;\" \/><\/p>\n<div class=\"pvc_clear\"><\/div>\n","protected":false},"excerpt":{"rendered":"<p>Quando se pensa em homenagens, de um modo geral, se focalizam pessoas de destaque. Pessoas que realizaram grandes feitos, que influenciaram ou influenciam comunidades. Pessoas que fazem a diferen\u00e7a no mundo. Pessoas cuja atua\u00e7\u00e3o, nas ci\u00eancias, nas artes, na pol\u00edtica, foi decisiva para a altera\u00e7\u00e3o de quadros tristes na face da Terra. Contudo, existem outras&hellip; <br \/> <a class=\"read-more\" href=\"https:\/\/www.centronocaminhodaluz.com.br\/index.php\/artigo19336\/\">Leia mais<\/a><\/p>\n<div class=\"pvc_clear\"><\/div>\n<p id=\"pvc_stats_19336\" class=\"pvc_stats all  \" data-element-id=\"19336\" style=\"\"><i class=\"pvc-stats-icon medium\" aria-hidden=\"true\"><svg aria-hidden=\"true\" focusable=\"false\" data-prefix=\"far\" data-icon=\"chart-bar\" role=\"img\" xmlns=\"http:\/\/www.w3.org\/2000\/svg\" viewBox=\"0 0 512 512\" class=\"svg-inline--fa fa-chart-bar fa-w-16 fa-2x\"><path fill=\"currentColor\" d=\"M396.8 352h22.4c6.4 0 12.8-6.4 12.8-12.8V108.8c0-6.4-6.4-12.8-12.8-12.8h-22.4c-6.4 0-12.8 6.4-12.8 12.8v230.4c0 6.4 6.4 12.8 12.8 12.8zm-192 0h22.4c6.4 0 12.8-6.4 12.8-12.8V140.8c0-6.4-6.4-12.8-12.8-12.8h-22.4c-6.4 0-12.8 6.4-12.8 12.8v198.4c0 6.4 6.4 12.8 12.8 12.8zm96 0h22.4c6.4 0 12.8-6.4 12.8-12.8V204.8c0-6.4-6.4-12.8-12.8-12.8h-22.4c-6.4 0-12.8 6.4-12.8 12.8v134.4c0 6.4 6.4 12.8 12.8 12.8zM496 400H48V80c0-8.84-7.16-16-16-16H16C7.16 64 0 71.16 0 80v336c0 17.67 14.33 32 32 32h464c8.84 0 16-7.16 16-16v-16c0-8.84-7.16-16-16-16zm-387.2-48h22.4c6.4 0 12.8-6.4 12.8-12.8v-70.4c0-6.4-6.4-12.8-12.8-12.8h-22.4c-6.4 0-12.8 6.4-12.8 12.8v70.4c0 6.4 6.4 12.8 12.8 12.8z\" class=\"\"><\/path><\/svg><\/i> <img decoding=\"async\" width=\"16\" height=\"16\" alt=\"Loading\" data-src=\"https:\/\/www.centronocaminhodaluz.com.br\/wp-content\/plugins\/page-views-count\/ajax-loader-2x.gif\" border=0 src=\"data:image\/svg+xml;base64,PHN2ZyB3aWR0aD0iMSIgaGVpZ2h0PSIxIiB4bWxucz0iaHR0cDovL3d3dy53My5vcmcvMjAwMC9zdmciPjwvc3ZnPg==\" class=\"lazyload\" style=\"--smush-placeholder-width: 16px; --smush-placeholder-aspect-ratio: 16\/16;\" \/><\/p>\n<div class=\"pvc_clear\"><\/div>\n","protected":false},"author":1,"featured_media":0,"comment_status":"Closed","ping_status":"open","sticky":false,"template":"","format":"standard","meta":{"footnotes":""},"categories":[16],"tags":[],"class_list":["post-19336","post","type-post","status-publish","format-standard","hentry","category-mensagens-diversas"],"a3_pvc":{"activated":true,"total_views":229,"today_views":0},"_links":{"self":[{"href":"https:\/\/www.centronocaminhodaluz.com.br\/index.php\/wp-json\/wp\/v2\/posts\/19336","targetHints":{"allow":["GET"]}}],"collection":[{"href":"https:\/\/www.centronocaminhodaluz.com.br\/index.php\/wp-json\/wp\/v2\/posts"}],"about":[{"href":"https:\/\/www.centronocaminhodaluz.com.br\/index.php\/wp-json\/wp\/v2\/types\/post"}],"author":[{"embeddable":true,"href":"https:\/\/www.centronocaminhodaluz.com.br\/index.php\/wp-json\/wp\/v2\/users\/1"}],"replies":[{"embeddable":true,"href":"https:\/\/www.centronocaminhodaluz.com.br\/index.php\/wp-json\/wp\/v2\/comments?post=19336"}],"version-history":[{"count":0,"href":"https:\/\/www.centronocaminhodaluz.com.br\/index.php\/wp-json\/wp\/v2\/posts\/19336\/revisions"}],"wp:attachment":[{"href":"https:\/\/www.centronocaminhodaluz.com.br\/index.php\/wp-json\/wp\/v2\/media?parent=19336"}],"wp:term":[{"taxonomy":"category","embeddable":true,"href":"https:\/\/www.centronocaminhodaluz.com.br\/index.php\/wp-json\/wp\/v2\/categories?post=19336"},{"taxonomy":"post_tag","embeddable":true,"href":"https:\/\/www.centronocaminhodaluz.com.br\/index.php\/wp-json\/wp\/v2\/tags?post=19336"}],"curies":[{"name":"wp","href":"https:\/\/api.w.org\/{rel}","templated":true}]}}