{"id":19350,"date":"2023-03-24T14:12:00","date_gmt":"2023-03-24T14:12:00","guid":{"rendered":""},"modified":"2023-03-24T14:12:00","modified_gmt":"2023-03-24T14:12:00","slug":"artigo19350","status":"publish","type":"post","link":"https:\/\/www.centronocaminhodaluz.com.br\/index.php\/artigo19350\/","title":{"rendered":"Amigo ou inimigo? &#8211; Reda\u00e7\u00e3o do Momento Esp\u00edrita"},"content":{"rendered":"<p>Quando o ano chega ao fim, \u00e9 comum dizermos que os meses passaram muito r\u00e1pidos, que n\u00e3o conseguimos fazer tudo o que hav\u00edamos pensado.<\/p>\n<p>Parece que o mundo girou mais r\u00e1pido e os dias deixaram de ter vinte e quatro horas.<\/p>\n<p>Nesse tempo, n\u00e3o conseguimos assistir todas as s\u00e9ries televisivas que hav\u00edamos planejado, n\u00e3o lemos todos os livros que quer\u00edamos, n\u00e3o curtimos todas as mensagens, fotos e v\u00eddeos recebidos.<\/p>\n<p>N\u00e3o estivemos com os amigos tanto quanto gostar\u00edamos, nem com nossa fam\u00edlia.<\/p>\n<p>Nessa an\u00e1lise, parece que o tempo \u00e9 nosso inimigo e n\u00e3o o dispensador de oportunidades para nosso progresso.<\/p>\n<p>Vivemos condicionados \u00e0s horas, consultando o rel\u00f3gio, passo a passo.<\/p>\n<p>Mas, nem sempre foi assim.<br \/> A inven\u00e7\u00e3o do rel\u00f3gio mec\u00e2nico na Europa data do s\u00e9culo XIII.<\/p>\n<p>Passamos s\u00e9culos sem nos pautarmos pelos minutos e segundos.<\/p>\n<p>Quando S\u00f3crates criou a filosofia, n\u00e3o sabia se eram duas da tarde ou se faltavam alguns minutos para as tr\u00eas.<\/p>\n<p>E Leonardo da Vinci, ao pintar A \u00faltima ceia, n\u00e3o ficou consultando o rel\u00f3gio, verificando quanto tempo j\u00e1 empreendera.<br \/> Simplesmente, investiu na sua cria\u00e7\u00e3o.<\/p>\n<p>A inven\u00e7\u00e3o do rel\u00f3gio mudou o tempo.<br \/> Claro que isso nos ajudou.<br \/> Como poder\u00edamos marcar um encontro? A que horas devemos entrar e sair do trabalho?<\/p>\n<p>A que horas devemos ir para a escola, para o templo religioso?<\/p>\n<p>Por\u00e9m, a partir de ent\u00e3o, entraram para o nosso vocabul\u00e1rio palavras como gastar, poupar, desperdi\u00e7ar.<br \/>.<br \/>.<br \/> tempo.<\/p>\n<p>Criamos o conceito de que tempo \u00e9 dinheiro, que \u00e9 preciso ter mais tempo, que n\u00e3o podemos perder tempo.<\/p>\n<p>Em verdade, o que nos compete \u00e9 administrar nosso pr\u00f3prio tempo, providenciando um bom espa\u00e7o em branco, onde possamos fazer coisa alguma.<\/p>\n<p>Um tempo para relaxar, para sonhar acordado, para contar estrelas e olhar as nuvens.<\/p>\n<p>Tempo que pode ser de minutos, horas, ou uma tarde inteira, num dia qualquer.<br \/> N\u00e3o importa, desde que o saibamos bem aproveitar.<\/p>\n<p>T\u00e3o importante dimensionarmos o bom uso do tempo e gozar, intensamente, cada atividade que nos propomos realizar.<\/p>\n<p>Quantas vezes sa\u00edmos de nossos apartamentos para levar o c\u00e3o a passear.<\/p>\n<p>Na maioria das vezes, andamos apressados, puxando o c\u00e3ozinho.<br \/> O ritmo \u00e9 ditado pela nossa pressa.<\/p>\n<p>Dever\u00edamos permitir que ele comandasse a marcha.<\/p>\n<p>Que ele v\u00e1 tomando ci\u00eancia dos cheiros, todos os cheiros diferentes daqueles onde fica por horas.<br \/> Que ande aqui, que marque seu territ\u00f3rio logo adiante.<br \/>.<br \/>.<\/p>\n<p>O passeio \u00e9 dele.<br \/> N\u00f3s o devemos seguir, parar, aguardar.<\/p>\n<p>De igual forma, quando levamos crian\u00e7as conosco.<br \/> J\u00e1 nos demos conta de quantas vezes vamos \u00e0 frente, de passo acelerado, puxando os pequenos pela m\u00e3o?<\/p>\n<p>Eles seguem atr\u00e1s, tentando colocar os olhos nas belezas do dia que n\u00f3s deixamos de prestar aten\u00e7\u00e3o, desde algum tempo.<\/p>\n<p>Tempo \u00e9 preciosa d\u00e1diva que nos \u00e9 renovada a cada dia, a cada ano.<\/p>\n<p>Desaceleremos.<br \/> Vamos rir de qualquer coisa, conviver, viver intensamente cada minuto.<\/p>\n<p>Lembremos: A cada dia bastam as suas pr\u00f3prias afli\u00e7\u00f5es.<br \/> Li\u00e7\u00e3o de um Mestre que lecionou amor, conviv\u00eancia, amizade.<br \/> Tempo para cada coisa em seu tempo.<\/p>\n<p>Reda\u00e7\u00e3o do Momento Esp\u00edrita, com base no artigo<br \/>\n<br \/>Como ter mais tempo, de D\u00e9bora Zanelato, da<br \/>\n<br \/> Revista Vida Simples, ed.<br \/> 179, de janeiro\/2017,<br \/>\n<br \/> ed.<br \/> Caras.<\/p>\n<p>Em 17.<br \/>3.<br \/>2023.<\/p>\n<div class=\"pvc_clear\"><\/div>\n<p id=\"pvc_stats_19350\" class=\"pvc_stats all  \" data-element-id=\"19350\" style=\"\"><i class=\"pvc-stats-icon medium\" aria-hidden=\"true\"><svg aria-hidden=\"true\" focusable=\"false\" data-prefix=\"far\" data-icon=\"chart-bar\" role=\"img\" xmlns=\"http:\/\/www.w3.org\/2000\/svg\" viewBox=\"0 0 512 512\" class=\"svg-inline--fa fa-chart-bar fa-w-16 fa-2x\"><path fill=\"currentColor\" d=\"M396.8 352h22.4c6.4 0 12.8-6.4 12.8-12.8V108.8c0-6.4-6.4-12.8-12.8-12.8h-22.4c-6.4 0-12.8 6.4-12.8 12.8v230.4c0 6.4 6.4 12.8 12.8 12.8zm-192 0h22.4c6.4 0 12.8-6.4 12.8-12.8V140.8c0-6.4-6.4-12.8-12.8-12.8h-22.4c-6.4 0-12.8 6.4-12.8 12.8v198.4c0 6.4 6.4 12.8 12.8 12.8zm96 0h22.4c6.4 0 12.8-6.4 12.8-12.8V204.8c0-6.4-6.4-12.8-12.8-12.8h-22.4c-6.4 0-12.8 6.4-12.8 12.8v134.4c0 6.4 6.4 12.8 12.8 12.8zM496 400H48V80c0-8.84-7.16-16-16-16H16C7.16 64 0 71.16 0 80v336c0 17.67 14.33 32 32 32h464c8.84 0 16-7.16 16-16v-16c0-8.84-7.16-16-16-16zm-387.2-48h22.4c6.4 0 12.8-6.4 12.8-12.8v-70.4c0-6.4-6.4-12.8-12.8-12.8h-22.4c-6.4 0-12.8 6.4-12.8 12.8v70.4c0 6.4 6.4 12.8 12.8 12.8z\" class=\"\"><\/path><\/svg><\/i> <img decoding=\"async\" width=\"16\" height=\"16\" alt=\"Loading\" data-src=\"https:\/\/www.centronocaminhodaluz.com.br\/wp-content\/plugins\/page-views-count\/ajax-loader-2x.gif\" border=0 src=\"data:image\/svg+xml;base64,PHN2ZyB3aWR0aD0iMSIgaGVpZ2h0PSIxIiB4bWxucz0iaHR0cDovL3d3dy53My5vcmcvMjAwMC9zdmciPjwvc3ZnPg==\" class=\"lazyload\" style=\"--smush-placeholder-width: 16px; --smush-placeholder-aspect-ratio: 16\/16;\" \/><\/p>\n<div class=\"pvc_clear\"><\/div>\n","protected":false},"excerpt":{"rendered":"<p>Quando o ano chega ao fim, \u00e9 comum dizermos que os meses passaram muito r\u00e1pidos, que n\u00e3o conseguimos fazer tudo o que hav\u00edamos pensado. Parece que o mundo girou mais r\u00e1pido e os dias deixaram de ter vinte e quatro horas. Nesse tempo, n\u00e3o conseguimos assistir todas as s\u00e9ries televisivas que hav\u00edamos planejado, n\u00e3o lemos&hellip; <br \/> <a class=\"read-more\" href=\"https:\/\/www.centronocaminhodaluz.com.br\/index.php\/artigo19350\/\">Leia mais<\/a><\/p>\n<div class=\"pvc_clear\"><\/div>\n<p id=\"pvc_stats_19350\" class=\"pvc_stats all  \" data-element-id=\"19350\" style=\"\"><i class=\"pvc-stats-icon medium\" aria-hidden=\"true\"><svg aria-hidden=\"true\" focusable=\"false\" data-prefix=\"far\" data-icon=\"chart-bar\" role=\"img\" xmlns=\"http:\/\/www.w3.org\/2000\/svg\" viewBox=\"0 0 512 512\" class=\"svg-inline--fa fa-chart-bar fa-w-16 fa-2x\"><path fill=\"currentColor\" d=\"M396.8 352h22.4c6.4 0 12.8-6.4 12.8-12.8V108.8c0-6.4-6.4-12.8-12.8-12.8h-22.4c-6.4 0-12.8 6.4-12.8 12.8v230.4c0 6.4 6.4 12.8 12.8 12.8zm-192 0h22.4c6.4 0 12.8-6.4 12.8-12.8V140.8c0-6.4-6.4-12.8-12.8-12.8h-22.4c-6.4 0-12.8 6.4-12.8 12.8v198.4c0 6.4 6.4 12.8 12.8 12.8zm96 0h22.4c6.4 0 12.8-6.4 12.8-12.8V204.8c0-6.4-6.4-12.8-12.8-12.8h-22.4c-6.4 0-12.8 6.4-12.8 12.8v134.4c0 6.4 6.4 12.8 12.8 12.8zM496 400H48V80c0-8.84-7.16-16-16-16H16C7.16 64 0 71.16 0 80v336c0 17.67 14.33 32 32 32h464c8.84 0 16-7.16 16-16v-16c0-8.84-7.16-16-16-16zm-387.2-48h22.4c6.4 0 12.8-6.4 12.8-12.8v-70.4c0-6.4-6.4-12.8-12.8-12.8h-22.4c-6.4 0-12.8 6.4-12.8 12.8v70.4c0 6.4 6.4 12.8 12.8 12.8z\" class=\"\"><\/path><\/svg><\/i> <img decoding=\"async\" width=\"16\" height=\"16\" alt=\"Loading\" data-src=\"https:\/\/www.centronocaminhodaluz.com.br\/wp-content\/plugins\/page-views-count\/ajax-loader-2x.gif\" border=0 src=\"data:image\/svg+xml;base64,PHN2ZyB3aWR0aD0iMSIgaGVpZ2h0PSIxIiB4bWxucz0iaHR0cDovL3d3dy53My5vcmcvMjAwMC9zdmciPjwvc3ZnPg==\" class=\"lazyload\" style=\"--smush-placeholder-width: 16px; --smush-placeholder-aspect-ratio: 16\/16;\" \/><\/p>\n<div class=\"pvc_clear\"><\/div>\n","protected":false},"author":1,"featured_media":0,"comment_status":"Closed","ping_status":"open","sticky":false,"template":"","format":"standard","meta":{"footnotes":""},"categories":[16],"tags":[],"class_list":["post-19350","post","type-post","status-publish","format-standard","hentry","category-mensagens-diversas"],"a3_pvc":{"activated":true,"total_views":260,"today_views":0},"_links":{"self":[{"href":"https:\/\/www.centronocaminhodaluz.com.br\/index.php\/wp-json\/wp\/v2\/posts\/19350","targetHints":{"allow":["GET"]}}],"collection":[{"href":"https:\/\/www.centronocaminhodaluz.com.br\/index.php\/wp-json\/wp\/v2\/posts"}],"about":[{"href":"https:\/\/www.centronocaminhodaluz.com.br\/index.php\/wp-json\/wp\/v2\/types\/post"}],"author":[{"embeddable":true,"href":"https:\/\/www.centronocaminhodaluz.com.br\/index.php\/wp-json\/wp\/v2\/users\/1"}],"replies":[{"embeddable":true,"href":"https:\/\/www.centronocaminhodaluz.com.br\/index.php\/wp-json\/wp\/v2\/comments?post=19350"}],"version-history":[{"count":0,"href":"https:\/\/www.centronocaminhodaluz.com.br\/index.php\/wp-json\/wp\/v2\/posts\/19350\/revisions"}],"wp:attachment":[{"href":"https:\/\/www.centronocaminhodaluz.com.br\/index.php\/wp-json\/wp\/v2\/media?parent=19350"}],"wp:term":[{"taxonomy":"category","embeddable":true,"href":"https:\/\/www.centronocaminhodaluz.com.br\/index.php\/wp-json\/wp\/v2\/categories?post=19350"},{"taxonomy":"post_tag","embeddable":true,"href":"https:\/\/www.centronocaminhodaluz.com.br\/index.php\/wp-json\/wp\/v2\/tags?post=19350"}],"curies":[{"name":"wp","href":"https:\/\/api.w.org\/{rel}","templated":true}]}}