{"id":19355,"date":"2023-03-31T08:12:00","date_gmt":"2023-03-31T08:12:00","guid":{"rendered":""},"modified":"2023-03-31T08:12:00","modified_gmt":"2023-03-31T08:12:00","slug":"artigo19355","status":"publish","type":"post","link":"https:\/\/www.centronocaminhodaluz.com.br\/index.php\/artigo19355\/","title":{"rendered":"Queixumes &#8211; Reda\u00e7\u00e3o do Momento Esp\u00edrita"},"content":{"rendered":"<p>Uma tirinha publicada em um jornal mostra dois personagens que dialogam.<\/p>\n<p>De um lado um menino com suas incertezas, d\u00favidas e dores do mundo.<\/p>\n<p>Do outro uma amiga, uma borboleta que transborda calma e equil\u00edbrio.<br \/> Cada conversa \u00e9 como uma parada na esta\u00e7\u00e3o sabedoria.<\/p>\n<p>Ele pergunta, em tom reflexivo:<\/p>\n<p>Voc\u00ea est\u00e1 sempre plena, n\u00e3o sofre, n\u00e3o sente dor.<br \/> Qual \u00e9 o seu segredo?<\/p>\n<p>Ela responde, segura:<\/p>\n<p>O segredo \u00e9 que eu n\u00e3o me queixo.<\/p>\n<p>Curiosa e s\u00e1bia reflex\u00e3o.<\/p>\n<p>Primeiramente analisemos que, na vis\u00e3o dele, ela n\u00e3o sofria, n\u00e3o sentia dor.<br \/> E por isso era plena.<\/p>\n<p>Por vezes, enxergamos assim a exist\u00eancia daqueles que julgamos ter uma vida muito mais feliz do que a nossa.<br \/> Invejamos, quer\u00edamos estar l\u00e1, vivendo aquele papel e n\u00e3o o nosso.<\/p>\n<p>No entanto, a plenitude da amiga alada n\u00e3o estava na aus\u00eancia de afli\u00e7\u00f5es, mas na forma de lidar com elas.<\/p>\n<p>Viver se queixando \u00e9 uma das maneiras de amplificar o sofrimento, de tornar as provas mais duras ainda.<\/p>\n<p>Os queixumes n\u00e3o resolvem problemas.<br \/> A reclama\u00e7\u00e3o por si s\u00f3 n\u00e3o nos coloca no caminho das solu\u00e7\u00f5es.<\/p>\n<p>Alguns de n\u00f3s tornamos as queixas algo t\u00e3o corriqueiro, t\u00e3o frequente, que n\u00e3o percebemos que ela se instalou em nossa mente como um v\u00edcio.<\/p>\n<p>Um v\u00edcio, exatamente.<br \/> Uma pr\u00e1tica do pensamento e da palavra que nos faz reclamar de tudo.<br \/> Nada est\u00e1 bom.<br \/> Tudo poderia ser diferente e melhor.<\/p>\n<p>Lamentamos e lamentamos.<\/p>\n<p>Queixamo-nos porque chove demais.<br \/> Depois, nos queixamos dos dias secos e das altas temperaturas.<\/p>\n<p>Na sequ\u00eancia \u00e9 a vez de nos queixarmos dos parentes, dos pol\u00edticos.<br \/> Nada est\u00e1 bom.<br \/> Ningu\u00e9m presta.<\/p>\n<p>Com isso, nos tornamos naturalmente pessimistas, pois quanto mais nos queixamos, mais enxergamos apenas o lado negativo das experi\u00eancias cotidianas, mais nos cobrimos com essa espessa n\u00e9voa de negatividade.<\/p>\n<p>Conforme o tempo vai passando, vamos nos acostumando com essas lentes escuras.<br \/> Ent\u00e3o, fica mais dif\u00edcil abandonar os \u00f3culos de sol.<\/p>\n<p>Estar insatisfeito com aquilo que julgamos n\u00e3o estar correto em n\u00f3s e no mundo, obviamente, se faz necess\u00e1rio em certa dose.<\/p>\n<p>A exata dose que nos deve impulsionar a mudar.<br \/> A dose que nos deve estimular a agir.<\/p>\n<p>Um certo inc\u00f4modo precisa estar presente dentro de n\u00f3s, para que possamos sair do lugar onde nos encontramos e seguir nosso caminho de ascens\u00e3o.<\/p>\n<p>Entretanto, o simples reclamar e mais reclamar n\u00e3o faz isso.<br \/> Apenas tornamos a realidade mais dura e ainda, contagiamos os que est\u00e3o ao nosso redor.<\/p>\n<p>Quando percebemos, estamos cercados desses que pensam como n\u00f3s, que se queixam sem parar, que somente veem a noite escura das coisas que incomodam.<\/p>\n<p>Atra\u00edmos os pares, os semelhantes, do mundo material e do outro.<\/p>\n<p>Em breve, nos tornamos uma sinfonia de reclama\u00e7\u00f5es e nada mais.<br \/> Uma m\u00fasica triste que faz doentes do Esp\u00edrito e do corpo.<\/p>\n<p>*  *   *<\/p>\n<p>Abandonemos as queixas frequentes.<\/p>\n<p>Retiremos do pensar e do falar esse tom derrotista, esse timbre de desapontamento e comecemos a trabalhar.<\/p>\n<p>Quem trabalha no bem, quem est\u00e1 com a mente ocupada em tarefas edificantes n\u00e3o tem tempo para reclamar.<\/p>\n<p>Reda\u00e7\u00e3o do Momento Esp\u00edrita, com base em tirinha do livro<br \/>\n<br \/> T\u00e9o e o Minimundo, o lugar do outro, de Caetano Cury,<br \/>\n<br \/> ed.<br \/> Caetano Cury.<\/p>\n<p>Em 29.<br \/>3.<br \/>2023.<\/p>\n<div class=\"pvc_clear\"><\/div>\n<p id=\"pvc_stats_19355\" class=\"pvc_stats all  \" data-element-id=\"19355\" style=\"\"><i class=\"pvc-stats-icon medium\" aria-hidden=\"true\"><svg aria-hidden=\"true\" focusable=\"false\" data-prefix=\"far\" data-icon=\"chart-bar\" role=\"img\" xmlns=\"http:\/\/www.w3.org\/2000\/svg\" viewBox=\"0 0 512 512\" class=\"svg-inline--fa fa-chart-bar fa-w-16 fa-2x\"><path fill=\"currentColor\" d=\"M396.8 352h22.4c6.4 0 12.8-6.4 12.8-12.8V108.8c0-6.4-6.4-12.8-12.8-12.8h-22.4c-6.4 0-12.8 6.4-12.8 12.8v230.4c0 6.4 6.4 12.8 12.8 12.8zm-192 0h22.4c6.4 0 12.8-6.4 12.8-12.8V140.8c0-6.4-6.4-12.8-12.8-12.8h-22.4c-6.4 0-12.8 6.4-12.8 12.8v198.4c0 6.4 6.4 12.8 12.8 12.8zm96 0h22.4c6.4 0 12.8-6.4 12.8-12.8V204.8c0-6.4-6.4-12.8-12.8-12.8h-22.4c-6.4 0-12.8 6.4-12.8 12.8v134.4c0 6.4 6.4 12.8 12.8 12.8zM496 400H48V80c0-8.84-7.16-16-16-16H16C7.16 64 0 71.16 0 80v336c0 17.67 14.33 32 32 32h464c8.84 0 16-7.16 16-16v-16c0-8.84-7.16-16-16-16zm-387.2-48h22.4c6.4 0 12.8-6.4 12.8-12.8v-70.4c0-6.4-6.4-12.8-12.8-12.8h-22.4c-6.4 0-12.8 6.4-12.8 12.8v70.4c0 6.4 6.4 12.8 12.8 12.8z\" class=\"\"><\/path><\/svg><\/i> <img decoding=\"async\" width=\"16\" height=\"16\" alt=\"Loading\" data-src=\"https:\/\/www.centronocaminhodaluz.com.br\/wp-content\/plugins\/page-views-count\/ajax-loader-2x.gif\" border=0 src=\"data:image\/svg+xml;base64,PHN2ZyB3aWR0aD0iMSIgaGVpZ2h0PSIxIiB4bWxucz0iaHR0cDovL3d3dy53My5vcmcvMjAwMC9zdmciPjwvc3ZnPg==\" class=\"lazyload\" style=\"--smush-placeholder-width: 16px; --smush-placeholder-aspect-ratio: 16\/16;\" \/><\/p>\n<div class=\"pvc_clear\"><\/div>\n","protected":false},"excerpt":{"rendered":"<p>Uma tirinha publicada em um jornal mostra dois personagens que dialogam. De um lado um menino com suas incertezas, d\u00favidas e dores do mundo. Do outro uma amiga, uma borboleta que transborda calma e equil\u00edbrio. Cada conversa \u00e9 como uma parada na esta\u00e7\u00e3o sabedoria. Ele pergunta, em tom reflexivo: Voc\u00ea est\u00e1 sempre plena, n\u00e3o sofre,&hellip; <br \/> <a class=\"read-more\" href=\"https:\/\/www.centronocaminhodaluz.com.br\/index.php\/artigo19355\/\">Leia mais<\/a><\/p>\n<div class=\"pvc_clear\"><\/div>\n<p id=\"pvc_stats_19355\" class=\"pvc_stats all  \" data-element-id=\"19355\" style=\"\"><i class=\"pvc-stats-icon medium\" aria-hidden=\"true\"><svg aria-hidden=\"true\" focusable=\"false\" data-prefix=\"far\" data-icon=\"chart-bar\" role=\"img\" xmlns=\"http:\/\/www.w3.org\/2000\/svg\" viewBox=\"0 0 512 512\" class=\"svg-inline--fa fa-chart-bar fa-w-16 fa-2x\"><path fill=\"currentColor\" d=\"M396.8 352h22.4c6.4 0 12.8-6.4 12.8-12.8V108.8c0-6.4-6.4-12.8-12.8-12.8h-22.4c-6.4 0-12.8 6.4-12.8 12.8v230.4c0 6.4 6.4 12.8 12.8 12.8zm-192 0h22.4c6.4 0 12.8-6.4 12.8-12.8V140.8c0-6.4-6.4-12.8-12.8-12.8h-22.4c-6.4 0-12.8 6.4-12.8 12.8v198.4c0 6.4 6.4 12.8 12.8 12.8zm96 0h22.4c6.4 0 12.8-6.4 12.8-12.8V204.8c0-6.4-6.4-12.8-12.8-12.8h-22.4c-6.4 0-12.8 6.4-12.8 12.8v134.4c0 6.4 6.4 12.8 12.8 12.8zM496 400H48V80c0-8.84-7.16-16-16-16H16C7.16 64 0 71.16 0 80v336c0 17.67 14.33 32 32 32h464c8.84 0 16-7.16 16-16v-16c0-8.84-7.16-16-16-16zm-387.2-48h22.4c6.4 0 12.8-6.4 12.8-12.8v-70.4c0-6.4-6.4-12.8-12.8-12.8h-22.4c-6.4 0-12.8 6.4-12.8 12.8v70.4c0 6.4 6.4 12.8 12.8 12.8z\" class=\"\"><\/path><\/svg><\/i> <img decoding=\"async\" width=\"16\" height=\"16\" alt=\"Loading\" data-src=\"https:\/\/www.centronocaminhodaluz.com.br\/wp-content\/plugins\/page-views-count\/ajax-loader-2x.gif\" border=0 src=\"data:image\/svg+xml;base64,PHN2ZyB3aWR0aD0iMSIgaGVpZ2h0PSIxIiB4bWxucz0iaHR0cDovL3d3dy53My5vcmcvMjAwMC9zdmciPjwvc3ZnPg==\" class=\"lazyload\" style=\"--smush-placeholder-width: 16px; --smush-placeholder-aspect-ratio: 16\/16;\" \/><\/p>\n<div class=\"pvc_clear\"><\/div>\n","protected":false},"author":1,"featured_media":0,"comment_status":"Closed","ping_status":"open","sticky":false,"template":"","format":"standard","meta":{"footnotes":""},"categories":[16],"tags":[],"class_list":["post-19355","post","type-post","status-publish","format-standard","hentry","category-mensagens-diversas"],"a3_pvc":{"activated":true,"total_views":320,"today_views":0},"_links":{"self":[{"href":"https:\/\/www.centronocaminhodaluz.com.br\/index.php\/wp-json\/wp\/v2\/posts\/19355","targetHints":{"allow":["GET"]}}],"collection":[{"href":"https:\/\/www.centronocaminhodaluz.com.br\/index.php\/wp-json\/wp\/v2\/posts"}],"about":[{"href":"https:\/\/www.centronocaminhodaluz.com.br\/index.php\/wp-json\/wp\/v2\/types\/post"}],"author":[{"embeddable":true,"href":"https:\/\/www.centronocaminhodaluz.com.br\/index.php\/wp-json\/wp\/v2\/users\/1"}],"replies":[{"embeddable":true,"href":"https:\/\/www.centronocaminhodaluz.com.br\/index.php\/wp-json\/wp\/v2\/comments?post=19355"}],"version-history":[{"count":0,"href":"https:\/\/www.centronocaminhodaluz.com.br\/index.php\/wp-json\/wp\/v2\/posts\/19355\/revisions"}],"wp:attachment":[{"href":"https:\/\/www.centronocaminhodaluz.com.br\/index.php\/wp-json\/wp\/v2\/media?parent=19355"}],"wp:term":[{"taxonomy":"category","embeddable":true,"href":"https:\/\/www.centronocaminhodaluz.com.br\/index.php\/wp-json\/wp\/v2\/categories?post=19355"},{"taxonomy":"post_tag","embeddable":true,"href":"https:\/\/www.centronocaminhodaluz.com.br\/index.php\/wp-json\/wp\/v2\/tags?post=19355"}],"curies":[{"name":"wp","href":"https:\/\/api.w.org\/{rel}","templated":true}]}}