{"id":19362,"date":"2023-04-07T14:12:00","date_gmt":"2023-04-07T14:12:00","guid":{"rendered":""},"modified":"2023-04-07T14:12:00","modified_gmt":"2023-04-07T14:12:00","slug":"artigo19362","status":"publish","type":"post","link":"https:\/\/www.centronocaminhodaluz.com.br\/index.php\/artigo19362\/","title":{"rendered":"Al\u00e7ando voos &#8211; Reda\u00e7\u00e3o do Momento Esp\u00edrita"},"content":{"rendered":"<p>\u00c9 poss\u00edvel que v\u00e1rios de n\u00f3s, ao sermos convidados a exerc\u00edcios de medita\u00e7\u00e3o, perguntemos: Para qu\u00ea?<\/p>\n<p>Que benef\u00edcios poder\u00e1 me trazer meditar horas a fio?<\/p>\n<p>Naturalmente, ningu\u00e9m est\u00e1 propondo que se passe a vida a meditar.<\/p>\n<p>Deus quer que o homem pense nEle.<br \/> Mas n\u00e3o quer que s\u00f3 nEle pense, pois que lhe imp\u00f5e deveres a cumprir na Terra.<\/p>\n<p>Quem passa todo o tempo na medita\u00e7\u00e3o e na contempla\u00e7\u00e3o nada faz de merit\u00f3rio aos olhos de Deus, porque vive uma vida toda pessoal e in\u00fatil para a humanidade e Deus lhe pedir\u00e1 contas do bem que n\u00e3o houver feito.<\/p>\n<p>O que se prop\u00f5e \u00e9 o uso da medita\u00e7\u00e3o, em momentos espec\u00edficos.<\/p>\n<p>Todo exagero deve ser evitado.<\/p>\n<p>Vejamos que o trabalho nos exige repouso para a recupera\u00e7\u00e3o das for\u00e7as.<br \/> A vig\u00edlia nos recomenda o sono para a repara\u00e7\u00e3o das energias.<\/p>\n<p>Assim, a medita\u00e7\u00e3o nos auxilia a encontrar serenidade e equil\u00edbrio para seguirmos no esfor\u00e7o da transforma\u00e7\u00e3o moral, nosso maior objetivo, enquanto Esp\u00edritos imortais.<\/p>\n<p>Falamos de nos isolarmos em certas horas do dia ou da noite, suspender a atividade dos sentidos externos, afastar de n\u00f3s as imagens e ru\u00eddos de fora.<\/p>\n<p>Ent\u00e3o, na calma e no recolhimento do pensamento, fazer um esfor\u00e7o mental para ver e ler no grande livro misterioso o que h\u00e1 em n\u00f3s.<\/p>\n<p>Ser\u00e1 nesses momentos que Deus nos falar\u00e1 atrav\u00e9s de todas as vozes do infinito.<\/p>\n<p>Ele nos falar\u00e1 num livro que escreve todos os dias com esses caracteres majestosos que se chamam oceanos, mares, montanhas e astros do c\u00e9u, atrav\u00e9s de todas as harmonias suaves e graves que sobem do seio da terra ou descem dos espa\u00e7os.<\/p>\n<p>Ele nos falar\u00e1 no santu\u00e1rio do nosso ser, nessas horas de sil\u00eancio e de medita\u00e7\u00e3o.<\/p>\n<p>Quando deixarmos de ouvir os ru\u00eddos de fora, tudo que nos envolve tantas horas, poderemos ouvir a voz das profundezas da consci\u00eancia, que nos fala de dever, de progresso, de ascens\u00e3o.<\/p>\n<p>Penetraremos nesse ref\u00fagio \u00edntimo, essa fonte profunda de onde podem jorrar ondas de vida, de amor, de virtude, de luz.<\/p>\n<p>Todos temos car\u00eancia desses momentos em que nos afastamos de tudo, para adentrarmos o mundo interior.<\/p>\n<p>Um local de tranquilidade em que podemos escutar a voz de Deus.<\/p>\n<p>Sentiremos, ent\u00e3o, efl\u00favios divinos nos invadirem, nos sentiremos plenos, revigorados.<\/p>\n<p>Lembremos que Jesus, ap\u00f3s as lidas do dia com o povo, ensinando, esclarecendo, curando mazelas, retirava-se para entrar em estreito contato com o Pai.<\/p>\n<p>Momentos de medita\u00e7\u00e3o.<br \/> Momentos de intera\u00e7\u00e3o entre a criatura e o Criador.<\/p>\n<p>Momentos para os gritos da alma, lan\u00e7ados \u00e0s for\u00e7as superiores.<br \/> Comunh\u00e3o com o mais Alto.<\/p>\n<p>Por que sempre pedirmos que os Esp\u00edritos do bem des\u00e7am at\u00e9 n\u00f3s?<\/p>\n<p>Aprendamos a subir para eles.<\/p>\n<p>Ainda e sempre \u00e9 o Mestre Jesus que nos ensina.<\/p>\n<p>Tanto comungou com o Pai, que Seu \u00faltimo ato, na Terra, ante os olhares curiosos de mais de quinhentas testemunhas, foi se al\u00e7ar, a pouco e pouco, Esp\u00edrito brilhante, apontando os rumos dos c\u00e9us.<\/p>\n<p>Aprendamos com Ele a nos elevarmos, um pouco a cada dia, nessa busca do eu interior.<\/p>\n<p>Nessa intera\u00e7\u00e3o com o sagrado, viveremos bem melhor sobre a Terra.<br \/> Experimentemos.<\/p>\n<p>Reda\u00e7\u00e3o do Momento Esp\u00edrita, com base na pt.<br \/> 3, cap.<br \/> II, q.<br \/> 657 de<br \/>\n<br \/>O Livro dos Esp\u00edritos, de Allan Kardec; na pt.<br \/> 3, cap.<br \/> XXI do livro O problema do ser,<br \/>\n<br \/>do destino e da dor, de L\u00e9on Denis e na pt.<br \/> 2, cap.<br \/> XIV do livro O grande enigma,<br \/>\n<br \/>de L\u00e9on Denis, todos ed.<br \/> FEB.<\/p>\n<p>Em 3.<br \/>4.<br \/>2023.<\/p>\n<div class=\"pvc_clear\"><\/div>\n<p id=\"pvc_stats_19362\" class=\"pvc_stats all  \" data-element-id=\"19362\" style=\"\"><i class=\"pvc-stats-icon medium\" aria-hidden=\"true\"><svg aria-hidden=\"true\" focusable=\"false\" data-prefix=\"far\" data-icon=\"chart-bar\" role=\"img\" xmlns=\"http:\/\/www.w3.org\/2000\/svg\" viewBox=\"0 0 512 512\" class=\"svg-inline--fa fa-chart-bar fa-w-16 fa-2x\"><path fill=\"currentColor\" d=\"M396.8 352h22.4c6.4 0 12.8-6.4 12.8-12.8V108.8c0-6.4-6.4-12.8-12.8-12.8h-22.4c-6.4 0-12.8 6.4-12.8 12.8v230.4c0 6.4 6.4 12.8 12.8 12.8zm-192 0h22.4c6.4 0 12.8-6.4 12.8-12.8V140.8c0-6.4-6.4-12.8-12.8-12.8h-22.4c-6.4 0-12.8 6.4-12.8 12.8v198.4c0 6.4 6.4 12.8 12.8 12.8zm96 0h22.4c6.4 0 12.8-6.4 12.8-12.8V204.8c0-6.4-6.4-12.8-12.8-12.8h-22.4c-6.4 0-12.8 6.4-12.8 12.8v134.4c0 6.4 6.4 12.8 12.8 12.8zM496 400H48V80c0-8.84-7.16-16-16-16H16C7.16 64 0 71.16 0 80v336c0 17.67 14.33 32 32 32h464c8.84 0 16-7.16 16-16v-16c0-8.84-7.16-16-16-16zm-387.2-48h22.4c6.4 0 12.8-6.4 12.8-12.8v-70.4c0-6.4-6.4-12.8-12.8-12.8h-22.4c-6.4 0-12.8 6.4-12.8 12.8v70.4c0 6.4 6.4 12.8 12.8 12.8z\" class=\"\"><\/path><\/svg><\/i> <img decoding=\"async\" width=\"16\" height=\"16\" alt=\"Loading\" data-src=\"https:\/\/www.centronocaminhodaluz.com.br\/wp-content\/plugins\/page-views-count\/ajax-loader-2x.gif\" border=0 src=\"data:image\/svg+xml;base64,PHN2ZyB3aWR0aD0iMSIgaGVpZ2h0PSIxIiB4bWxucz0iaHR0cDovL3d3dy53My5vcmcvMjAwMC9zdmciPjwvc3ZnPg==\" class=\"lazyload\" style=\"--smush-placeholder-width: 16px; --smush-placeholder-aspect-ratio: 16\/16;\" \/><\/p>\n<div class=\"pvc_clear\"><\/div>\n","protected":false},"excerpt":{"rendered":"<p>\u00c9 poss\u00edvel que v\u00e1rios de n\u00f3s, ao sermos convidados a exerc\u00edcios de medita\u00e7\u00e3o, perguntemos: Para qu\u00ea? Que benef\u00edcios poder\u00e1 me trazer meditar horas a fio? Naturalmente, ningu\u00e9m est\u00e1 propondo que se passe a vida a meditar. Deus quer que o homem pense nEle. Mas n\u00e3o quer que s\u00f3 nEle pense, pois que lhe imp\u00f5e deveres&hellip; <br \/> <a class=\"read-more\" href=\"https:\/\/www.centronocaminhodaluz.com.br\/index.php\/artigo19362\/\">Leia mais<\/a><\/p>\n<div class=\"pvc_clear\"><\/div>\n<p id=\"pvc_stats_19362\" class=\"pvc_stats all  \" data-element-id=\"19362\" style=\"\"><i class=\"pvc-stats-icon medium\" aria-hidden=\"true\"><svg aria-hidden=\"true\" focusable=\"false\" data-prefix=\"far\" data-icon=\"chart-bar\" role=\"img\" xmlns=\"http:\/\/www.w3.org\/2000\/svg\" viewBox=\"0 0 512 512\" class=\"svg-inline--fa fa-chart-bar fa-w-16 fa-2x\"><path fill=\"currentColor\" d=\"M396.8 352h22.4c6.4 0 12.8-6.4 12.8-12.8V108.8c0-6.4-6.4-12.8-12.8-12.8h-22.4c-6.4 0-12.8 6.4-12.8 12.8v230.4c0 6.4 6.4 12.8 12.8 12.8zm-192 0h22.4c6.4 0 12.8-6.4 12.8-12.8V140.8c0-6.4-6.4-12.8-12.8-12.8h-22.4c-6.4 0-12.8 6.4-12.8 12.8v198.4c0 6.4 6.4 12.8 12.8 12.8zm96 0h22.4c6.4 0 12.8-6.4 12.8-12.8V204.8c0-6.4-6.4-12.8-12.8-12.8h-22.4c-6.4 0-12.8 6.4-12.8 12.8v134.4c0 6.4 6.4 12.8 12.8 12.8zM496 400H48V80c0-8.84-7.16-16-16-16H16C7.16 64 0 71.16 0 80v336c0 17.67 14.33 32 32 32h464c8.84 0 16-7.16 16-16v-16c0-8.84-7.16-16-16-16zm-387.2-48h22.4c6.4 0 12.8-6.4 12.8-12.8v-70.4c0-6.4-6.4-12.8-12.8-12.8h-22.4c-6.4 0-12.8 6.4-12.8 12.8v70.4c0 6.4 6.4 12.8 12.8 12.8z\" class=\"\"><\/path><\/svg><\/i> <img decoding=\"async\" width=\"16\" height=\"16\" alt=\"Loading\" data-src=\"https:\/\/www.centronocaminhodaluz.com.br\/wp-content\/plugins\/page-views-count\/ajax-loader-2x.gif\" border=0 src=\"data:image\/svg+xml;base64,PHN2ZyB3aWR0aD0iMSIgaGVpZ2h0PSIxIiB4bWxucz0iaHR0cDovL3d3dy53My5vcmcvMjAwMC9zdmciPjwvc3ZnPg==\" class=\"lazyload\" style=\"--smush-placeholder-width: 16px; --smush-placeholder-aspect-ratio: 16\/16;\" \/><\/p>\n<div class=\"pvc_clear\"><\/div>\n","protected":false},"author":1,"featured_media":0,"comment_status":"Closed","ping_status":"open","sticky":false,"template":"","format":"standard","meta":{"footnotes":""},"categories":[16],"tags":[],"class_list":["post-19362","post","type-post","status-publish","format-standard","hentry","category-mensagens-diversas"],"a3_pvc":{"activated":true,"total_views":238,"today_views":0},"_links":{"self":[{"href":"https:\/\/www.centronocaminhodaluz.com.br\/index.php\/wp-json\/wp\/v2\/posts\/19362","targetHints":{"allow":["GET"]}}],"collection":[{"href":"https:\/\/www.centronocaminhodaluz.com.br\/index.php\/wp-json\/wp\/v2\/posts"}],"about":[{"href":"https:\/\/www.centronocaminhodaluz.com.br\/index.php\/wp-json\/wp\/v2\/types\/post"}],"author":[{"embeddable":true,"href":"https:\/\/www.centronocaminhodaluz.com.br\/index.php\/wp-json\/wp\/v2\/users\/1"}],"replies":[{"embeddable":true,"href":"https:\/\/www.centronocaminhodaluz.com.br\/index.php\/wp-json\/wp\/v2\/comments?post=19362"}],"version-history":[{"count":0,"href":"https:\/\/www.centronocaminhodaluz.com.br\/index.php\/wp-json\/wp\/v2\/posts\/19362\/revisions"}],"wp:attachment":[{"href":"https:\/\/www.centronocaminhodaluz.com.br\/index.php\/wp-json\/wp\/v2\/media?parent=19362"}],"wp:term":[{"taxonomy":"category","embeddable":true,"href":"https:\/\/www.centronocaminhodaluz.com.br\/index.php\/wp-json\/wp\/v2\/categories?post=19362"},{"taxonomy":"post_tag","embeddable":true,"href":"https:\/\/www.centronocaminhodaluz.com.br\/index.php\/wp-json\/wp\/v2\/tags?post=19362"}],"curies":[{"name":"wp","href":"https:\/\/api.w.org\/{rel}","templated":true}]}}