{"id":19363,"date":"2023-04-07T14:12:00","date_gmt":"2023-04-07T14:12:00","guid":{"rendered":""},"modified":"2023-04-07T14:12:00","modified_gmt":"2023-04-07T14:12:00","slug":"artigo19363","status":"publish","type":"post","link":"https:\/\/www.centronocaminhodaluz.com.br\/index.php\/artigo19363\/","title":{"rendered":"Deus, acima de tudo &#8211; Reda\u00e7\u00e3o do Momento Esp\u00edrita"},"content":{"rendered":"<p>A Terra sempre recebeu em seu seio almas generosas, Esp\u00edritos superiores, que ofertam valiosas contribui\u00e7\u00f5es para o crescimento geral.<\/p>\n<p>Alguns desses Esp\u00edritos v\u00eam com o objetivo de alavancar o progresso e fazer evoluir a Humanidade.<\/p>\n<p>Suas vidas deixam marcas luminosas, que desafiam os tempos.<\/p>\n<p>Tamb\u00e9m nos oferecem li\u00e7\u00f5es de f\u00e9 e amor ao Criador.<\/p>\n<p>Ludwig Van Beethoven foi uma dessas criaturas.<br \/> Nasceu em Bonn, na Alemanha, no ano de 1770 e morreu em Viena, na \u00c1ustria, em 1827.<\/p>\n<p>Seu viver foi uma vertente constante da m\u00fasica que sublima e enleva os sentimentos.<\/p>\n<p>Foi o aut\u00eantico m\u00e9dium da arte refinada de compor.<br \/> Para ele, a m\u00fasica era uma revela\u00e7\u00e3o divina, uma revela\u00e7\u00e3o mais sublime que toda a ci\u00eancia e toda a filosofia.<\/p>\n<p>Seu viver foi um calv\u00e1rio pontilhado por muitos sofrimentos f\u00edsicos, destacando-se a surdez que o isolou do mundo.<\/p>\n<p>Ele nos deixou nove sinfonias, doze sonatas, concertos, quartetos e uma \u00fanica \u00f3pera, Fidelio.<br \/> Tudo de imensa beleza.<\/p>\n<p>Seu psiquismo refinado lhe permitia constante contato com os Esp\u00edritos superiores.<\/p>\n<p>Diante dos muitos padecimentos que o acometiam, afirmava, sereno e confiante: Deus nunca me abandonou.<\/p>\n<p>Perguntado, certa vez, se desejava receber determinado t\u00edtulo honor\u00edfico, apontou para o Alto e respondeu: Meu reino n\u00e3o \u00e9 deste mundo.<br \/> Meu imp\u00e9rio est\u00e1 no ar.<\/p>\n<p>E concluiu: N\u00e3o conhe\u00e7o outro t\u00edtulo de superioridade, sen\u00e3o o da bondade.<\/p>\n<p>Bondade da qual ele deu mostras, mais de uma vez.<br \/> Em certa oportunidade, um amigo estava em grandes dificuldades.<\/p>\n<p>Beethoven o presenteou com uma das suas cria\u00e7\u00f5es, para que fosse vendida e o dinheiro usado na solu\u00e7\u00e3o do problema que o afligia.<\/p>\n<p>Era nos bosques que ele mantinha contato mais \u00edntimo com as nobres entidades ligadas \u00e0 m\u00fasica e \u00e0 harmonia.<\/p>\n<p>Ali ele fazia suas ora\u00e7\u00f5es e refazia suas energias.<\/p>\n<p>Quando voltava desses encontros, com a fisionomia alterada, respondia a quem lhe perguntava:<\/p>\n<p>O meu anjo bom me visitou.<\/p>\n<p>Em um desses momentos, transformou uma de suas ora\u00e7\u00f5es, em uma pe\u00e7a musical de grande eleva\u00e7\u00e3o e apurada sensibilidade: Hino \u00e0 alegria.<\/p>\n<p>\u00c9, ao mesmo tempo, uma exalta\u00e7\u00e3o \u00e0 f\u00e9 em Deus.<br \/> Seus versos podem ser traduzidos mais ou menos assim:<\/p>\n<p>Escuta, irm\u00e3o, a can\u00e7\u00e3o da alegria<\/p>\n<p>O canto alegre do que espera um novo dia.<\/p>\n<p>Vem, canta, sonha cantando<\/p>\n<p>Vive sonhando um novo sol<\/p>\n<p>Em que os homens voltar\u00e3o a ser irm\u00e3os.<\/p>\n<p>Se em teu caminho s\u00f3 existe a tristeza<\/p>\n<p>O pranto amargo da solid\u00e3o completa<\/p>\n<p>Se \u00e9 que n\u00e3o encontras alegria nesta Terra<\/p>\n<p>Busca-a, irm\u00e3o, mais al\u00e9m das estrelas.<\/p>\n<p>Sempre enaltecia a Paternidade Divina, afirmando: Deus, acima de tudo.<\/p>\n<p>O lema que norteou seus passos, foi: Fazer o bem poss\u00edvel.<br \/> Amar, sobretudo, a liberdade.<br \/> E, mesmo que seja por um trono, jamais renegar a verdade.<\/p>\n<p>*   *   *<\/p>\n<p>Quando necessitava conforto espiritual, Beethoven se servia do livro Imita\u00e7\u00e3o de Cristo.<\/p>\n<p>A obra \u00e9 de autoria do fil\u00f3sofo e m\u00edstico alem\u00e3o, Thomas Von Kempis, que viveu entre os s\u00e9culos XIV e XV.<\/p>\n<p>E Beethoven o tinha mesmo como o seu livro de cabeceira, o que nos diz da sua religiosidade e da f\u00e9 em Deus.<\/p>\n<p>Reda\u00e7\u00e3o do Momento Esp\u00edrita, com base no texto Beethoven:<br \/>\n<br \/>Deus, acima de tudo, de Giovani Scognamillo, publicado no Jornal<br \/>\n<br \/>Tribuna Esp\u00edrita, de jan\/fev.<br \/> 2005 e nos versos do Hino \u00e0 alegria, de Beethoven, gentilmente traduzidos por Enrique Baldovino.<\/p>\n<p>Em 4.<br \/>4.<br \/>2023.<\/p>\n<div class=\"pvc_clear\"><\/div>\n<p id=\"pvc_stats_19363\" class=\"pvc_stats all  \" data-element-id=\"19363\" style=\"\"><i class=\"pvc-stats-icon medium\" aria-hidden=\"true\"><svg aria-hidden=\"true\" focusable=\"false\" data-prefix=\"far\" data-icon=\"chart-bar\" role=\"img\" xmlns=\"http:\/\/www.w3.org\/2000\/svg\" viewBox=\"0 0 512 512\" class=\"svg-inline--fa fa-chart-bar fa-w-16 fa-2x\"><path fill=\"currentColor\" d=\"M396.8 352h22.4c6.4 0 12.8-6.4 12.8-12.8V108.8c0-6.4-6.4-12.8-12.8-12.8h-22.4c-6.4 0-12.8 6.4-12.8 12.8v230.4c0 6.4 6.4 12.8 12.8 12.8zm-192 0h22.4c6.4 0 12.8-6.4 12.8-12.8V140.8c0-6.4-6.4-12.8-12.8-12.8h-22.4c-6.4 0-12.8 6.4-12.8 12.8v198.4c0 6.4 6.4 12.8 12.8 12.8zm96 0h22.4c6.4 0 12.8-6.4 12.8-12.8V204.8c0-6.4-6.4-12.8-12.8-12.8h-22.4c-6.4 0-12.8 6.4-12.8 12.8v134.4c0 6.4 6.4 12.8 12.8 12.8zM496 400H48V80c0-8.84-7.16-16-16-16H16C7.16 64 0 71.16 0 80v336c0 17.67 14.33 32 32 32h464c8.84 0 16-7.16 16-16v-16c0-8.84-7.16-16-16-16zm-387.2-48h22.4c6.4 0 12.8-6.4 12.8-12.8v-70.4c0-6.4-6.4-12.8-12.8-12.8h-22.4c-6.4 0-12.8 6.4-12.8 12.8v70.4c0 6.4 6.4 12.8 12.8 12.8z\" class=\"\"><\/path><\/svg><\/i> <img decoding=\"async\" width=\"16\" height=\"16\" alt=\"Loading\" data-src=\"https:\/\/www.centronocaminhodaluz.com.br\/wp-content\/plugins\/page-views-count\/ajax-loader-2x.gif\" border=0 src=\"data:image\/svg+xml;base64,PHN2ZyB3aWR0aD0iMSIgaGVpZ2h0PSIxIiB4bWxucz0iaHR0cDovL3d3dy53My5vcmcvMjAwMC9zdmciPjwvc3ZnPg==\" class=\"lazyload\" style=\"--smush-placeholder-width: 16px; --smush-placeholder-aspect-ratio: 16\/16;\" \/><\/p>\n<div class=\"pvc_clear\"><\/div>\n","protected":false},"excerpt":{"rendered":"<p>A Terra sempre recebeu em seu seio almas generosas, Esp\u00edritos superiores, que ofertam valiosas contribui\u00e7\u00f5es para o crescimento geral. Alguns desses Esp\u00edritos v\u00eam com o objetivo de alavancar o progresso e fazer evoluir a Humanidade. Suas vidas deixam marcas luminosas, que desafiam os tempos. Tamb\u00e9m nos oferecem li\u00e7\u00f5es de f\u00e9 e amor ao Criador. Ludwig&hellip; <br \/> <a class=\"read-more\" href=\"https:\/\/www.centronocaminhodaluz.com.br\/index.php\/artigo19363\/\">Leia mais<\/a><\/p>\n<div class=\"pvc_clear\"><\/div>\n<p id=\"pvc_stats_19363\" class=\"pvc_stats all  \" data-element-id=\"19363\" style=\"\"><i class=\"pvc-stats-icon medium\" aria-hidden=\"true\"><svg aria-hidden=\"true\" focusable=\"false\" data-prefix=\"far\" data-icon=\"chart-bar\" role=\"img\" xmlns=\"http:\/\/www.w3.org\/2000\/svg\" viewBox=\"0 0 512 512\" class=\"svg-inline--fa fa-chart-bar fa-w-16 fa-2x\"><path fill=\"currentColor\" d=\"M396.8 352h22.4c6.4 0 12.8-6.4 12.8-12.8V108.8c0-6.4-6.4-12.8-12.8-12.8h-22.4c-6.4 0-12.8 6.4-12.8 12.8v230.4c0 6.4 6.4 12.8 12.8 12.8zm-192 0h22.4c6.4 0 12.8-6.4 12.8-12.8V140.8c0-6.4-6.4-12.8-12.8-12.8h-22.4c-6.4 0-12.8 6.4-12.8 12.8v198.4c0 6.4 6.4 12.8 12.8 12.8zm96 0h22.4c6.4 0 12.8-6.4 12.8-12.8V204.8c0-6.4-6.4-12.8-12.8-12.8h-22.4c-6.4 0-12.8 6.4-12.8 12.8v134.4c0 6.4 6.4 12.8 12.8 12.8zM496 400H48V80c0-8.84-7.16-16-16-16H16C7.16 64 0 71.16 0 80v336c0 17.67 14.33 32 32 32h464c8.84 0 16-7.16 16-16v-16c0-8.84-7.16-16-16-16zm-387.2-48h22.4c6.4 0 12.8-6.4 12.8-12.8v-70.4c0-6.4-6.4-12.8-12.8-12.8h-22.4c-6.4 0-12.8 6.4-12.8 12.8v70.4c0 6.4 6.4 12.8 12.8 12.8z\" class=\"\"><\/path><\/svg><\/i> <img decoding=\"async\" width=\"16\" height=\"16\" alt=\"Loading\" data-src=\"https:\/\/www.centronocaminhodaluz.com.br\/wp-content\/plugins\/page-views-count\/ajax-loader-2x.gif\" border=0 src=\"data:image\/svg+xml;base64,PHN2ZyB3aWR0aD0iMSIgaGVpZ2h0PSIxIiB4bWxucz0iaHR0cDovL3d3dy53My5vcmcvMjAwMC9zdmciPjwvc3ZnPg==\" class=\"lazyload\" style=\"--smush-placeholder-width: 16px; --smush-placeholder-aspect-ratio: 16\/16;\" \/><\/p>\n<div class=\"pvc_clear\"><\/div>\n","protected":false},"author":1,"featured_media":0,"comment_status":"Closed","ping_status":"open","sticky":false,"template":"","format":"standard","meta":{"footnotes":""},"categories":[16],"tags":[],"class_list":["post-19363","post","type-post","status-publish","format-standard","hentry","category-mensagens-diversas"],"a3_pvc":{"activated":true,"total_views":253,"today_views":0},"_links":{"self":[{"href":"https:\/\/www.centronocaminhodaluz.com.br\/index.php\/wp-json\/wp\/v2\/posts\/19363","targetHints":{"allow":["GET"]}}],"collection":[{"href":"https:\/\/www.centronocaminhodaluz.com.br\/index.php\/wp-json\/wp\/v2\/posts"}],"about":[{"href":"https:\/\/www.centronocaminhodaluz.com.br\/index.php\/wp-json\/wp\/v2\/types\/post"}],"author":[{"embeddable":true,"href":"https:\/\/www.centronocaminhodaluz.com.br\/index.php\/wp-json\/wp\/v2\/users\/1"}],"replies":[{"embeddable":true,"href":"https:\/\/www.centronocaminhodaluz.com.br\/index.php\/wp-json\/wp\/v2\/comments?post=19363"}],"version-history":[{"count":0,"href":"https:\/\/www.centronocaminhodaluz.com.br\/index.php\/wp-json\/wp\/v2\/posts\/19363\/revisions"}],"wp:attachment":[{"href":"https:\/\/www.centronocaminhodaluz.com.br\/index.php\/wp-json\/wp\/v2\/media?parent=19363"}],"wp:term":[{"taxonomy":"category","embeddable":true,"href":"https:\/\/www.centronocaminhodaluz.com.br\/index.php\/wp-json\/wp\/v2\/categories?post=19363"},{"taxonomy":"post_tag","embeddable":true,"href":"https:\/\/www.centronocaminhodaluz.com.br\/index.php\/wp-json\/wp\/v2\/tags?post=19363"}],"curies":[{"name":"wp","href":"https:\/\/api.w.org\/{rel}","templated":true}]}}