{"id":21442,"date":"2026-08-28T10:12:00","date_gmt":"2026-08-28T10:12:00","guid":{"rendered":""},"modified":"2026-08-28T10:12:00","modified_gmt":"2026-08-28T10:12:00","slug":"artigo21442","status":"publish","type":"post","link":"https:\/\/www.centronocaminhodaluz.com.br\/index.php\/artigo21442\/","title":{"rendered":"O pre\u00e7o da consci\u00eancia &#8211; Reda\u00e7\u00e3o do Momento Esp\u00edrita"},"content":{"rendered":"<p>A coragem se caracteriza em defender o que \u00e9 certo e justo ou de ser verdadeiro consigo mesmo.<\/p>\n<p>Etimologicamente, vem do latim cor &#8211; cora\u00e7\u00e3o -, no sentido de agir com o cora\u00e7\u00e3o.<\/p>\n<p>Foi assim, deixando falar o cora\u00e7\u00e3o, que, na cerim\u00f4nia do Oscar de 1993, agiu o ator Richard Gere.<\/p>\n<p>Ele subiu ao palco com a tarefa de apresentar o pr\u00eamio de melhor dire\u00e7\u00e3o de arte.<br \/> Em vez de seguir o roteiro da Academia, que primava pelo entretenimento puro, Gere transformou o momento em algo que soou como uma grande cr\u00edtica.<\/p>\n<p>Amigo pessoal do Dalai Lama, a maior autoridade pol\u00edtica e religiosa do Tibete, Gere fugiu do script e fez um apelo emocional e direto, denunciando a ocupa\u00e7\u00e3o militar do Tibete e as supostas viola\u00e7\u00f5es dos direitos humanos pelas for\u00e7as chinesas.<\/p>\n<p>Gostaria de aproveitar um segundo, se me permitirem.<br \/> Com a presen\u00e7a de tantas pessoas poderosas aqui, quero falar sobre a situa\u00e7\u00e3o indescrit\u00edvel do povo do Tibete, sem esperan\u00e7a de que as coisas melhorem.<\/p>\n<p>Por favor, enviem o seu amor e a sua verdade a quem precisa, e aos l\u00edderes chineses para que possam retirar as suas tropas daquele pa\u00eds.<\/p>\n<p>O discurso, embora breve, causou um choque imediato.<br \/> A plateia reagiu com uma mistura de aplausos esparsos e sil\u00eancio constrangido.<\/p>\n<p>O que se seguiu a essa cerim\u00f4nia foi uma repres\u00e1lia discreta, mas eficaz.<br \/> Richard Gere n\u00e3o foi convidado a apresentar ou participar de nenhuma cerim\u00f4nia do Oscar por exatos vinte anos.<\/p>\n<p>A Academia de artes e ci\u00eancias cinematogr\u00e1ficas nunca emitiu uma declara\u00e7\u00e3o formal de banimento, mas a aus\u00eancia do ator por duas d\u00e9cadas foi amplamente interpretada pela imprensa como uma puni\u00e7\u00e3o direta por seu desvio do protocolo.<\/p>\n<p>Sua postura teve outras consequ\u00eancias, especialmente no que diz respeito ao seu relacionamento com a China.<br \/> Ele foi proibido de entrar naquele pa\u00eds e passou a ser evitado por produtoras que buscavam financiamento ou distribui\u00e7\u00e3o no pa\u00eds asi\u00e1tico.<\/p>\n<p>O ator confirmou, em entrevistas posteriores, que essa posi\u00e7\u00e3o pol\u00edtica o levou a perder pap\u00e9is em filmes, pois os investidores chineses o recusavam.<\/p>\n<p>Apesar do alto custo pessoal e profissional, Richard Gere nunca demonstrou arrependimento pela sua a\u00e7\u00e3o.<br \/> Em suas manifesta\u00e7\u00f5es, ele reiterou sua dedica\u00e7\u00e3o \u00e0 causa do Tibete e aos princ\u00edpios do Dalai Lama.<\/p>\n<p>Ele encarou o banimento da Academia como uma consequ\u00eancia natural de sua posi\u00e7\u00e3o moral, que se baseia no princ\u00edpio de lutar contra as viola\u00e7\u00f5es dos direitos humanos.<\/p>\n<p>N\u00e3o discutimos a quest\u00e3o pol\u00edtica.<br \/> O que desejamos ressaltar \u00e9 o exemplo de um indiv\u00edduo que usou sua fama e plataforma em um momento de pico de visibilidade global para defender uma causa que considerava justa, sacrificando potencialmente sua carreira.<\/p>\n<p>*   *   *<\/p>\n<p>Quantas vezes, em nossas vidas, deixamos de defender o correto, o moral, o \u00e9tico com medo de repres\u00e1lias? Com medo de perder amigos, posi\u00e7\u00e3o social, prest\u00edgio.<\/p>\n<p>Em tempos de tantas injusti\u00e7as, temos a coragem de defender o mais fraco, o exclu\u00eddo?<\/p>\n<p>Estamos atentos que, como crist\u00e3os, devemos defender o que \u00e9 correto, justo e bom?<\/p>\n<p>Reda\u00e7\u00e3o do Momento Esp\u00edrita, com base<br \/>\n<br \/> em fatos da vida de Richard Gere.<\/p>\n<p>Em 11.<br \/>3.<br \/>2026<\/p>\n<div class=\"pvc_clear\"><\/div>\n<p id=\"pvc_stats_21442\" class=\"pvc_stats all  \" data-element-id=\"21442\" style=\"\"><i class=\"pvc-stats-icon medium\" aria-hidden=\"true\"><svg aria-hidden=\"true\" focusable=\"false\" data-prefix=\"far\" data-icon=\"chart-bar\" role=\"img\" xmlns=\"http:\/\/www.w3.org\/2000\/svg\" viewBox=\"0 0 512 512\" class=\"svg-inline--fa fa-chart-bar fa-w-16 fa-2x\"><path fill=\"currentColor\" d=\"M396.8 352h22.4c6.4 0 12.8-6.4 12.8-12.8V108.8c0-6.4-6.4-12.8-12.8-12.8h-22.4c-6.4 0-12.8 6.4-12.8 12.8v230.4c0 6.4 6.4 12.8 12.8 12.8zm-192 0h22.4c6.4 0 12.8-6.4 12.8-12.8V140.8c0-6.4-6.4-12.8-12.8-12.8h-22.4c-6.4 0-12.8 6.4-12.8 12.8v198.4c0 6.4 6.4 12.8 12.8 12.8zm96 0h22.4c6.4 0 12.8-6.4 12.8-12.8V204.8c0-6.4-6.4-12.8-12.8-12.8h-22.4c-6.4 0-12.8 6.4-12.8 12.8v134.4c0 6.4 6.4 12.8 12.8 12.8zM496 400H48V80c0-8.84-7.16-16-16-16H16C7.16 64 0 71.16 0 80v336c0 17.67 14.33 32 32 32h464c8.84 0 16-7.16 16-16v-16c0-8.84-7.16-16-16-16zm-387.2-48h22.4c6.4 0 12.8-6.4 12.8-12.8v-70.4c0-6.4-6.4-12.8-12.8-12.8h-22.4c-6.4 0-12.8 6.4-12.8 12.8v70.4c0 6.4 6.4 12.8 12.8 12.8z\" class=\"\"><\/path><\/svg><\/i> <img decoding=\"async\" width=\"16\" height=\"16\" alt=\"Loading\" data-src=\"https:\/\/www.centronocaminhodaluz.com.br\/wp-content\/plugins\/page-views-count\/ajax-loader-2x.gif\" border=0 src=\"data:image\/svg+xml;base64,PHN2ZyB3aWR0aD0iMSIgaGVpZ2h0PSIxIiB4bWxucz0iaHR0cDovL3d3dy53My5vcmcvMjAwMC9zdmciPjwvc3ZnPg==\" class=\"lazyload\" style=\"--smush-placeholder-width: 16px; --smush-placeholder-aspect-ratio: 16\/16;\" \/><\/p>\n<div class=\"pvc_clear\"><\/div>\n","protected":false},"excerpt":{"rendered":"<p>A coragem se caracteriza em defender o que \u00e9 certo e justo ou de ser verdadeiro consigo mesmo. Etimologicamente, vem do latim cor &#8211; cora\u00e7\u00e3o -, no sentido de agir com o cora\u00e7\u00e3o. Foi assim, deixando falar o cora\u00e7\u00e3o, que, na cerim\u00f4nia do Oscar de 1993, agiu o ator Richard Gere. Ele subiu ao palco&hellip; <br \/> <a class=\"read-more\" href=\"https:\/\/www.centronocaminhodaluz.com.br\/index.php\/artigo21442\/\">Leia mais<\/a><\/p>\n<div class=\"pvc_clear\"><\/div>\n<p id=\"pvc_stats_21442\" class=\"pvc_stats all  \" data-element-id=\"21442\" style=\"\"><i class=\"pvc-stats-icon medium\" aria-hidden=\"true\"><svg aria-hidden=\"true\" focusable=\"false\" data-prefix=\"far\" data-icon=\"chart-bar\" role=\"img\" xmlns=\"http:\/\/www.w3.org\/2000\/svg\" viewBox=\"0 0 512 512\" class=\"svg-inline--fa fa-chart-bar fa-w-16 fa-2x\"><path fill=\"currentColor\" d=\"M396.8 352h22.4c6.4 0 12.8-6.4 12.8-12.8V108.8c0-6.4-6.4-12.8-12.8-12.8h-22.4c-6.4 0-12.8 6.4-12.8 12.8v230.4c0 6.4 6.4 12.8 12.8 12.8zm-192 0h22.4c6.4 0 12.8-6.4 12.8-12.8V140.8c0-6.4-6.4-12.8-12.8-12.8h-22.4c-6.4 0-12.8 6.4-12.8 12.8v198.4c0 6.4 6.4 12.8 12.8 12.8zm96 0h22.4c6.4 0 12.8-6.4 12.8-12.8V204.8c0-6.4-6.4-12.8-12.8-12.8h-22.4c-6.4 0-12.8 6.4-12.8 12.8v134.4c0 6.4 6.4 12.8 12.8 12.8zM496 400H48V80c0-8.84-7.16-16-16-16H16C7.16 64 0 71.16 0 80v336c0 17.67 14.33 32 32 32h464c8.84 0 16-7.16 16-16v-16c0-8.84-7.16-16-16-16zm-387.2-48h22.4c6.4 0 12.8-6.4 12.8-12.8v-70.4c0-6.4-6.4-12.8-12.8-12.8h-22.4c-6.4 0-12.8 6.4-12.8 12.8v70.4c0 6.4 6.4 12.8 12.8 12.8z\" class=\"\"><\/path><\/svg><\/i> <img decoding=\"async\" width=\"16\" height=\"16\" alt=\"Loading\" data-src=\"https:\/\/www.centronocaminhodaluz.com.br\/wp-content\/plugins\/page-views-count\/ajax-loader-2x.gif\" border=0 src=\"data:image\/svg+xml;base64,PHN2ZyB3aWR0aD0iMSIgaGVpZ2h0PSIxIiB4bWxucz0iaHR0cDovL3d3dy53My5vcmcvMjAwMC9zdmciPjwvc3ZnPg==\" class=\"lazyload\" style=\"--smush-placeholder-width: 16px; --smush-placeholder-aspect-ratio: 16\/16;\" \/><\/p>\n<div class=\"pvc_clear\"><\/div>\n","protected":false},"author":1,"featured_media":0,"comment_status":"Closed","ping_status":"open","sticky":false,"template":"","format":"standard","meta":{"footnotes":""},"categories":[1,16],"tags":[],"class_list":["post-21442","post","type-post","status-publish","format-standard","hentry","category-novos-posts","category-mensagens-diversas"],"a3_pvc":{"activated":true,"total_views":0,"today_views":0},"_links":{"self":[{"href":"https:\/\/www.centronocaminhodaluz.com.br\/index.php\/wp-json\/wp\/v2\/posts\/21442","targetHints":{"allow":["GET"]}}],"collection":[{"href":"https:\/\/www.centronocaminhodaluz.com.br\/index.php\/wp-json\/wp\/v2\/posts"}],"about":[{"href":"https:\/\/www.centronocaminhodaluz.com.br\/index.php\/wp-json\/wp\/v2\/types\/post"}],"author":[{"embeddable":true,"href":"https:\/\/www.centronocaminhodaluz.com.br\/index.php\/wp-json\/wp\/v2\/users\/1"}],"replies":[{"embeddable":true,"href":"https:\/\/www.centronocaminhodaluz.com.br\/index.php\/wp-json\/wp\/v2\/comments?post=21442"}],"version-history":[{"count":0,"href":"https:\/\/www.centronocaminhodaluz.com.br\/index.php\/wp-json\/wp\/v2\/posts\/21442\/revisions"}],"wp:attachment":[{"href":"https:\/\/www.centronocaminhodaluz.com.br\/index.php\/wp-json\/wp\/v2\/media?parent=21442"}],"wp:term":[{"taxonomy":"category","embeddable":true,"href":"https:\/\/www.centronocaminhodaluz.com.br\/index.php\/wp-json\/wp\/v2\/categories?post=21442"},{"taxonomy":"post_tag","embeddable":true,"href":"https:\/\/www.centronocaminhodaluz.com.br\/index.php\/wp-json\/wp\/v2\/tags?post=21442"}],"curies":[{"name":"wp","href":"https:\/\/api.w.org\/{rel}","templated":true}]}}