{"id":21443,"date":"2026-08-28T10:12:00","date_gmt":"2026-08-28T10:12:00","guid":{"rendered":""},"modified":"2026-08-28T10:12:00","modified_gmt":"2026-08-28T10:12:00","slug":"artigo21443","status":"publish","type":"post","link":"https:\/\/www.centronocaminhodaluz.com.br\/index.php\/artigo21443\/","title":{"rendered":"O essencial n\u00e3o \u00e9 o que parece &#8211; Reda\u00e7\u00e3o do Momento Esp\u00edrita"},"content":{"rendered":"<p>O essencial n\u00e3o ser\u00e1 tanto o que ret\u00e9ns.<\/p>\n<p>\u00c9 o que d\u00e1s de ti mesmo e a maneira como d\u00e1s.<\/p>\n<p>N\u00e3o \u00e9 tanto o que recebes.<\/p>\n<p>\u00c9 o que distribuis e como distribuis.<\/p>\n<p>N\u00e3o \u00e9 tanto o que colhes.<\/p>\n<p>\u00c9 o que semeias e para que semeias.<\/p>\n<p>N\u00e3o \u00e9 tanto o que esperas.<\/p>\n<p>\u00c9 o que realizas.<\/p>\n<p>N\u00e3o \u00e9 tanto o que rogas.<\/p>\n<p>\u00c9 o que aceitas.<\/p>\n<p>N\u00e3o \u00e9 tanto o que reclamas.<\/p>\n<p>\u00c9 o que suportas e como suportas.<\/p>\n<p>N\u00e3o \u00e9 tanto o que falas.<\/p>\n<p>\u00c9 o que sentes e como sentes.<\/p>\n<p>N\u00e3o \u00e9 tanto o que perguntas.<\/p>\n<p>\u00c9 o que aprendes e para que aprendes.<\/p>\n<p>N\u00e3o \u00e9 tanto o que aconselhas.<\/p>\n<p>\u00c9 o que exemplificas.<\/p>\n<p>N\u00e3o \u00e9 tanto o que ensinas.<\/p>\n<p>\u00c9 o que fazes e como fazes.<\/p>\n<p>Em suma, na vida do Esp\u00edrito &#8211; a \u00fanica vida verdadeira \u2013<\/p>\n<p>o essencial n\u00e3o \u00e9 o que parece.<\/p>\n<p>O essencial ser\u00e1 sempre aquilo que \u00e9.<\/p>\n<p>*   *   *<\/p>\n<p>A mensagem nos abre a compreens\u00e3o para o que mais importa em nossos dias.<\/p>\n<p>Ser\u00e1 que temos focado, colocado as nossas mais preciosas energias naquilo que \u00e9 realmente essencial?<\/p>\n<p>N\u00e3o que o restante n\u00e3o tenha sua import\u00e2ncia, mas, quando usamos a palavra essencial, estamos nos referindo \u00e0 ess\u00eancia, \u00e0quilo que nos conecta \u00e0 ess\u00eancia de n\u00f3s mesmos, ao mais importante de tudo.<\/p>\n<p>Prioridades.<br \/> Num mundo que, segundo dizemos, nos pede tanto, nos exige que cumpramos tantos pap\u00e9is ao mesmo tempo, nunca foi t\u00e3o importante que estabele\u00e7amos prioridades.<\/p>\n<p>Falar, ent\u00e3o, do essencial, \u00e9 buscar as prioridades.<\/p>\n<p>Muitas vezes, na busca de atender aquilo que \u00e9 sup\u00e9rfluo, secund\u00e1rio e at\u00e9 dispens\u00e1vel na exist\u00eancia, estamos deixando de lado algo essencial.<\/p>\n<p>Pensemos num exemplo bastante pertinente nos dias de hoje: a dificuldade que t\u00eam os pais em saber o que dizer aos filhos, nas li\u00e7\u00f5es a transmitir, nos ensinamentos.<\/p>\n<p>Pais querem ser professores \u00e0 moda antiga, fazendo os filhos se sentarem em carteiras escolares, em frente a quadros negros, com o giz da autoridade nas m\u00e3os, escrevendo ali o que devem e n\u00e3o devem fazer.<\/p>\n<p>Entretanto, o essencial n\u00e3o est\u00e1 no que ensinamos pela palavra, mas pelos exemplos.<br \/> E nesse item: como est\u00e3o os nossos exemplos dentro e fora de casa?<\/p>\n<p>Como n\u00f3s, pais e m\u00e3es, como casais, como nos tratamos? Como somos como filhos? Como tratamos nossos pais, irm\u00e3os, a fam\u00edlia?<\/p>\n<p>Que comportamento apresentamos no grupo social em que estamos inseridos? O que trazemos para casa nos coment\u00e1rios sobre a vida dos outros? O que fazemos pelo pr\u00f3ximo?<\/p>\n<p>Eis o essencial! Eis o que nossos filhos levar\u00e3o para sempre em seus cora\u00e7\u00f5es: os exemplos.<\/p>\n<p>O essencial ser\u00e1 sempre aquilo que \u00e9, e nunca o que parece ser.<\/p>\n<p>Em tempos de vidas expostas em fotos que mostram realidades incompletas; em tempos de sorrisos e l\u00e1grimas fabricados para chamar a aten\u00e7\u00e3o, vale a pena pensar sobre o que \u00e9 essencial em nossa vida.<\/p>\n<p>Tudo que est\u00e1 ligado \u00e0 vida do Esp\u00edrito, que \u00e9 a vida essencial, a vida que n\u00e3o se destr\u00f3i, que n\u00e3o se esquece com o tempo.<\/p>\n<p>Busquemos a nossa ess\u00eancia.<br \/> Busquemos a ess\u00eancia da experi\u00eancia na Terra e tenhamos a certeza de que nossa encarna\u00e7\u00e3o est\u00e1 valendo a pena.<\/p>\n<p>Reda\u00e7\u00e3o do Momento Esp\u00edrita, com base no<br \/>\n<br \/> cap.<br \/> 43, do livro Caminho Esp\u00edrita, por Esp\u00edritos<br \/>\n<br \/> diversos, psicografia de Francisco C\u00e2ndido Xavier,<br \/>\n<br \/> ed.<br \/> IDE.<\/p>\n<p>Em 13.<br \/>3.<br \/>2026<\/p>\n<div class=\"pvc_clear\"><\/div>\n<p id=\"pvc_stats_21443\" class=\"pvc_stats all  \" data-element-id=\"21443\" style=\"\"><i class=\"pvc-stats-icon medium\" aria-hidden=\"true\"><svg aria-hidden=\"true\" focusable=\"false\" data-prefix=\"far\" data-icon=\"chart-bar\" role=\"img\" xmlns=\"http:\/\/www.w3.org\/2000\/svg\" viewBox=\"0 0 512 512\" class=\"svg-inline--fa fa-chart-bar fa-w-16 fa-2x\"><path fill=\"currentColor\" d=\"M396.8 352h22.4c6.4 0 12.8-6.4 12.8-12.8V108.8c0-6.4-6.4-12.8-12.8-12.8h-22.4c-6.4 0-12.8 6.4-12.8 12.8v230.4c0 6.4 6.4 12.8 12.8 12.8zm-192 0h22.4c6.4 0 12.8-6.4 12.8-12.8V140.8c0-6.4-6.4-12.8-12.8-12.8h-22.4c-6.4 0-12.8 6.4-12.8 12.8v198.4c0 6.4 6.4 12.8 12.8 12.8zm96 0h22.4c6.4 0 12.8-6.4 12.8-12.8V204.8c0-6.4-6.4-12.8-12.8-12.8h-22.4c-6.4 0-12.8 6.4-12.8 12.8v134.4c0 6.4 6.4 12.8 12.8 12.8zM496 400H48V80c0-8.84-7.16-16-16-16H16C7.16 64 0 71.16 0 80v336c0 17.67 14.33 32 32 32h464c8.84 0 16-7.16 16-16v-16c0-8.84-7.16-16-16-16zm-387.2-48h22.4c6.4 0 12.8-6.4 12.8-12.8v-70.4c0-6.4-6.4-12.8-12.8-12.8h-22.4c-6.4 0-12.8 6.4-12.8 12.8v70.4c0 6.4 6.4 12.8 12.8 12.8z\" class=\"\"><\/path><\/svg><\/i> <img decoding=\"async\" width=\"16\" height=\"16\" alt=\"Loading\" data-src=\"https:\/\/www.centronocaminhodaluz.com.br\/wp-content\/plugins\/page-views-count\/ajax-loader-2x.gif\" border=0 src=\"data:image\/svg+xml;base64,PHN2ZyB3aWR0aD0iMSIgaGVpZ2h0PSIxIiB4bWxucz0iaHR0cDovL3d3dy53My5vcmcvMjAwMC9zdmciPjwvc3ZnPg==\" class=\"lazyload\" style=\"--smush-placeholder-width: 16px; --smush-placeholder-aspect-ratio: 16\/16;\" \/><\/p>\n<div class=\"pvc_clear\"><\/div>\n","protected":false},"excerpt":{"rendered":"<p>O essencial n\u00e3o ser\u00e1 tanto o que ret\u00e9ns. \u00c9 o que d\u00e1s de ti mesmo e a maneira como d\u00e1s. N\u00e3o \u00e9 tanto o que recebes. \u00c9 o que distribuis e como distribuis. N\u00e3o \u00e9 tanto o que colhes. \u00c9 o que semeias e para que semeias. N\u00e3o \u00e9 tanto o que esperas. \u00c9 o&hellip; <br \/> <a class=\"read-more\" href=\"https:\/\/www.centronocaminhodaluz.com.br\/index.php\/artigo21443\/\">Leia mais<\/a><\/p>\n<div class=\"pvc_clear\"><\/div>\n<p id=\"pvc_stats_21443\" class=\"pvc_stats all  \" data-element-id=\"21443\" style=\"\"><i class=\"pvc-stats-icon medium\" aria-hidden=\"true\"><svg aria-hidden=\"true\" focusable=\"false\" data-prefix=\"far\" data-icon=\"chart-bar\" role=\"img\" xmlns=\"http:\/\/www.w3.org\/2000\/svg\" viewBox=\"0 0 512 512\" class=\"svg-inline--fa fa-chart-bar fa-w-16 fa-2x\"><path fill=\"currentColor\" d=\"M396.8 352h22.4c6.4 0 12.8-6.4 12.8-12.8V108.8c0-6.4-6.4-12.8-12.8-12.8h-22.4c-6.4 0-12.8 6.4-12.8 12.8v230.4c0 6.4 6.4 12.8 12.8 12.8zm-192 0h22.4c6.4 0 12.8-6.4 12.8-12.8V140.8c0-6.4-6.4-12.8-12.8-12.8h-22.4c-6.4 0-12.8 6.4-12.8 12.8v198.4c0 6.4 6.4 12.8 12.8 12.8zm96 0h22.4c6.4 0 12.8-6.4 12.8-12.8V204.8c0-6.4-6.4-12.8-12.8-12.8h-22.4c-6.4 0-12.8 6.4-12.8 12.8v134.4c0 6.4 6.4 12.8 12.8 12.8zM496 400H48V80c0-8.84-7.16-16-16-16H16C7.16 64 0 71.16 0 80v336c0 17.67 14.33 32 32 32h464c8.84 0 16-7.16 16-16v-16c0-8.84-7.16-16-16-16zm-387.2-48h22.4c6.4 0 12.8-6.4 12.8-12.8v-70.4c0-6.4-6.4-12.8-12.8-12.8h-22.4c-6.4 0-12.8 6.4-12.8 12.8v70.4c0 6.4 6.4 12.8 12.8 12.8z\" class=\"\"><\/path><\/svg><\/i> <img decoding=\"async\" width=\"16\" height=\"16\" alt=\"Loading\" data-src=\"https:\/\/www.centronocaminhodaluz.com.br\/wp-content\/plugins\/page-views-count\/ajax-loader-2x.gif\" border=0 src=\"data:image\/svg+xml;base64,PHN2ZyB3aWR0aD0iMSIgaGVpZ2h0PSIxIiB4bWxucz0iaHR0cDovL3d3dy53My5vcmcvMjAwMC9zdmciPjwvc3ZnPg==\" class=\"lazyload\" style=\"--smush-placeholder-width: 16px; --smush-placeholder-aspect-ratio: 16\/16;\" \/><\/p>\n<div class=\"pvc_clear\"><\/div>\n","protected":false},"author":1,"featured_media":0,"comment_status":"Closed","ping_status":"open","sticky":false,"template":"","format":"standard","meta":{"footnotes":""},"categories":[1,16],"tags":[],"class_list":["post-21443","post","type-post","status-publish","format-standard","hentry","category-novos-posts","category-mensagens-diversas"],"a3_pvc":{"activated":true,"total_views":2,"today_views":0},"_links":{"self":[{"href":"https:\/\/www.centronocaminhodaluz.com.br\/index.php\/wp-json\/wp\/v2\/posts\/21443","targetHints":{"allow":["GET"]}}],"collection":[{"href":"https:\/\/www.centronocaminhodaluz.com.br\/index.php\/wp-json\/wp\/v2\/posts"}],"about":[{"href":"https:\/\/www.centronocaminhodaluz.com.br\/index.php\/wp-json\/wp\/v2\/types\/post"}],"author":[{"embeddable":true,"href":"https:\/\/www.centronocaminhodaluz.com.br\/index.php\/wp-json\/wp\/v2\/users\/1"}],"replies":[{"embeddable":true,"href":"https:\/\/www.centronocaminhodaluz.com.br\/index.php\/wp-json\/wp\/v2\/comments?post=21443"}],"version-history":[{"count":0,"href":"https:\/\/www.centronocaminhodaluz.com.br\/index.php\/wp-json\/wp\/v2\/posts\/21443\/revisions"}],"wp:attachment":[{"href":"https:\/\/www.centronocaminhodaluz.com.br\/index.php\/wp-json\/wp\/v2\/media?parent=21443"}],"wp:term":[{"taxonomy":"category","embeddable":true,"href":"https:\/\/www.centronocaminhodaluz.com.br\/index.php\/wp-json\/wp\/v2\/categories?post=21443"},{"taxonomy":"post_tag","embeddable":true,"href":"https:\/\/www.centronocaminhodaluz.com.br\/index.php\/wp-json\/wp\/v2\/tags?post=21443"}],"curies":[{"name":"wp","href":"https:\/\/api.w.org\/{rel}","templated":true}]}}