{"id":272,"date":"2015-07-02T15:47:00","date_gmt":"2015-07-02T15:47:00","guid":{"rendered":"http:\/\/www.centronocaminhodaluz.com.br\/index.php\/2015\/07\/02\/oracao-a-sao-francisco-joanna-de-angelis\/"},"modified":"2015-07-02T15:47:00","modified_gmt":"2015-07-02T15:47:00","slug":"artigo272","status":"publish","type":"post","link":"https:\/\/www.centronocaminhodaluz.com.br\/index.php\/artigo272\/","title":{"rendered":"Ora\u00e7\u00e3o a S\u00e3o Francisco &#8211; Joanna de \u00c2ngelis"},"content":{"rendered":"<p><a name=more><\/a>&nbsp;&nbsp;&nbsp;&nbsp;&nbsp;<a href=http:\/\/cecal.centronocaminhodaluz.com.br\/bloguer\/pdf.asp?site=cecal&amp; target=_blank><img src=http:\/\/cecal.centronocaminhodaluz.com.br\/bloguer\/pdf_button.png \/><\/a>    <\/p>\n<p>Pai Francisco!  <\/p>\n<p>H\u00e1 muitos anos, poucos anos, naquele dia de outubro de 1226, qual falena de luz, abandonaste a lagarta inerte sobre o solo para voares na dire\u00e7\u00e3o ao zimb\u00f3rio infinito, aureloado de luz.  <\/p>\n<p>Havias pedido anteriormente que te despissem o corpo quando a Irm\u00e3 Morte se te acercasse e que te colocassem no p\u00f3 da Irm\u00e3 Terra, logo alando-te na dire\u00e7\u00e3o do Amado como um raio de luz que desapareceu no zimb\u00f3rio celeste.  <\/p>\n<p>Encerrava-se, naquele momento, o divino p\u00e9riplo da tua miss\u00e3o terrestre em corpo f\u00edsico.  <\/p>\n<p>Fazia pouco, tornaste o lobo de G\u00fabio um doce cordeiro.  <\/p>\n<p>Lograste silenciar a sinfonia dos p\u00e1ssaros para que n\u00e3o perturbasse   m o teu canto louvando o Senhor.  <\/p>\n<p>Colocaste mel nas colm\u00e9ias vazias pelo rigoroso ver\u00e3o para que as Irm\u00e3s Abelhas continuassem zumbindo, fabricando cera.  <\/p>\n<p>Lavaste a lepra em muitos corpos e experimentaste os estigmas em \u00eaxtase incompar\u00e1vel.  <\/p>\n<p>A cada sofrimento que te afligia, entoavas um hino de louvor e, a cada prova\u00e7\u00e3o experimentada, uma can\u00e7\u00e3o de reconhecimento a Deus.  <\/p>\n<p>A tua mensagem simples saiu de Assis para trazer de volta o amor e a humildade de Jesus.  <\/p>\n<p>No entanto, Pai Francisco, os teus legat\u00e1rios transformamos a tua mensagem em v\u00e3o poder, em ilus\u00e3o argent\u00e1ria e, embora a ternura com que a cantaste, repetimo-la entusiasmados, por\u00e9m, com o cora\u00e7\u00e3o em gelo, diferente do teu&#8230;.  <\/p>\n<p>Agora, tanto tempo, em pouco tempo depois da tua sinfonia, rogamos que voltes \u00e0 Terra para, novamente, balbuciar-nos a ora\u00e7\u00e3o simples aos ouvidos dos nossos cora\u00e7\u00f5es empedernidos e dos nossos fr\u00e1geis sentimentos, de modo a reconquistarmos as for\u00e7a   s para seguir-te a meiga voz e nos emocionarmos outra vez com o teu amor.  <\/p>\n<p>O mundo estertora, Pai Francisco!  <\/p>\n<p>N\u00e3o se trata mais de luta entre as cidades que se digladiam, como nos teus dias. \u00c9 o conflito entre os cora\u00e7\u00f5es gerando guerras de exterm\u00ednio generalizado.  <\/p>\n<p>Somente tu, Pai Francisco, podes, enternecendo-nos a ponto de darmo-nos as m\u00e3os, lobos e ovelhas que ainda somos, ao comando da tua voz bebermos juntos, no mesmo regato, por onde fluem as \u00e1guas da miseric\u00f3rdia e do amor inef\u00e1veis.  <\/p>\n<p>Volta, Pai Francisco, tem miseric\u00f3rdia de n\u00f3s, e conduze-nos \u00e0 pequenina Porci\u00fancula onde deixaste os teus despojos, naquele dia long\u00ednquo e pr\u00f3ximo, de outubro de 1226, pois que todos necessitamos de ti!  <\/p>\n<p>Joanna de \u00c2ngelis  <br \/>Mensagem recebida por Divaldo Franco na reuni\u00e3o medi\u00fanica do Centro Esp\u00edrita Caminho da Reden\u00e7\u00e3o, em Salvador, Bahia, no dia 4 de outubro de 2006.  <\/p>\n<p><\/p>\n<div class=\"pvc_clear\"><\/div>\n<p id=\"pvc_stats_272\" class=\"pvc_stats all  \" data-element-id=\"272\" style=\"\"><i class=\"pvc-stats-icon medium\" aria-hidden=\"true\"><svg aria-hidden=\"true\" focusable=\"false\" data-prefix=\"far\" data-icon=\"chart-bar\" role=\"img\" xmlns=\"http:\/\/www.w3.org\/2000\/svg\" viewBox=\"0 0 512 512\" class=\"svg-inline--fa fa-chart-bar fa-w-16 fa-2x\"><path fill=\"currentColor\" d=\"M396.8 352h22.4c6.4 0 12.8-6.4 12.8-12.8V108.8c0-6.4-6.4-12.8-12.8-12.8h-22.4c-6.4 0-12.8 6.4-12.8 12.8v230.4c0 6.4 6.4 12.8 12.8 12.8zm-192 0h22.4c6.4 0 12.8-6.4 12.8-12.8V140.8c0-6.4-6.4-12.8-12.8-12.8h-22.4c-6.4 0-12.8 6.4-12.8 12.8v198.4c0 6.4 6.4 12.8 12.8 12.8zm96 0h22.4c6.4 0 12.8-6.4 12.8-12.8V204.8c0-6.4-6.4-12.8-12.8-12.8h-22.4c-6.4 0-12.8 6.4-12.8 12.8v134.4c0 6.4 6.4 12.8 12.8 12.8zM496 400H48V80c0-8.84-7.16-16-16-16H16C7.16 64 0 71.16 0 80v336c0 17.67 14.33 32 32 32h464c8.84 0 16-7.16 16-16v-16c0-8.84-7.16-16-16-16zm-387.2-48h22.4c6.4 0 12.8-6.4 12.8-12.8v-70.4c0-6.4-6.4-12.8-12.8-12.8h-22.4c-6.4 0-12.8 6.4-12.8 12.8v70.4c0 6.4 6.4 12.8 12.8 12.8z\" class=\"\"><\/path><\/svg><\/i> <img decoding=\"async\" width=\"16\" height=\"16\" alt=\"Loading\" data-src=\"https:\/\/www.centronocaminhodaluz.com.br\/wp-content\/plugins\/page-views-count\/ajax-loader-2x.gif\" border=0 src=\"data:image\/svg+xml;base64,PHN2ZyB3aWR0aD0iMSIgaGVpZ2h0PSIxIiB4bWxucz0iaHR0cDovL3d3dy53My5vcmcvMjAwMC9zdmciPjwvc3ZnPg==\" class=\"lazyload\" style=\"--smush-placeholder-width: 16px; --smush-placeholder-aspect-ratio: 16\/16;\" \/><\/p>\n<div class=\"pvc_clear\"><\/div>\n","protected":false},"excerpt":{"rendered":"<p>&nbsp;&nbsp;&nbsp;&nbsp;&nbsp; Pai Francisco! H\u00e1 muitos anos, poucos anos, naquele dia de outubro de 1226, qual falena de luz, abandonaste a lagarta inerte sobre o solo para voares na dire\u00e7\u00e3o ao zimb\u00f3rio infinito, aureloado de luz. Havias pedido anteriormente que te despissem o corpo quando a Irm\u00e3 Morte se te acercasse e que te colocassem no&hellip; <br \/> <a class=\"read-more\" href=\"https:\/\/www.centronocaminhodaluz.com.br\/index.php\/artigo272\/\">Leia mais<\/a><\/p>\n<div class=\"pvc_clear\"><\/div>\n<p id=\"pvc_stats_272\" class=\"pvc_stats all  \" data-element-id=\"272\" style=\"\"><i class=\"pvc-stats-icon medium\" aria-hidden=\"true\"><svg aria-hidden=\"true\" focusable=\"false\" data-prefix=\"far\" data-icon=\"chart-bar\" role=\"img\" xmlns=\"http:\/\/www.w3.org\/2000\/svg\" viewBox=\"0 0 512 512\" class=\"svg-inline--fa fa-chart-bar fa-w-16 fa-2x\"><path fill=\"currentColor\" d=\"M396.8 352h22.4c6.4 0 12.8-6.4 12.8-12.8V108.8c0-6.4-6.4-12.8-12.8-12.8h-22.4c-6.4 0-12.8 6.4-12.8 12.8v230.4c0 6.4 6.4 12.8 12.8 12.8zm-192 0h22.4c6.4 0 12.8-6.4 12.8-12.8V140.8c0-6.4-6.4-12.8-12.8-12.8h-22.4c-6.4 0-12.8 6.4-12.8 12.8v198.4c0 6.4 6.4 12.8 12.8 12.8zm96 0h22.4c6.4 0 12.8-6.4 12.8-12.8V204.8c0-6.4-6.4-12.8-12.8-12.8h-22.4c-6.4 0-12.8 6.4-12.8 12.8v134.4c0 6.4 6.4 12.8 12.8 12.8zM496 400H48V80c0-8.84-7.16-16-16-16H16C7.16 64 0 71.16 0 80v336c0 17.67 14.33 32 32 32h464c8.84 0 16-7.16 16-16v-16c0-8.84-7.16-16-16-16zm-387.2-48h22.4c6.4 0 12.8-6.4 12.8-12.8v-70.4c0-6.4-6.4-12.8-12.8-12.8h-22.4c-6.4 0-12.8 6.4-12.8 12.8v70.4c0 6.4 6.4 12.8 12.8 12.8z\" class=\"\"><\/path><\/svg><\/i> <img decoding=\"async\" width=\"16\" height=\"16\" alt=\"Loading\" data-src=\"https:\/\/www.centronocaminhodaluz.com.br\/wp-content\/plugins\/page-views-count\/ajax-loader-2x.gif\" border=0 src=\"data:image\/svg+xml;base64,PHN2ZyB3aWR0aD0iMSIgaGVpZ2h0PSIxIiB4bWxucz0iaHR0cDovL3d3dy53My5vcmcvMjAwMC9zdmciPjwvc3ZnPg==\" class=\"lazyload\" style=\"--smush-placeholder-width: 16px; --smush-placeholder-aspect-ratio: 16\/16;\" \/><\/p>\n<div class=\"pvc_clear\"><\/div>\n","protected":false},"author":1,"featured_media":0,"comment_status":"Closed","ping_status":"open","sticky":false,"template":"","format":"standard","meta":{"footnotes":""},"categories":[6],"tags":[],"class_list":["post-272","post","type-post","status-publish","format-standard","hentry","category-joanna-de-angelis"],"a3_pvc":{"activated":true,"total_views":4724,"today_views":0},"_links":{"self":[{"href":"https:\/\/www.centronocaminhodaluz.com.br\/index.php\/wp-json\/wp\/v2\/posts\/272","targetHints":{"allow":["GET"]}}],"collection":[{"href":"https:\/\/www.centronocaminhodaluz.com.br\/index.php\/wp-json\/wp\/v2\/posts"}],"about":[{"href":"https:\/\/www.centronocaminhodaluz.com.br\/index.php\/wp-json\/wp\/v2\/types\/post"}],"author":[{"embeddable":true,"href":"https:\/\/www.centronocaminhodaluz.com.br\/index.php\/wp-json\/wp\/v2\/users\/1"}],"replies":[{"embeddable":true,"href":"https:\/\/www.centronocaminhodaluz.com.br\/index.php\/wp-json\/wp\/v2\/comments?post=272"}],"version-history":[{"count":0,"href":"https:\/\/www.centronocaminhodaluz.com.br\/index.php\/wp-json\/wp\/v2\/posts\/272\/revisions"}],"wp:attachment":[{"href":"https:\/\/www.centronocaminhodaluz.com.br\/index.php\/wp-json\/wp\/v2\/media?parent=272"}],"wp:term":[{"taxonomy":"category","embeddable":true,"href":"https:\/\/www.centronocaminhodaluz.com.br\/index.php\/wp-json\/wp\/v2\/categories?post=272"},{"taxonomy":"post_tag","embeddable":true,"href":"https:\/\/www.centronocaminhodaluz.com.br\/index.php\/wp-json\/wp\/v2\/tags?post=272"}],"curies":[{"name":"wp","href":"https:\/\/api.w.org\/{rel}","templated":true}]}}