{"id":290,"date":"2015-06-25T11:39:00","date_gmt":"2015-06-25T11:39:00","guid":{"rendered":"http:\/\/www.centronocaminhodaluz.com.br\/index.php\/2015\/06\/25\/o-iluminado-rabindranath-tagore\/"},"modified":"2015-06-25T11:39:00","modified_gmt":"2015-06-25T11:39:00","slug":"artigo290","status":"publish","type":"post","link":"https:\/\/www.centronocaminhodaluz.com.br\/index.php\/artigo290\/","title":{"rendered":"O Iluminado &#8211; Rabindranath Tagore"},"content":{"rendered":"<p><a name=more><\/a>&nbsp;&nbsp;&nbsp;&nbsp;&nbsp;<a href=http:\/\/cecal.centronocaminhodaluz.com.br\/bloguer\/pdf.asp?site=cecal&amp;id=4111 target=_blank><img src=http:\/\/cecal.centronocaminhodaluz.com.br\/bloguer\/pdf_button.png \/><\/a>    <\/p>\n<p>As sucessivas ondas de perfume carreadas pelos ventos suaves da primavera faziam parte do festival de alegria que dominava a Natureza.  <\/p>\n<p>As folhas de mangueiras enfeitavam as portas das casas da aldeia, significando fecundidade em abund\u00e2ncia, e o ashram se encontrava ornamentado de fest\u00f5es de flores de laranjeiras.  <\/p>\n<p>As pessoas transitavam felizes, ornadas de guirlandas coloridas, e as virgens descal\u00e7as exibiam os braceletes e guizos reluzentes, assim como as j\u00f3ias cintilantes que adornavam os s\u00e1ris leves, dourados uns, prateados outros.  <\/p>\n<p>Enfeitadas com esmero e pintadas, aguardavam o Iluminado que deveria chegar, quais noivas ansiosas pelas n\u00fapcias anunciada   s.  <\/p>\n<p>Crian\u00e7as g\u00e1rrulas, vestidas com cuidado, corriam de um para o outro lado, como abelhas operosas, embora n\u00e3o produzissem nada al\u00e9m da m\u00fasica estridente dos gritos e das risadas&#8230;  <\/p>\n<p>O Sol ameno beijava a terra verde exultante de vitalidade com car\u00edcia gentil.  <\/p>\n<p>De quando em quando, soavam os clarins anunciadores, informando a proximidade da comitiva que conduzia o Esperado.  <\/p>\n<p>O palanque no centro do ashram estava repleto com as autoridades e as personagens locais de maior destaque.  <\/p>\n<p>Todos O aguardavam com expectativa mal disfar\u00e7ada.  <\/p>\n<p>Esperava-se que Ele chegasse numa carruagem ajaezada de gemas preciosas e ornada de ouro, conduzida por corc\u00e9is brancos igualmente recobertos de tecidos caros&#8230;  <\/p>\n<p>&#8230;Ele, por\u00e9m, chegou caminhando, p\u00e9s descal\u00e7os, cabe\u00e7a erguida e corpo coberto somente pela t\u00fanica em tonalidade a\u00e7afr\u00e3o, que lhe descia at\u00e9 ao solo.  <\/p>\n<p>Nenhum adorno se destacava na indument\u00e1ria.  <\/p>\n<p>Os seus acompanha   ntes eram, tamb\u00e9m, destitu\u00eddos de luxo e de ostenta\u00e7\u00e3o.  <\/p>\n<p>A multid\u00e3o n\u00e3o p\u00f4de esconder o desencanto.  <\/p>\n<p>Aguardava-se um rei poderoso que representava Brahma na Terra, e o mensageiro parecia t\u00e3o pobre e sem valor!  <\/p>\n<p>Ele dirigiu-se ao estrado, subiu, calmamente, os degraus, saudou as personalidades com humildade, em melodiosas express\u00f5es Namast\u00ea!1  <\/p>\n<p>As pessoas acercaram-se mais e um sil\u00eancio c\u00f3smico facultou a oportunidade para Ele falar&#8230;  <\/p>\n<p>&#8230;Eu venho em nome da Luz Inapag\u00e1vel, que antecedeu ao tempo e ao espa\u00e7o.  <\/p>\n<p>Eu sou o portador da Sua claridade, a fim de que toda a sombra se dilua nas mentes e nos cora\u00e7\u00f5es humanos.  <\/p>\n<p>Eu sou a luminosa verdade que desalgema o Esp\u00edrito da dominadora sombra da ignor\u00e2ncia.  <\/p>\n<p>Eu sou o archote da esperan\u00e7a para quem busca, sou o socorro para quem o necessita.  <\/p>\n<p>N\u00e3o tenho nada, al\u00e9m disso, nem me interessa possuir outras coisas&#8230;  <\/p>\n<p>Eu sou!&#8230;  <\/p>\n<p>Ante a expecta\u00e7\u00e3o e a    onda de ternura que invadiu as pessoas, um apelo maternal rompeu a pausa que Ele fez, rogando:  <\/p>\n<p>&#8211; Minha filha \u00e9 cega! &#8211; e ergueu-a nos bra\u00e7os.  <\/p>\n<p>Ele sorriu, misericordioso, e, dos Seus olhos sa\u00edram raios brilhantes, atingindo a crian\u00e7a invidente, que gritou: &#8211; Vejo! &#8211; e prorrompeu em pranto&#8230;  <\/p>\n<p>Outrem suplicou:  <\/p>\n<p>&#8211; Cura as minhas feridas!  <\/p>\n<p>Ele estendeu as m\u00e3os que espraiaram radiante luz, que logo cicatrizou as \u00falceras&#8230;  <\/p>\n<p>&#8230;E todos que se encontravam nas trevas das afli\u00e7\u00f5es suplicaram remendos para os seus corpos corrompidos, enquanto Ele, curando-os, iluminou-lhes as almas equivocadas.  <\/p>\n<p>Quando a noite chegou estrelada, e Ele partiu, uma estrada esplendendo em luz fe\u00e9rica se estendeu da aldeia humilde, perdendo-se na dire\u00e7\u00e3o do infinito.  <\/p>\n<p>O Iluminado compadecido, que nada possu\u00eda, era o amor que tudo pode e que se d\u00e1, deixando perene claridade naqueles que deambulam na escurid\u00e3o da inferioridade.  <\/p>\n<p>Rabind   ranath Tagore  <\/p>\n<p>P\u00e1gina psicografada pelo m\u00e9dium Divaldo Pereira Franco, na sess\u00e3o medi\u00fanica da noite de 7 de julho de 2008, no Centro Esp\u00edrita Caminho da Reden\u00e7\u00e3o, em Salvador, Bahia.   <br \/>Em 23.03.2009.  <\/p>\n<p>1O deus que est\u00e1 em mim sa\u00fada o deus que est\u00e1 em voc\u00ea.<\/p>\n<div class=\"pvc_clear\"><\/div>\n<p id=\"pvc_stats_290\" class=\"pvc_stats all  \" data-element-id=\"290\" style=\"\"><i class=\"pvc-stats-icon medium\" aria-hidden=\"true\"><svg aria-hidden=\"true\" focusable=\"false\" data-prefix=\"far\" data-icon=\"chart-bar\" role=\"img\" xmlns=\"http:\/\/www.w3.org\/2000\/svg\" viewBox=\"0 0 512 512\" class=\"svg-inline--fa fa-chart-bar fa-w-16 fa-2x\"><path fill=\"currentColor\" d=\"M396.8 352h22.4c6.4 0 12.8-6.4 12.8-12.8V108.8c0-6.4-6.4-12.8-12.8-12.8h-22.4c-6.4 0-12.8 6.4-12.8 12.8v230.4c0 6.4 6.4 12.8 12.8 12.8zm-192 0h22.4c6.4 0 12.8-6.4 12.8-12.8V140.8c0-6.4-6.4-12.8-12.8-12.8h-22.4c-6.4 0-12.8 6.4-12.8 12.8v198.4c0 6.4 6.4 12.8 12.8 12.8zm96 0h22.4c6.4 0 12.8-6.4 12.8-12.8V204.8c0-6.4-6.4-12.8-12.8-12.8h-22.4c-6.4 0-12.8 6.4-12.8 12.8v134.4c0 6.4 6.4 12.8 12.8 12.8zM496 400H48V80c0-8.84-7.16-16-16-16H16C7.16 64 0 71.16 0 80v336c0 17.67 14.33 32 32 32h464c8.84 0 16-7.16 16-16v-16c0-8.84-7.16-16-16-16zm-387.2-48h22.4c6.4 0 12.8-6.4 12.8-12.8v-70.4c0-6.4-6.4-12.8-12.8-12.8h-22.4c-6.4 0-12.8 6.4-12.8 12.8v70.4c0 6.4 6.4 12.8 12.8 12.8z\" class=\"\"><\/path><\/svg><\/i> <img decoding=\"async\" width=\"16\" height=\"16\" alt=\"Loading\" data-src=\"https:\/\/www.centronocaminhodaluz.com.br\/wp-content\/plugins\/page-views-count\/ajax-loader-2x.gif\" border=0 src=\"data:image\/svg+xml;base64,PHN2ZyB3aWR0aD0iMSIgaGVpZ2h0PSIxIiB4bWxucz0iaHR0cDovL3d3dy53My5vcmcvMjAwMC9zdmciPjwvc3ZnPg==\" class=\"lazyload\" style=\"--smush-placeholder-width: 16px; --smush-placeholder-aspect-ratio: 16\/16;\" \/><\/p>\n<div class=\"pvc_clear\"><\/div>\n","protected":false},"excerpt":{"rendered":"<p>&nbsp;&nbsp;&nbsp;&nbsp;&nbsp; As sucessivas ondas de perfume carreadas pelos ventos suaves da primavera faziam parte do festival de alegria que dominava a Natureza. As folhas de mangueiras enfeitavam as portas das casas da aldeia, significando fecundidade em abund\u00e2ncia, e o ashram se encontrava ornamentado de fest\u00f5es de flores de laranjeiras. As pessoas transitavam felizes, ornadas de&hellip; <br \/> <a class=\"read-more\" href=\"https:\/\/www.centronocaminhodaluz.com.br\/index.php\/artigo290\/\">Leia mais<\/a><\/p>\n<div class=\"pvc_clear\"><\/div>\n<p id=\"pvc_stats_290\" class=\"pvc_stats all  \" data-element-id=\"290\" style=\"\"><i class=\"pvc-stats-icon medium\" aria-hidden=\"true\"><svg aria-hidden=\"true\" focusable=\"false\" data-prefix=\"far\" data-icon=\"chart-bar\" role=\"img\" xmlns=\"http:\/\/www.w3.org\/2000\/svg\" viewBox=\"0 0 512 512\" class=\"svg-inline--fa fa-chart-bar fa-w-16 fa-2x\"><path fill=\"currentColor\" d=\"M396.8 352h22.4c6.4 0 12.8-6.4 12.8-12.8V108.8c0-6.4-6.4-12.8-12.8-12.8h-22.4c-6.4 0-12.8 6.4-12.8 12.8v230.4c0 6.4 6.4 12.8 12.8 12.8zm-192 0h22.4c6.4 0 12.8-6.4 12.8-12.8V140.8c0-6.4-6.4-12.8-12.8-12.8h-22.4c-6.4 0-12.8 6.4-12.8 12.8v198.4c0 6.4 6.4 12.8 12.8 12.8zm96 0h22.4c6.4 0 12.8-6.4 12.8-12.8V204.8c0-6.4-6.4-12.8-12.8-12.8h-22.4c-6.4 0-12.8 6.4-12.8 12.8v134.4c0 6.4 6.4 12.8 12.8 12.8zM496 400H48V80c0-8.84-7.16-16-16-16H16C7.16 64 0 71.16 0 80v336c0 17.67 14.33 32 32 32h464c8.84 0 16-7.16 16-16v-16c0-8.84-7.16-16-16-16zm-387.2-48h22.4c6.4 0 12.8-6.4 12.8-12.8v-70.4c0-6.4-6.4-12.8-12.8-12.8h-22.4c-6.4 0-12.8 6.4-12.8 12.8v70.4c0 6.4 6.4 12.8 12.8 12.8z\" class=\"\"><\/path><\/svg><\/i> <img decoding=\"async\" width=\"16\" height=\"16\" alt=\"Loading\" data-src=\"https:\/\/www.centronocaminhodaluz.com.br\/wp-content\/plugins\/page-views-count\/ajax-loader-2x.gif\" border=0 src=\"data:image\/svg+xml;base64,PHN2ZyB3aWR0aD0iMSIgaGVpZ2h0PSIxIiB4bWxucz0iaHR0cDovL3d3dy53My5vcmcvMjAwMC9zdmciPjwvc3ZnPg==\" class=\"lazyload\" style=\"--smush-placeholder-width: 16px; --smush-placeholder-aspect-ratio: 16\/16;\" \/><\/p>\n<div class=\"pvc_clear\"><\/div>\n","protected":false},"author":1,"featured_media":0,"comment_status":"Closed","ping_status":"open","sticky":false,"template":"","format":"standard","meta":{"footnotes":""},"categories":[16],"tags":[],"class_list":["post-290","post","type-post","status-publish","format-standard","hentry","category-mensagens-diversas"],"a3_pvc":{"activated":true,"total_views":3350,"today_views":0},"_links":{"self":[{"href":"https:\/\/www.centronocaminhodaluz.com.br\/index.php\/wp-json\/wp\/v2\/posts\/290","targetHints":{"allow":["GET"]}}],"collection":[{"href":"https:\/\/www.centronocaminhodaluz.com.br\/index.php\/wp-json\/wp\/v2\/posts"}],"about":[{"href":"https:\/\/www.centronocaminhodaluz.com.br\/index.php\/wp-json\/wp\/v2\/types\/post"}],"author":[{"embeddable":true,"href":"https:\/\/www.centronocaminhodaluz.com.br\/index.php\/wp-json\/wp\/v2\/users\/1"}],"replies":[{"embeddable":true,"href":"https:\/\/www.centronocaminhodaluz.com.br\/index.php\/wp-json\/wp\/v2\/comments?post=290"}],"version-history":[{"count":0,"href":"https:\/\/www.centronocaminhodaluz.com.br\/index.php\/wp-json\/wp\/v2\/posts\/290\/revisions"}],"wp:attachment":[{"href":"https:\/\/www.centronocaminhodaluz.com.br\/index.php\/wp-json\/wp\/v2\/media?parent=290"}],"wp:term":[{"taxonomy":"category","embeddable":true,"href":"https:\/\/www.centronocaminhodaluz.com.br\/index.php\/wp-json\/wp\/v2\/categories?post=290"},{"taxonomy":"post_tag","embeddable":true,"href":"https:\/\/www.centronocaminhodaluz.com.br\/index.php\/wp-json\/wp\/v2\/tags?post=290"}],"curies":[{"name":"wp","href":"https:\/\/api.w.org\/{rel}","templated":true}]}}