{"id":318,"date":"2015-06-05T11:30:00","date_gmt":"2015-06-05T11:30:00","guid":{"rendered":"http:\/\/www.centronocaminhodaluz.com.br\/index.php\/2015\/06\/05\/deflagrada-a-grande-transicao-espirito-samuel\/"},"modified":"2016-02-10T10:58:41","modified_gmt":"2016-02-10T12:58:41","slug":"artigo318","status":"publish","type":"post","link":"https:\/\/www.centronocaminhodaluz.com.br\/index.php\/artigo318\/","title":{"rendered":"Deflagrada a grande transi\u00e7\u00e3o &#8211; esp\u00edrito Samuel"},"content":{"rendered":"<p><a name=more><\/a>&nbsp;&nbsp;&nbsp;&nbsp;&nbsp;<a href=http:\/\/cecal.centronocaminhodaluz.com.br\/bloguer\/pdf.asp?site=cecal&amp; target=_blank><img src=http:\/\/cecal.centronocaminhodaluz.com.br\/bloguer\/pdf_button.png \/><\/a>  Pedro Fagundes Azevedo, orientador da sess\u00e3o medi\u00fanica na Legi\u00e3o Esp\u00edrita de Porto Alegre Contribui\u00e7\u00e3o de Pedro<\/p>\n<p>(Psicografia recebida na noite de 19\/05\/2015, assinada pelo esp\u00edrito Samuel, por interm\u00e9dio do m\u00e9dium Alberto Sampaio).  <\/p>\n<p>Materializam-se, j\u00e1, algumas etapas da grande transi\u00e7\u00e3o.  <\/p>\n<p>O mundo sacode ante as tempestades severas e a acomoda\u00e7\u00e3o das placas tect\u00f4nicas que sustentam as estruturas conhecidas.  <\/p>\n<p>Manifestam-se religi\u00f5es doentes, vingativas, em pleno desprezo pela vida.  <\/p>\n<p>Obras de arte multimilenares s\u00e3o destru\u00eddas, em afronta \u00e0 coletividade, em express\u00f5es de selvageria.  <\/p>\n<p>Estas manifesta\u00e7\u00f5es humanas deplor\u00e1veis prov\u00eam de esp\u00edritos b\u00e1rbaros, renascidos para experimentarem a \u00faltima oportunidade de reajuste, mas que cedem a intempestividade e a loucura.  <\/p>\n<p>No contraponto, por\u00e9m, fortalecem-se servi\u00e7os de fraternidade. M\u00e9dicos sem fronteiras, caridade sem fronteiras, amor sem fronteiras, que falam que o mundo anseia pela paz e pela vida.  <\/p>\n<p>As na\u00e7\u00f5es se unem, em solidariedade, ante os desastres s\u00edsmicos, apesar das diferen\u00e7as ideol\u00f3gicas, e mesmo elas, as ideologias diversas, cedem, embora ainda timidamente, prenunciando nova era de desenvolvimento.  <\/p>\n<p>Ante a grande transi\u00e7\u00e3o, sejamos algu\u00e9m que fa\u00e7a a diferen\u00e7a.  <\/p>\n<p>Que possamos ter gestos pouco usuais de amizade, carinho e compreens\u00e3o;  <\/p>\n<p>Exercitemos o perd\u00e3o;  <\/p>\n<p>N\u00e3o nos deixemos dominar pela ira e pela indiferen\u00e7a;  <\/p>\n<p>Sejamos religiosos por fora e por dentro;  <\/p>\n<p>Compartilhemos da tecnologia, mas n\u00e3o vivamos virtualmente.  <\/p>\n<p>Para que a Terra mude, o homem precisa mudar, o que nos transforma em correspons\u00e1veis pelo \u00eaxito ou o fracasso do processo.  <\/p>\n<p>Fa\u00e7amos nossa parte, da melhor forma poss\u00edvel, e guardemos indiferen\u00e7a daqueles que nos criticam a postura por considerar-nos fracos.  <\/p>\n<p>Do alto, Jesus, o Supremo Governador, espera nossa ades\u00e3o ao grande plano restaurativo do bem, enviando-nos as for\u00e7as necess\u00e1rias para o movimento interior.  <\/p>\n<p>Samuel.<\/p>\n<div class=\"pvc_clear\"><\/div>\n<p id=\"pvc_stats_318\" class=\"pvc_stats all  \" data-element-id=\"318\" style=\"\"><i class=\"pvc-stats-icon medium\" aria-hidden=\"true\"><svg aria-hidden=\"true\" focusable=\"false\" data-prefix=\"far\" data-icon=\"chart-bar\" role=\"img\" xmlns=\"http:\/\/www.w3.org\/2000\/svg\" viewBox=\"0 0 512 512\" class=\"svg-inline--fa fa-chart-bar fa-w-16 fa-2x\"><path fill=\"currentColor\" d=\"M396.8 352h22.4c6.4 0 12.8-6.4 12.8-12.8V108.8c0-6.4-6.4-12.8-12.8-12.8h-22.4c-6.4 0-12.8 6.4-12.8 12.8v230.4c0 6.4 6.4 12.8 12.8 12.8zm-192 0h22.4c6.4 0 12.8-6.4 12.8-12.8V140.8c0-6.4-6.4-12.8-12.8-12.8h-22.4c-6.4 0-12.8 6.4-12.8 12.8v198.4c0 6.4 6.4 12.8 12.8 12.8zm96 0h22.4c6.4 0 12.8-6.4 12.8-12.8V204.8c0-6.4-6.4-12.8-12.8-12.8h-22.4c-6.4 0-12.8 6.4-12.8 12.8v134.4c0 6.4 6.4 12.8 12.8 12.8zM496 400H48V80c0-8.84-7.16-16-16-16H16C7.16 64 0 71.16 0 80v336c0 17.67 14.33 32 32 32h464c8.84 0 16-7.16 16-16v-16c0-8.84-7.16-16-16-16zm-387.2-48h22.4c6.4 0 12.8-6.4 12.8-12.8v-70.4c0-6.4-6.4-12.8-12.8-12.8h-22.4c-6.4 0-12.8 6.4-12.8 12.8v70.4c0 6.4 6.4 12.8 12.8 12.8z\" class=\"\"><\/path><\/svg><\/i> <img decoding=\"async\" width=\"16\" height=\"16\" alt=\"Loading\" data-src=\"https:\/\/www.centronocaminhodaluz.com.br\/wp-content\/plugins\/page-views-count\/ajax-loader-2x.gif\" border=0 src=\"data:image\/svg+xml;base64,PHN2ZyB3aWR0aD0iMSIgaGVpZ2h0PSIxIiB4bWxucz0iaHR0cDovL3d3dy53My5vcmcvMjAwMC9zdmciPjwvc3ZnPg==\" class=\"lazyload\" style=\"--smush-placeholder-width: 16px; --smush-placeholder-aspect-ratio: 16\/16;\" \/><\/p>\n<div class=\"pvc_clear\"><\/div>\n","protected":false},"excerpt":{"rendered":"<p>&nbsp;&nbsp;&nbsp;&nbsp;&nbsp; Pedro Fagundes Azevedo, orientador da sess\u00e3o medi\u00fanica na Legi\u00e3o Esp\u00edrita de Porto Alegre Contribui\u00e7\u00e3o de Pedro (Psicografia recebida na noite de 19\/05\/2015, assinada pelo esp\u00edrito Samuel, por interm\u00e9dio do m\u00e9dium Alberto Sampaio). Materializam-se, j\u00e1, algumas etapas da grande transi\u00e7\u00e3o. O mundo sacode ante as tempestades severas e a acomoda\u00e7\u00e3o das placas tect\u00f4nicas que sustentam&hellip; <br \/> <a class=\"read-more\" href=\"https:\/\/www.centronocaminhodaluz.com.br\/index.php\/artigo318\/\">Leia mais<\/a><\/p>\n<div class=\"pvc_clear\"><\/div>\n<p id=\"pvc_stats_318\" class=\"pvc_stats all  \" data-element-id=\"318\" style=\"\"><i class=\"pvc-stats-icon medium\" aria-hidden=\"true\"><svg aria-hidden=\"true\" focusable=\"false\" data-prefix=\"far\" data-icon=\"chart-bar\" role=\"img\" xmlns=\"http:\/\/www.w3.org\/2000\/svg\" viewBox=\"0 0 512 512\" class=\"svg-inline--fa fa-chart-bar fa-w-16 fa-2x\"><path fill=\"currentColor\" d=\"M396.8 352h22.4c6.4 0 12.8-6.4 12.8-12.8V108.8c0-6.4-6.4-12.8-12.8-12.8h-22.4c-6.4 0-12.8 6.4-12.8 12.8v230.4c0 6.4 6.4 12.8 12.8 12.8zm-192 0h22.4c6.4 0 12.8-6.4 12.8-12.8V140.8c0-6.4-6.4-12.8-12.8-12.8h-22.4c-6.4 0-12.8 6.4-12.8 12.8v198.4c0 6.4 6.4 12.8 12.8 12.8zm96 0h22.4c6.4 0 12.8-6.4 12.8-12.8V204.8c0-6.4-6.4-12.8-12.8-12.8h-22.4c-6.4 0-12.8 6.4-12.8 12.8v134.4c0 6.4 6.4 12.8 12.8 12.8zM496 400H48V80c0-8.84-7.16-16-16-16H16C7.16 64 0 71.16 0 80v336c0 17.67 14.33 32 32 32h464c8.84 0 16-7.16 16-16v-16c0-8.84-7.16-16-16-16zm-387.2-48h22.4c6.4 0 12.8-6.4 12.8-12.8v-70.4c0-6.4-6.4-12.8-12.8-12.8h-22.4c-6.4 0-12.8 6.4-12.8 12.8v70.4c0 6.4 6.4 12.8 12.8 12.8z\" class=\"\"><\/path><\/svg><\/i> <img decoding=\"async\" width=\"16\" height=\"16\" alt=\"Loading\" data-src=\"https:\/\/www.centronocaminhodaluz.com.br\/wp-content\/plugins\/page-views-count\/ajax-loader-2x.gif\" border=0 src=\"data:image\/svg+xml;base64,PHN2ZyB3aWR0aD0iMSIgaGVpZ2h0PSIxIiB4bWxucz0iaHR0cDovL3d3dy53My5vcmcvMjAwMC9zdmciPjwvc3ZnPg==\" class=\"lazyload\" style=\"--smush-placeholder-width: 16px; --smush-placeholder-aspect-ratio: 16\/16;\" \/><\/p>\n<div class=\"pvc_clear\"><\/div>\n","protected":false},"author":1,"featured_media":0,"comment_status":"closed","ping_status":"open","sticky":false,"template":"","format":"standard","meta":{"footnotes":""},"categories":[9,16],"tags":[],"class_list":["post-318","post","type-post","status-publish","format-standard","hentry","category-pedro-fagundes-azevedo","category-mensagens-diversas"],"a3_pvc":{"activated":true,"total_views":3439,"today_views":0},"_links":{"self":[{"href":"https:\/\/www.centronocaminhodaluz.com.br\/index.php\/wp-json\/wp\/v2\/posts\/318","targetHints":{"allow":["GET"]}}],"collection":[{"href":"https:\/\/www.centronocaminhodaluz.com.br\/index.php\/wp-json\/wp\/v2\/posts"}],"about":[{"href":"https:\/\/www.centronocaminhodaluz.com.br\/index.php\/wp-json\/wp\/v2\/types\/post"}],"author":[{"embeddable":true,"href":"https:\/\/www.centronocaminhodaluz.com.br\/index.php\/wp-json\/wp\/v2\/users\/1"}],"replies":[{"embeddable":true,"href":"https:\/\/www.centronocaminhodaluz.com.br\/index.php\/wp-json\/wp\/v2\/comments?post=318"}],"version-history":[{"count":0,"href":"https:\/\/www.centronocaminhodaluz.com.br\/index.php\/wp-json\/wp\/v2\/posts\/318\/revisions"}],"wp:attachment":[{"href":"https:\/\/www.centronocaminhodaluz.com.br\/index.php\/wp-json\/wp\/v2\/media?parent=318"}],"wp:term":[{"taxonomy":"category","embeddable":true,"href":"https:\/\/www.centronocaminhodaluz.com.br\/index.php\/wp-json\/wp\/v2\/categories?post=318"},{"taxonomy":"post_tag","embeddable":true,"href":"https:\/\/www.centronocaminhodaluz.com.br\/index.php\/wp-json\/wp\/v2\/tags?post=318"}],"curies":[{"name":"wp","href":"https:\/\/api.w.org\/{rel}","templated":true}]}}