{"id":35,"date":"2015-11-26T12:04:00","date_gmt":"2015-11-26T12:04:00","guid":{"rendered":"http:\/\/www.centronocaminhodaluz.com.br\/index.php\/2015\/11\/26\/na-hora-da-aflicao-roberto-luiz-c-b-c-dos-santos-2\/"},"modified":"2015-11-26T12:04:00","modified_gmt":"2015-11-26T12:04:00","slug":"artigo35","status":"publish","type":"post","link":"https:\/\/www.centronocaminhodaluz.com.br\/index.php\/artigo35\/","title":{"rendered":"NA HORA DA AFLI\u00c7\u00c3O &#8211; ROBERTO LUIZ C B C DOS SANTOS"},"content":{"rendered":"<p><a name=more><\/a>&nbsp;&nbsp;&nbsp;&nbsp;&nbsp;<a href=http:\/\/wwww.centronocaminhodaluz.com.br\/ target=_blank><img src=http:\/\/cecal.centronocaminhodaluz.com.br\/templates\/business-portal\/images\/logo.gif \/><\/a>  &nbsp;&nbsp;&nbsp;&nbsp;&nbsp;<a href=http:\/\/cecal.centronocaminhodaluz.com.br\/bloguer\/pdf.asp?site=cecal&amp; target=_blank><img src=http:\/\/cecal.centronocaminhodaluz.com.br\/bloguer\/pdf_button.png \/><\/a>  Contribui\u00e7\u00e3o de ROBERTO LUIZ C B C DOS SANTOS<\/p>\n<p>NA HORA DA AFLI\u00c7\u00c3O  <br \/>Na hora da afli\u00e7\u00e3o  <br \/>Tenha em mente a condi\u00e7\u00e3o  <br \/>De que aqui \u00e9 uma escola  <br \/>Desprovida de ilus\u00e3o  <br \/>Tens buscado  <br \/>Neste mundo que ora vive  <br \/>O sentimento do ter  <br \/>Esquecendo-te de ser  <br \/>A ess\u00eancia de tua alma  <br \/>Que agora requer a calma  <br \/>Para que te sintas neste viver  <br \/>Sem padecer  <br \/>\u00c9 este o motivo da depress\u00e3o  <br \/>Aben\u00e7oada  <br \/>Que ainda n\u00e3o consegues ver  <br \/>T\u00e3o pouco sentir  <br \/>Por estar em recupera\u00e7\u00e3o  <br \/>N\u00e3o te lastimes da dor  <br \/>Que Jesus te contempla com amor  <br \/>Espere em paz  <br \/>A evolu\u00e7\u00e3o deste acontecer  <br \/>Confiante no breve alvorecer  <br \/>Sem pensar neste desistir da vida  <br \/>Que ora e vez  <br \/>Perturba-te a mente  <br \/>Desconfiada e intrigada  <br \/>Nas diversas indaga\u00e7\u00f5es  <br \/>E tantos porqu\u00eas  <br \/>Que n\u00e3o procedem  <br \/>Na ilus\u00e3o de que tudo acabou  <br \/>Acredite irm\u00e3o no Criador  <br \/>Que jamais o abandonar\u00e1  <br \/>Nesta dor aben\u00e7oada  <br \/>Que deves aceitar com humildade  <br \/>E resigna\u00e7\u00e3o com amor de um filho  <br \/>Obediente ao pai Divino  <br \/>Sem nada temer  <br \/>Nesta hora apenas deixe fluir  <br \/>Esta oportunidade   <br \/>Para desacelerar a mente e refluir  <br \/>Da vida envolvida  <br \/>No c\u00e9lere e compulsivo viver  <br \/>Sem nada aprender  <br \/>E conhecer tua alma imortal  <br \/>Excluindo-te do mundo espiritual  <br \/>Em que deverias perceber  <br \/>Nas sutilezas de Ser  <br \/>Com gratid\u00e3o a vida  <br \/>Que te acolhe  <br \/>Sem nada querer receber  <br \/>A n\u00e3o ser simplesmente teu amor  <br \/>E reconhecimento  <br \/>De que todos s\u00e3o irm\u00e3os alunos  <br \/>Nesta escola evolutiva  <br \/>Sem estigmas de piores e melhores  <br \/>Em que permeia este aprendizado  <br \/>O maior legado de Deus  <br \/>Que \u00e9 a vida em comunh\u00e3o  <br \/>Neste universo e ch\u00e3o  <br \/>Que \u00e1s vezes o v\u00ea perverso  <br \/>Nesta incompreens\u00e3o da dor  <br \/>Que tamb\u00e9m \u00e9 amor  <br \/>Na dor que ora sentes  <br \/>Como depressivo  <br \/>Sem imaginar o que ser\u00e1  <br \/>No amanh\u00e3 que te espera e vir\u00e1  <br \/>Neste lapidar da tua alma  <br \/>Para que flores\u00e7a deste adormecer  <br \/>Necess\u00e1rio para se recompor  <br \/>Em que sorrir\u00e1 no enternecer  <br \/>Reconhecendo tua ess\u00eancia bela  <br \/>Que ainda precisa viver.  <br \/>Viva sem medo e aceite o que tiver que ser  <br \/>Sabedoria de viver e luz  <br \/>Roberto Luiz Santos 28-08-2015<\/p>\n<div class=\"pvc_clear\"><\/div>\n<p id=\"pvc_stats_35\" class=\"pvc_stats all  \" data-element-id=\"35\" style=\"\"><i class=\"pvc-stats-icon medium\" aria-hidden=\"true\"><svg aria-hidden=\"true\" focusable=\"false\" data-prefix=\"far\" data-icon=\"chart-bar\" role=\"img\" xmlns=\"http:\/\/www.w3.org\/2000\/svg\" viewBox=\"0 0 512 512\" class=\"svg-inline--fa fa-chart-bar fa-w-16 fa-2x\"><path fill=\"currentColor\" d=\"M396.8 352h22.4c6.4 0 12.8-6.4 12.8-12.8V108.8c0-6.4-6.4-12.8-12.8-12.8h-22.4c-6.4 0-12.8 6.4-12.8 12.8v230.4c0 6.4 6.4 12.8 12.8 12.8zm-192 0h22.4c6.4 0 12.8-6.4 12.8-12.8V140.8c0-6.4-6.4-12.8-12.8-12.8h-22.4c-6.4 0-12.8 6.4-12.8 12.8v198.4c0 6.4 6.4 12.8 12.8 12.8zm96 0h22.4c6.4 0 12.8-6.4 12.8-12.8V204.8c0-6.4-6.4-12.8-12.8-12.8h-22.4c-6.4 0-12.8 6.4-12.8 12.8v134.4c0 6.4 6.4 12.8 12.8 12.8zM496 400H48V80c0-8.84-7.16-16-16-16H16C7.16 64 0 71.16 0 80v336c0 17.67 14.33 32 32 32h464c8.84 0 16-7.16 16-16v-16c0-8.84-7.16-16-16-16zm-387.2-48h22.4c6.4 0 12.8-6.4 12.8-12.8v-70.4c0-6.4-6.4-12.8-12.8-12.8h-22.4c-6.4 0-12.8 6.4-12.8 12.8v70.4c0 6.4 6.4 12.8 12.8 12.8z\" class=\"\"><\/path><\/svg><\/i> <img decoding=\"async\" width=\"16\" height=\"16\" alt=\"Loading\" data-src=\"https:\/\/www.centronocaminhodaluz.com.br\/wp-content\/plugins\/page-views-count\/ajax-loader-2x.gif\" border=0 src=\"data:image\/svg+xml;base64,PHN2ZyB3aWR0aD0iMSIgaGVpZ2h0PSIxIiB4bWxucz0iaHR0cDovL3d3dy53My5vcmcvMjAwMC9zdmciPjwvc3ZnPg==\" class=\"lazyload\" style=\"--smush-placeholder-width: 16px; --smush-placeholder-aspect-ratio: 16\/16;\" \/><\/p>\n<div class=\"pvc_clear\"><\/div>\n","protected":false},"excerpt":{"rendered":"<p>&nbsp;&nbsp;&nbsp;&nbsp;&nbsp; &nbsp;&nbsp;&nbsp;&nbsp;&nbsp; Contribui\u00e7\u00e3o de ROBERTO LUIZ C B C DOS SANTOS NA HORA DA AFLI\u00c7\u00c3O Na hora da afli\u00e7\u00e3o Tenha em mente a condi\u00e7\u00e3o De que aqui \u00e9 uma escola Desprovida de ilus\u00e3o Tens buscado Neste mundo que ora vive O sentimento do ter Esquecendo-te de ser A ess\u00eancia de tua alma Que agora requer&hellip; <br \/> <a class=\"read-more\" href=\"https:\/\/www.centronocaminhodaluz.com.br\/index.php\/artigo35\/\">Leia mais<\/a><\/p>\n<div class=\"pvc_clear\"><\/div>\n<p id=\"pvc_stats_35\" class=\"pvc_stats all  \" data-element-id=\"35\" style=\"\"><i class=\"pvc-stats-icon medium\" aria-hidden=\"true\"><svg aria-hidden=\"true\" focusable=\"false\" data-prefix=\"far\" data-icon=\"chart-bar\" role=\"img\" xmlns=\"http:\/\/www.w3.org\/2000\/svg\" viewBox=\"0 0 512 512\" class=\"svg-inline--fa fa-chart-bar fa-w-16 fa-2x\"><path fill=\"currentColor\" d=\"M396.8 352h22.4c6.4 0 12.8-6.4 12.8-12.8V108.8c0-6.4-6.4-12.8-12.8-12.8h-22.4c-6.4 0-12.8 6.4-12.8 12.8v230.4c0 6.4 6.4 12.8 12.8 12.8zm-192 0h22.4c6.4 0 12.8-6.4 12.8-12.8V140.8c0-6.4-6.4-12.8-12.8-12.8h-22.4c-6.4 0-12.8 6.4-12.8 12.8v198.4c0 6.4 6.4 12.8 12.8 12.8zm96 0h22.4c6.4 0 12.8-6.4 12.8-12.8V204.8c0-6.4-6.4-12.8-12.8-12.8h-22.4c-6.4 0-12.8 6.4-12.8 12.8v134.4c0 6.4 6.4 12.8 12.8 12.8zM496 400H48V80c0-8.84-7.16-16-16-16H16C7.16 64 0 71.16 0 80v336c0 17.67 14.33 32 32 32h464c8.84 0 16-7.16 16-16v-16c0-8.84-7.16-16-16-16zm-387.2-48h22.4c6.4 0 12.8-6.4 12.8-12.8v-70.4c0-6.4-6.4-12.8-12.8-12.8h-22.4c-6.4 0-12.8 6.4-12.8 12.8v70.4c0 6.4 6.4 12.8 12.8 12.8z\" class=\"\"><\/path><\/svg><\/i> <img decoding=\"async\" width=\"16\" height=\"16\" alt=\"Loading\" data-src=\"https:\/\/www.centronocaminhodaluz.com.br\/wp-content\/plugins\/page-views-count\/ajax-loader-2x.gif\" border=0 src=\"data:image\/svg+xml;base64,PHN2ZyB3aWR0aD0iMSIgaGVpZ2h0PSIxIiB4bWxucz0iaHR0cDovL3d3dy53My5vcmcvMjAwMC9zdmciPjwvc3ZnPg==\" class=\"lazyload\" style=\"--smush-placeholder-width: 16px; --smush-placeholder-aspect-ratio: 16\/16;\" \/><\/p>\n<div class=\"pvc_clear\"><\/div>\n","protected":false},"author":1,"featured_media":0,"comment_status":"Closed","ping_status":"open","sticky":false,"template":"","format":"standard","meta":{"footnotes":""},"categories":[11],"tags":[],"class_list":["post-35","post","type-post","status-publish","format-standard","hentry","category-roberto-luiz-c-b-c-dos-santos"],"a3_pvc":{"activated":true,"total_views":1458,"today_views":0},"_links":{"self":[{"href":"https:\/\/www.centronocaminhodaluz.com.br\/index.php\/wp-json\/wp\/v2\/posts\/35","targetHints":{"allow":["GET"]}}],"collection":[{"href":"https:\/\/www.centronocaminhodaluz.com.br\/index.php\/wp-json\/wp\/v2\/posts"}],"about":[{"href":"https:\/\/www.centronocaminhodaluz.com.br\/index.php\/wp-json\/wp\/v2\/types\/post"}],"author":[{"embeddable":true,"href":"https:\/\/www.centronocaminhodaluz.com.br\/index.php\/wp-json\/wp\/v2\/users\/1"}],"replies":[{"embeddable":true,"href":"https:\/\/www.centronocaminhodaluz.com.br\/index.php\/wp-json\/wp\/v2\/comments?post=35"}],"version-history":[{"count":0,"href":"https:\/\/www.centronocaminhodaluz.com.br\/index.php\/wp-json\/wp\/v2\/posts\/35\/revisions"}],"wp:attachment":[{"href":"https:\/\/www.centronocaminhodaluz.com.br\/index.php\/wp-json\/wp\/v2\/media?parent=35"}],"wp:term":[{"taxonomy":"category","embeddable":true,"href":"https:\/\/www.centronocaminhodaluz.com.br\/index.php\/wp-json\/wp\/v2\/categories?post=35"},{"taxonomy":"post_tag","embeddable":true,"href":"https:\/\/www.centronocaminhodaluz.com.br\/index.php\/wp-json\/wp\/v2\/tags?post=35"}],"curies":[{"name":"wp","href":"https:\/\/api.w.org\/{rel}","templated":true}]}}