{"id":36,"date":"2015-11-26T12:03:00","date_gmt":"2015-11-26T12:03:00","guid":{"rendered":"http:\/\/www.centronocaminhodaluz.com.br\/index.php\/2015\/11\/26\/visita-a-casa-espirita-amelia-espirito-psicografia-de-alberto-sampaio\/"},"modified":"2016-02-10T10:54:39","modified_gmt":"2016-02-10T12:54:39","slug":"artigo36","status":"publish","type":"post","link":"https:\/\/www.centronocaminhodaluz.com.br\/index.php\/artigo36\/","title":{"rendered":"Visita \u00e0  casa esp\u00edrita &#8211; Amelia (esp\u00edrito), psicografia de Alberto Sampaio"},"content":{"rendered":"<p><a name=more><\/a>&nbsp;&nbsp;&nbsp;&nbsp;&nbsp;<a href=http:\/\/wwww.centronocaminhodaluz.com.br\/ target=_blank><img src=http:\/\/cecal.centronocaminhodaluz.com.br\/templates\/business-portal\/images\/logo.gif \/><\/a>  &nbsp;&nbsp;&nbsp;&nbsp;&nbsp;<a href=http:\/\/cecal.centronocaminhodaluz.com.br\/bloguer\/pdf.asp?site=cecal&amp; target=_blank><img src=http:\/\/cecal.centronocaminhodaluz.com.br\/bloguer\/pdf_button.png \/><\/a>  Pedro Fagundes Azevedo, ex-presidente da Legi\u00e3o Esp\u00edrita de Porto Alegre Contribui\u00e7\u00e3o de Pedro<\/p>\n<p>Aquele que chega \u00e0 institui\u00e7\u00e3o esp\u00edrita pela primeira vez carrega uma profus\u00e3o de d\u00favidas e receios.  <br \/>Provavelmente pouco conhe\u00e7a de seus princ\u00edpios, do m\u00f3vel de suas a\u00e7\u00f5es.  <br \/>Bombardeado por uma s\u00e9rie de informa\u00e7\u00f5es equivocadas oriundas de livros diversos e programas televisivos, adentra com o chamado p\u00e9 atr\u00e1s, esperando algum tipo de espet\u00e1culo ou cobran\u00e7a.  <br \/>Recorda-se de fen\u00f4menos comentados, de assombra\u00e7\u00f5es e fantasmas, e procura achar com o olhar atento a simbologia que acredita existir marcando lugares com poderes m\u00e1gicos.  <br \/>Qual n\u00e3o \u00e9 a surpresa quando verifica que nada se apresenta como o esperado.  <br \/>A harmonia parece reinar, juntamente com a simplicidade material da constru\u00e7\u00e3o;  <br \/>As pessoas n\u00e3o est\u00e3o trajadas com roupas ritual\u00edsticas, nem sente cheiro de incenso ou visualiza altares de formatos diversos.  <br \/>Com todo o respeito que temos as demais religi\u00f5es assim formatadas, o espiritismo dispensa a forma exterior de adora\u00e7\u00e3o, primando pela abertura da alma.  <br \/>Este mesmo visitante, convidado \u00e0 fluidoterapia, percebe que a energia suave lhe toma o corpo, sem estertores do agente, gesticula\u00e7\u00e3o exagerada e toques.  <br \/>Convidado a escutar a prele\u00e7\u00e3o marcada para as atividades do dia, n\u00e3o se depara com mantras, nem palavras postas com entusiasmo exagerado, mas com o equil\u00edbrio e a serenidade, buscando asserenar as almas ali presentes.  <br \/>Concluindo sua incurs\u00e3o, nada lhe \u00e9 pedido, apenas para que busque por si mesmo a reorienta\u00e7\u00e3o de sua mente e emo\u00e7\u00f5es, atrav\u00e9s do caminho recomendado, baseado no Evangelho do Cristo.  <br \/>A Casa Esp\u00edrita \u00e9 assim: um local de refrig\u00e9rio para o esp\u00edrito, onde a vida \u00e9 profundamente estimulada a florescer.  <\/p>\n<p>Am\u00e9lia  <\/p>\n<p>P\u00e1gina psicografada na noite de ter\u00e7a-feira, 20\/10\/2015, na Sociedade Legi\u00e3o Esp\u00edrita de Porto Alegre,  por Alberto Sampaio.  <\/p>\n<div class=\"pvc_clear\"><\/div>\n<p id=\"pvc_stats_36\" class=\"pvc_stats all  \" data-element-id=\"36\" style=\"\"><i class=\"pvc-stats-icon medium\" aria-hidden=\"true\"><svg aria-hidden=\"true\" focusable=\"false\" data-prefix=\"far\" data-icon=\"chart-bar\" role=\"img\" xmlns=\"http:\/\/www.w3.org\/2000\/svg\" viewBox=\"0 0 512 512\" class=\"svg-inline--fa fa-chart-bar fa-w-16 fa-2x\"><path fill=\"currentColor\" d=\"M396.8 352h22.4c6.4 0 12.8-6.4 12.8-12.8V108.8c0-6.4-6.4-12.8-12.8-12.8h-22.4c-6.4 0-12.8 6.4-12.8 12.8v230.4c0 6.4 6.4 12.8 12.8 12.8zm-192 0h22.4c6.4 0 12.8-6.4 12.8-12.8V140.8c0-6.4-6.4-12.8-12.8-12.8h-22.4c-6.4 0-12.8 6.4-12.8 12.8v198.4c0 6.4 6.4 12.8 12.8 12.8zm96 0h22.4c6.4 0 12.8-6.4 12.8-12.8V204.8c0-6.4-6.4-12.8-12.8-12.8h-22.4c-6.4 0-12.8 6.4-12.8 12.8v134.4c0 6.4 6.4 12.8 12.8 12.8zM496 400H48V80c0-8.84-7.16-16-16-16H16C7.16 64 0 71.16 0 80v336c0 17.67 14.33 32 32 32h464c8.84 0 16-7.16 16-16v-16c0-8.84-7.16-16-16-16zm-387.2-48h22.4c6.4 0 12.8-6.4 12.8-12.8v-70.4c0-6.4-6.4-12.8-12.8-12.8h-22.4c-6.4 0-12.8 6.4-12.8 12.8v70.4c0 6.4 6.4 12.8 12.8 12.8z\" class=\"\"><\/path><\/svg><\/i> <img decoding=\"async\" width=\"16\" height=\"16\" alt=\"Loading\" data-src=\"https:\/\/www.centronocaminhodaluz.com.br\/wp-content\/plugins\/page-views-count\/ajax-loader-2x.gif\" border=0 src=\"data:image\/svg+xml;base64,PHN2ZyB3aWR0aD0iMSIgaGVpZ2h0PSIxIiB4bWxucz0iaHR0cDovL3d3dy53My5vcmcvMjAwMC9zdmciPjwvc3ZnPg==\" class=\"lazyload\" style=\"--smush-placeholder-width: 16px; --smush-placeholder-aspect-ratio: 16\/16;\" \/><\/p>\n<div class=\"pvc_clear\"><\/div>\n","protected":false},"excerpt":{"rendered":"<p>&nbsp;&nbsp;&nbsp;&nbsp;&nbsp; &nbsp;&nbsp;&nbsp;&nbsp;&nbsp; Pedro Fagundes Azevedo, ex-presidente da Legi\u00e3o Esp\u00edrita de Porto Alegre Contribui\u00e7\u00e3o de Pedro Aquele que chega \u00e0 institui\u00e7\u00e3o esp\u00edrita pela primeira vez carrega uma profus\u00e3o de d\u00favidas e receios. Provavelmente pouco conhe\u00e7a de seus princ\u00edpios, do m\u00f3vel de suas a\u00e7\u00f5es. Bombardeado por uma s\u00e9rie de informa\u00e7\u00f5es equivocadas oriundas de livros diversos e programas&hellip; <br \/> <a class=\"read-more\" href=\"https:\/\/www.centronocaminhodaluz.com.br\/index.php\/artigo36\/\">Leia mais<\/a><\/p>\n<div class=\"pvc_clear\"><\/div>\n<p id=\"pvc_stats_36\" class=\"pvc_stats all  \" data-element-id=\"36\" style=\"\"><i class=\"pvc-stats-icon medium\" aria-hidden=\"true\"><svg aria-hidden=\"true\" focusable=\"false\" data-prefix=\"far\" data-icon=\"chart-bar\" role=\"img\" xmlns=\"http:\/\/www.w3.org\/2000\/svg\" viewBox=\"0 0 512 512\" class=\"svg-inline--fa fa-chart-bar fa-w-16 fa-2x\"><path fill=\"currentColor\" d=\"M396.8 352h22.4c6.4 0 12.8-6.4 12.8-12.8V108.8c0-6.4-6.4-12.8-12.8-12.8h-22.4c-6.4 0-12.8 6.4-12.8 12.8v230.4c0 6.4 6.4 12.8 12.8 12.8zm-192 0h22.4c6.4 0 12.8-6.4 12.8-12.8V140.8c0-6.4-6.4-12.8-12.8-12.8h-22.4c-6.4 0-12.8 6.4-12.8 12.8v198.4c0 6.4 6.4 12.8 12.8 12.8zm96 0h22.4c6.4 0 12.8-6.4 12.8-12.8V204.8c0-6.4-6.4-12.8-12.8-12.8h-22.4c-6.4 0-12.8 6.4-12.8 12.8v134.4c0 6.4 6.4 12.8 12.8 12.8zM496 400H48V80c0-8.84-7.16-16-16-16H16C7.16 64 0 71.16 0 80v336c0 17.67 14.33 32 32 32h464c8.84 0 16-7.16 16-16v-16c0-8.84-7.16-16-16-16zm-387.2-48h22.4c6.4 0 12.8-6.4 12.8-12.8v-70.4c0-6.4-6.4-12.8-12.8-12.8h-22.4c-6.4 0-12.8 6.4-12.8 12.8v70.4c0 6.4 6.4 12.8 12.8 12.8z\" class=\"\"><\/path><\/svg><\/i> <img decoding=\"async\" width=\"16\" height=\"16\" alt=\"Loading\" data-src=\"https:\/\/www.centronocaminhodaluz.com.br\/wp-content\/plugins\/page-views-count\/ajax-loader-2x.gif\" border=0 src=\"data:image\/svg+xml;base64,PHN2ZyB3aWR0aD0iMSIgaGVpZ2h0PSIxIiB4bWxucz0iaHR0cDovL3d3dy53My5vcmcvMjAwMC9zdmciPjwvc3ZnPg==\" class=\"lazyload\" style=\"--smush-placeholder-width: 16px; --smush-placeholder-aspect-ratio: 16\/16;\" \/><\/p>\n<div class=\"pvc_clear\"><\/div>\n","protected":false},"author":1,"featured_media":0,"comment_status":"closed","ping_status":"open","sticky":false,"template":"","format":"standard","meta":{"footnotes":""},"categories":[9,16],"tags":[],"class_list":["post-36","post","type-post","status-publish","format-standard","hentry","category-pedro-fagundes-azevedo","category-mensagens-diversas"],"a3_pvc":{"activated":true,"total_views":1584,"today_views":0},"_links":{"self":[{"href":"https:\/\/www.centronocaminhodaluz.com.br\/index.php\/wp-json\/wp\/v2\/posts\/36","targetHints":{"allow":["GET"]}}],"collection":[{"href":"https:\/\/www.centronocaminhodaluz.com.br\/index.php\/wp-json\/wp\/v2\/posts"}],"about":[{"href":"https:\/\/www.centronocaminhodaluz.com.br\/index.php\/wp-json\/wp\/v2\/types\/post"}],"author":[{"embeddable":true,"href":"https:\/\/www.centronocaminhodaluz.com.br\/index.php\/wp-json\/wp\/v2\/users\/1"}],"replies":[{"embeddable":true,"href":"https:\/\/www.centronocaminhodaluz.com.br\/index.php\/wp-json\/wp\/v2\/comments?post=36"}],"version-history":[{"count":0,"href":"https:\/\/www.centronocaminhodaluz.com.br\/index.php\/wp-json\/wp\/v2\/posts\/36\/revisions"}],"wp:attachment":[{"href":"https:\/\/www.centronocaminhodaluz.com.br\/index.php\/wp-json\/wp\/v2\/media?parent=36"}],"wp:term":[{"taxonomy":"category","embeddable":true,"href":"https:\/\/www.centronocaminhodaluz.com.br\/index.php\/wp-json\/wp\/v2\/categories?post=36"},{"taxonomy":"post_tag","embeddable":true,"href":"https:\/\/www.centronocaminhodaluz.com.br\/index.php\/wp-json\/wp\/v2\/tags?post=36"}],"curies":[{"name":"wp","href":"https:\/\/api.w.org\/{rel}","templated":true}]}}