{"id":388,"date":"2015-04-24T11:27:00","date_gmt":"2015-04-24T11:27:00","guid":{"rendered":"http:\/\/www.centronocaminhodaluz.com.br\/index.php\/2015\/04\/24\/em-busca-da-iluminacao-joanna-de-angelis\/"},"modified":"2015-04-24T11:27:00","modified_gmt":"2015-04-24T11:27:00","slug":"artigo388","status":"publish","type":"post","link":"https:\/\/www.centronocaminhodaluz.com.br\/index.php\/artigo388\/","title":{"rendered":"Em busca da ilumina\u00e7\u00e3o &#8211; Joanna de \u00c2ngelis"},"content":{"rendered":"<p><a name=more><\/a>&nbsp;&nbsp;&nbsp;&nbsp;&nbsp;<a href=http:\/\/cecal.centronocaminhodaluz.com.br\/bloguer\/pdf.asp?site=cecal&amp; target=_blank><img src=http:\/\/cecal.centronocaminhodaluz.com.br\/bloguer\/pdf_button.png \/><\/a>    <\/p>\n<p>No Cristianismo primitivo, a f\u00e9 representava o elo de perfeita identifica\u00e7\u00e3o da criatura renovada com Jesus.  <\/p>\n<p>A fim de confirm\u00e1-lo, ningu\u00e9m se escusava ao mart\u00edrio, sendo que, em algumas circunst\u00e2ncias, buscavam-no jubilosamente.  <\/p>\n<p>A coroa do holocausto constitu\u00eda honra n\u00e3o merecida, gra\u00e7as \u00e0 qual n\u00e3o havia recusa \u00e0 fidelidade nem recuo na dire\u00e7\u00e3o da apostasia.  <\/p>\n<p>Os casos que ocorriam, muito raros, ali\u00e1s, representavam a variedade dos caracteres que distinguem as criaturas humanas e aos crentes ainda n\u00e3o convencidos da alta magnitude da convers\u00e3o, o direito de preservar o corpo, fugindo ao testemunho ent\u00e3o exigido&#8230;  <\/p>\n<p>O que impressiona, a   o recordar-se daqueles m\u00e1rtires, \u00e9 a coragem defluente da aceita\u00e7\u00e3o do Mestre, muitas vezes, aos primeiros contatos com a f\u00e9 libertadora, e sem muito tempo que houvesse sido dedicado \u00e0 reflex\u00e3o. \u00c9 como se aguardassem a Sua mensagem que, ao ser percebida, dilu\u00eda toda a sombra da ignor\u00e2ncia, facultando o entendimento real do significado da exist\u00eancia terrestre.  <\/p>\n<p>Ouvindo a palavra de consolo e as expectativas a respeito do reino de Deus, os cora\u00e7\u00f5es renovavam-se e a vida, antes destitu\u00edda de valor, adquiria um sentido surpreendente, arrebatando o Esp\u00edrito e renovando-o.  <\/p>\n<p>\u00c0 semelhan\u00e7a de prisioneiros no corpo f\u00edsico, ao tomarem conhecimento do Evangelho, rompiam-se-lhe os erg\u00e1stulos vigorosos ante as poderosas li\u00e7\u00f5es do pensamento de Jesus.  <\/p>\n<p>O mart\u00edrio era recebido com hinos de louvor e j\u00fabilos, mesmo que a debilidade emocional, \u00e0s vezes, gerasse pavor e l\u00e1grimas, no abismo a que eram atiradas as v\u00edtimas da crueldade. O momento do sacrif\u00edcio era encara   do como instante em que se aureolavam de tudo quanto os sentimentos nobres aguardavam felicitando-os.  <\/p>\n<p>Ante essa desconhecida energia que vitalizava os m\u00e1rtires, os seus algozes mais se enfureciam, aplicando mais terr\u00edveis azorragues e puni\u00e7\u00f5es que, de forma alguma, quebrantava-lhes o \u00e2nimo. Pelo contr\u00e1rio, quanto mais a\u00e7oites e ondas de \u00f3dio, mais resigna\u00e7\u00e3o e miseric\u00f3rdia mantinham em rela\u00e7\u00e3o aos sic\u00e1rios implac\u00e1veis. Essa rea\u00e7\u00e3o de amor os desequilibrava, porque eles aguardavam a presen\u00e7a do \u00f3dio a que estavam acostumados nas refregas da inferioridade moral a que se entregavam.  <\/p>\n<p>Jesus, desde quando passava a ser conhecido, mudava-lhes completamente os conceitos existenciais e o sentido psicol\u00f3gico em torno da vida.  <\/p>\n<p>A aspira\u00e7\u00e3o pela independ\u00eancia do corpo, a fim de ser fru\u00edda a liberdade total, fascinava-os e os conduzia aos piores tipos de execu\u00e7\u00e3o com o rosto iluminado pela esperan\u00e7a de plenitude.  <\/p>\n<p>Deixavam-se entranhar pelas sublimes    li\u00e7\u00f5es de amor ensinadas pelo Amigo Sublime, e experimentavam o suave-doce encantamento da paz que passavam a sentir, adornando-se da alegria imortalista.  <\/p>\n<p>Jesus conquistava-os plenamente e eles deixavam-se conduzir em totalidade pelo enlevo e encantamento da Sua mensagem.  <\/p>\n<p>Foi esse estoicismo invulgar, dantes e depois jamais igualado, que inscreveu nas p\u00e1ginas da Hist\u00f3ria a presen\u00e7a insofism\u00e1vel e inapag\u00e1vel de Jesus.  <\/p>\n<p>*   *   *  <br \/>Com a ades\u00e3o da f\u00e9 crist\u00e3 \u00e0 pol\u00edtica infeliz do Imp\u00e9rio Romano e com a formula\u00e7\u00e3o engessadora nos dogmas, deixou de arder nos cora\u00e7\u00f5es e de iluminar as mentes, para transformar-se a cren\u00e7a em entidade terrena poderosa, na qual o poder tornava-se essencial em detrimento do amor sublime que a caracterizava.  <\/p>\n<p>Mediante a altera\u00e7\u00e3o dos objetivos, a troca do reino dos C\u00e9us pelas ilus\u00f5es e gl\u00f3rias mentirosas de C\u00e9sar no mundo, o combust\u00edvel poderoso da f\u00e9 escasseou e a convic\u00e7\u00e3o cedeu lugar \u00e0s conveni\u00eancias humanas.     <\/p>\n<p>Salvadas algumas exce\u00e7\u00f5es, que foram os m\u00e1rtires de todos os emp\u00f3s, os disc\u00edpulos de Jesus, na atualidade, pouco diferem daqueles que O n\u00e3o aceitam.  <\/p>\n<p>As persegui\u00e7\u00f5es, antes sofridas, passaram a ser infligidas por eles pr\u00f3prios aos outros, que se lhes opunham, ante a fascina\u00e7\u00e3o das conquistas e louvaminhas humanas. A vida espiritual cedeu lugar ao luxo e \u00e0 prepot\u00eancia, \u00e0 domina\u00e7\u00e3o e \u00e0 arbitrariedade.  <\/p>\n<p>Quando esmaeceu quase totalmente ante os camartelos da Ci\u00eancia, que a tem desprezado, face ao comportamento dos que se diziam disc\u00edpulos de Jesus, ent\u00e3o escassos de servidores fi\u00e9is e abnegados, o vazio existencial tomou conta da sociedade, gerando desequil\u00edbrios e alucina\u00e7\u00f5es.  <\/p>\n<p>Nesse comenos de dor e de amargura, o Consolador chegou \u00e0 Terra e reacendeu a chama da verdade, arrancando-a dos dogmas ultramontanos e reativando a pulcritude dos ensinamentos incompar\u00e1veis do M\u00e1rtir do G\u00f3lgota&#8230;  <\/p>\n<p>Novos cometimentos de amor passaram a surg   ir nos grupos sociais convidados \u00e0 reflex\u00e3o pelos Esp\u00edritos abnegados que voltaram ao mundo como estrelas apontando rumos e convidando \u00e0 caridade consoladora, que agora passa a despertar o interesse dos novos disc\u00edpulos do Evangelho.  <\/p>\n<p>Nada obstante, ante a implac\u00e1vel for\u00e7a do materialismo e do utilitarismo, a debandada de in\u00fameros servidores da Terceira Revela\u00e7\u00e3o, atirando-se \u00e0s multid\u00f5es do prazer e do gozar, \u00e9 lament\u00e1vel e devastadora ocorr\u00eancia n\u00e3o esperada.  <\/p>\n<p>Por mais sejam demonstradas as faces nobres da imortalidade do Esp\u00edrito, as conveni\u00eancias sociais e as vaidades humanas dominam aqueles que deveriam se dedicar \u00e0 renova\u00e7\u00e3o e ao trabalho de constru\u00e7\u00e3o do mundo feliz.  <\/p>\n<p>Ningu\u00e9m deseja qualquer testemunho, nos dias atuais, e ante a dor natural, o sofrimento de qualquer natureza, de imediato deseja-se solu\u00e7\u00e3o m\u00e1gica, a golpe de interfer\u00eancia do sobrenatural, gerando uma comunidade que seria privilegiada e diferente.  <\/p>\n<p>N\u00e3o se deseja nenhu   ma dor, no entanto, devedora como \u00e9 a criatura humana, prefere transferi-la para o al\u00e9m da morte ou para futuros renascimentos, como se fora poss\u00edvel evitar-se o processo de evolu\u00e7\u00e3o, por comodidade.  <\/p>\n<p>A Doutrina Esp\u00edrita, entretanto, ensina que os lances de provas e ang\u00fastias fazem parte do mecanismo de reabilita\u00e7\u00e3o e desenvolvimento intelecto-moral, na busca da liberta\u00e7\u00e3o total.  <\/p>\n<p>A dor \u00e9, ainda, o aben\u00e7oado recurso de despertamento do ser humano que, meditando, encontra os melhores m\u00e9todos para a vit\u00f3ria sobre as paix\u00f5es do ego.  <\/p>\n<p>*   *   *  <br \/>N\u00e3o te permitas confundir, quando convidado ao testemunho, ou lamentar a exist\u00eancia diante dos sofrimentos inevit\u00e1veis.  <\/p>\n<p>Indispens\u00e1vel a luta interior pela tua transforma\u00e7\u00e3o moral para melhor.  <\/p>\n<p>Resgatando hoje, o amanh\u00e3 surgir\u00e1 pleno de b\u00ean\u00e7\u00e3os e, desde agora, experimentar\u00e1s especial energia de paz, encorajando-te ao prosseguimento.  <\/p>\n<p>Robustece-te na f\u00e9 ante a dor com a irrestrita c   onfian\u00e7a em Deus, tomando Jesus como o teu caminho para Ele, e n\u00e3o temas nunca!  <\/p>\n<p>Quando suceder a chegada do teu momento de sofrer, alegra-te e avan\u00e7a em paz.  <\/p>\n<p>Assim agindo, j\u00e1 est\u00e1s com a alma iluminada pela sublime claridade do amor de Jesus.  <\/p>\n<p>Joanna de \u00c2ngelis.  <br \/>Psicografia de Divaldo Pereira Franco, em sess\u00e3o medi\u00fanica da noite de 15 de junho de 2011, no Centro Esp\u00edrita Caminho da Reden\u00e7\u00e3o, em Salvador, Bahia.  <br \/>Em 16.01.2012.  <\/p>\n<div class=\"pvc_clear\"><\/div>\n<p id=\"pvc_stats_388\" class=\"pvc_stats all  \" data-element-id=\"388\" style=\"\"><i class=\"pvc-stats-icon medium\" aria-hidden=\"true\"><svg aria-hidden=\"true\" focusable=\"false\" data-prefix=\"far\" data-icon=\"chart-bar\" role=\"img\" xmlns=\"http:\/\/www.w3.org\/2000\/svg\" viewBox=\"0 0 512 512\" class=\"svg-inline--fa fa-chart-bar fa-w-16 fa-2x\"><path fill=\"currentColor\" d=\"M396.8 352h22.4c6.4 0 12.8-6.4 12.8-12.8V108.8c0-6.4-6.4-12.8-12.8-12.8h-22.4c-6.4 0-12.8 6.4-12.8 12.8v230.4c0 6.4 6.4 12.8 12.8 12.8zm-192 0h22.4c6.4 0 12.8-6.4 12.8-12.8V140.8c0-6.4-6.4-12.8-12.8-12.8h-22.4c-6.4 0-12.8 6.4-12.8 12.8v198.4c0 6.4 6.4 12.8 12.8 12.8zm96 0h22.4c6.4 0 12.8-6.4 12.8-12.8V204.8c0-6.4-6.4-12.8-12.8-12.8h-22.4c-6.4 0-12.8 6.4-12.8 12.8v134.4c0 6.4 6.4 12.8 12.8 12.8zM496 400H48V80c0-8.84-7.16-16-16-16H16C7.16 64 0 71.16 0 80v336c0 17.67 14.33 32 32 32h464c8.84 0 16-7.16 16-16v-16c0-8.84-7.16-16-16-16zm-387.2-48h22.4c6.4 0 12.8-6.4 12.8-12.8v-70.4c0-6.4-6.4-12.8-12.8-12.8h-22.4c-6.4 0-12.8 6.4-12.8 12.8v70.4c0 6.4 6.4 12.8 12.8 12.8z\" class=\"\"><\/path><\/svg><\/i> <img decoding=\"async\" width=\"16\" height=\"16\" alt=\"Loading\" data-src=\"https:\/\/www.centronocaminhodaluz.com.br\/wp-content\/plugins\/page-views-count\/ajax-loader-2x.gif\" border=0 src=\"data:image\/svg+xml;base64,PHN2ZyB3aWR0aD0iMSIgaGVpZ2h0PSIxIiB4bWxucz0iaHR0cDovL3d3dy53My5vcmcvMjAwMC9zdmciPjwvc3ZnPg==\" class=\"lazyload\" style=\"--smush-placeholder-width: 16px; --smush-placeholder-aspect-ratio: 16\/16;\" \/><\/p>\n<div class=\"pvc_clear\"><\/div>\n","protected":false},"excerpt":{"rendered":"<p>&nbsp;&nbsp;&nbsp;&nbsp;&nbsp; No Cristianismo primitivo, a f\u00e9 representava o elo de perfeita identifica\u00e7\u00e3o da criatura renovada com Jesus. A fim de confirm\u00e1-lo, ningu\u00e9m se escusava ao mart\u00edrio, sendo que, em algumas circunst\u00e2ncias, buscavam-no jubilosamente. A coroa do holocausto constitu\u00eda honra n\u00e3o merecida, gra\u00e7as \u00e0 qual n\u00e3o havia recusa \u00e0 fidelidade nem recuo na dire\u00e7\u00e3o da apostasia.&hellip; <br \/> <a class=\"read-more\" href=\"https:\/\/www.centronocaminhodaluz.com.br\/index.php\/artigo388\/\">Leia mais<\/a><\/p>\n<div class=\"pvc_clear\"><\/div>\n<p id=\"pvc_stats_388\" class=\"pvc_stats all  \" data-element-id=\"388\" style=\"\"><i class=\"pvc-stats-icon medium\" aria-hidden=\"true\"><svg aria-hidden=\"true\" focusable=\"false\" data-prefix=\"far\" data-icon=\"chart-bar\" role=\"img\" xmlns=\"http:\/\/www.w3.org\/2000\/svg\" viewBox=\"0 0 512 512\" class=\"svg-inline--fa fa-chart-bar fa-w-16 fa-2x\"><path fill=\"currentColor\" d=\"M396.8 352h22.4c6.4 0 12.8-6.4 12.8-12.8V108.8c0-6.4-6.4-12.8-12.8-12.8h-22.4c-6.4 0-12.8 6.4-12.8 12.8v230.4c0 6.4 6.4 12.8 12.8 12.8zm-192 0h22.4c6.4 0 12.8-6.4 12.8-12.8V140.8c0-6.4-6.4-12.8-12.8-12.8h-22.4c-6.4 0-12.8 6.4-12.8 12.8v198.4c0 6.4 6.4 12.8 12.8 12.8zm96 0h22.4c6.4 0 12.8-6.4 12.8-12.8V204.8c0-6.4-6.4-12.8-12.8-12.8h-22.4c-6.4 0-12.8 6.4-12.8 12.8v134.4c0 6.4 6.4 12.8 12.8 12.8zM496 400H48V80c0-8.84-7.16-16-16-16H16C7.16 64 0 71.16 0 80v336c0 17.67 14.33 32 32 32h464c8.84 0 16-7.16 16-16v-16c0-8.84-7.16-16-16-16zm-387.2-48h22.4c6.4 0 12.8-6.4 12.8-12.8v-70.4c0-6.4-6.4-12.8-12.8-12.8h-22.4c-6.4 0-12.8 6.4-12.8 12.8v70.4c0 6.4 6.4 12.8 12.8 12.8z\" class=\"\"><\/path><\/svg><\/i> <img decoding=\"async\" width=\"16\" height=\"16\" alt=\"Loading\" data-src=\"https:\/\/www.centronocaminhodaluz.com.br\/wp-content\/plugins\/page-views-count\/ajax-loader-2x.gif\" border=0 src=\"data:image\/svg+xml;base64,PHN2ZyB3aWR0aD0iMSIgaGVpZ2h0PSIxIiB4bWxucz0iaHR0cDovL3d3dy53My5vcmcvMjAwMC9zdmciPjwvc3ZnPg==\" class=\"lazyload\" style=\"--smush-placeholder-width: 16px; --smush-placeholder-aspect-ratio: 16\/16;\" \/><\/p>\n<div class=\"pvc_clear\"><\/div>\n","protected":false},"author":1,"featured_media":0,"comment_status":"Closed","ping_status":"open","sticky":false,"template":"","format":"standard","meta":{"footnotes":""},"categories":[6],"tags":[],"class_list":["post-388","post","type-post","status-publish","format-standard","hentry","category-joanna-de-angelis"],"a3_pvc":{"activated":true,"total_views":3868,"today_views":0},"_links":{"self":[{"href":"https:\/\/www.centronocaminhodaluz.com.br\/index.php\/wp-json\/wp\/v2\/posts\/388","targetHints":{"allow":["GET"]}}],"collection":[{"href":"https:\/\/www.centronocaminhodaluz.com.br\/index.php\/wp-json\/wp\/v2\/posts"}],"about":[{"href":"https:\/\/www.centronocaminhodaluz.com.br\/index.php\/wp-json\/wp\/v2\/types\/post"}],"author":[{"embeddable":true,"href":"https:\/\/www.centronocaminhodaluz.com.br\/index.php\/wp-json\/wp\/v2\/users\/1"}],"replies":[{"embeddable":true,"href":"https:\/\/www.centronocaminhodaluz.com.br\/index.php\/wp-json\/wp\/v2\/comments?post=388"}],"version-history":[{"count":0,"href":"https:\/\/www.centronocaminhodaluz.com.br\/index.php\/wp-json\/wp\/v2\/posts\/388\/revisions"}],"wp:attachment":[{"href":"https:\/\/www.centronocaminhodaluz.com.br\/index.php\/wp-json\/wp\/v2\/media?parent=388"}],"wp:term":[{"taxonomy":"category","embeddable":true,"href":"https:\/\/www.centronocaminhodaluz.com.br\/index.php\/wp-json\/wp\/v2\/categories?post=388"},{"taxonomy":"post_tag","embeddable":true,"href":"https:\/\/www.centronocaminhodaluz.com.br\/index.php\/wp-json\/wp\/v2\/tags?post=388"}],"curies":[{"name":"wp","href":"https:\/\/api.w.org\/{rel}","templated":true}]}}