{"id":421,"date":"2015-04-03T11:03:00","date_gmt":"2015-04-03T11:03:00","guid":{"rendered":"http:\/\/www.centronocaminhodaluz.com.br\/index.php\/2015\/04\/03\/com-estoicismo-joanna-de-angelis\/"},"modified":"2015-04-03T11:03:00","modified_gmt":"2015-04-03T11:03:00","slug":"artigo421","status":"publish","type":"post","link":"https:\/\/www.centronocaminhodaluz.com.br\/index.php\/artigo421\/","title":{"rendered":"Com estoicismo &#8211; Joanna de Angelis"},"content":{"rendered":"<p><a name=more><\/a>&nbsp;&nbsp;&nbsp;&nbsp;&nbsp;<a href=http:\/\/cecal.centronocaminhodaluz.com.br\/bloguer\/pdf.asp?site=cecal&amp; target=_blank><img src=http:\/\/cecal.centronocaminhodaluz.com.br\/bloguer\/pdf_button.png \/><\/a>     <\/p>\n<p>O verdadeiro sentido psicol\u00f3gico da exist\u00eancia na Terra \u00e9 o encontro com a consci\u00eancia, atrav\u00e9s da mente esclarecida e do sentimento harm\u00f4nico de paz.  <br \/>Insistir-se no trabalho interno de perseveran\u00e7a da harmonia constitui o grande desafio existencial, especialmente considerando-se a az\u00e1fama tormentosa que conduz aos desvios dos objetivos saud\u00e1veis e relevantes.  <br \/>N\u00e3o raro, a inquieta\u00e7\u00e3o deste momento decorrente da falta de reflex\u00e3o faculta o surgimento de compromissos que n\u00e3o se encontram na pauta dos deveres pessoais, gerando situa\u00e7\u00f5es complicadas para o futuro.  <br \/>Detivesse-se o indiv\u00edduo em an\u00e1lise cuidadosa das pr\u00f3prias possibilidades, assim como das alternativas    proporcionadas pela jornada humana, mais facilmente seria a elei\u00e7\u00e3o das condutas compat\u00edveis com a sua evolu\u00e7\u00e3o.  <br \/>O tempo sem tempo da atualidade faz com que as pessoas atulhem a mente com preocupa\u00e7\u00f5es secund\u00e1rias e vazias de sentido, em detrimento dos leg\u00edtimos significados existenciais.  <br \/>A falsa necessidade de acompanhar todos os acontecimentos globais, participando da sementeira da futilidade e das trag\u00e9dias do cotidiano, vem empurrando o ser humano para os abismos do stress, do medo, decorrentes da ansiedade por tudo desejar, assim, como do amortecimento dos interesses elevados em rela\u00e7\u00e3o ao pr\u00f3ximo e a si mesmo.  <br \/>Na desenfreada correria na busca do exterior, o vazio interior instala-se, enquanto vergasta a emo\u00e7\u00e3o com os tormentos da ang\u00fastia, da insatisfa\u00e7\u00e3o, da perda dos objetivos pelos quais se deve lutar.  <br \/>H\u00e1 escassez de tempo e de tranquilidade para a autoan\u00e1lise, para a avalia\u00e7\u00e3o das leg\u00edtimas necessidades emocionais na viagem do autoconhecimento.  <br \/>A    inquieta\u00e7\u00e3o, a inseguran\u00e7a que se avolumam sob v\u00e1rios aspectos, as ambi\u00e7\u00f5es do ter e do poder, aturdem o indiv\u00edduo e levam-no ao desfalecimento e ao derrotismo, proporcionando-lhe o tombo infeliz na depress\u00e3o.  <br \/>Face a esses fatores de perturba\u00e7\u00e3o, a indiferen\u00e7a e o cansa\u00e7o d\u00e3o-se as m\u00e3os, e o automatismo das atividades rouba o colorido, defluente do prazer ideal\u00edstico, enriquecedor.  <br \/>O trabalho, antes estimulante e cheio de vi\u00e7o, proporcionando as emo\u00e7\u00f5es confortadoras, torna-se causticante, mon\u00f3tono, destitu\u00eddo de significa\u00e7\u00e3o superior, abrindo espa\u00e7o para a instala\u00e7\u00e3o do t\u00e9dio, da amargura.  <br \/>O pessimismo que consome os mais fracos, lentamente, contamina os menos resistentes e avan\u00e7a na dire\u00e7\u00e3o dos fortes, na condi\u00e7\u00e3o de morbo perigoso.  <br \/>\u00c9 necess\u00e1rio que te mantenhas em atitude estoica em rela\u00e7\u00e3o a essas ocorr\u00eancias, perseverando a coragem da f\u00e9 e o entusiasmo na luta.  <br \/>Inevitavelmente, a exist\u00eancia f\u00edsica \u00e9 um aprendizado de longo e exaustivo curso, sob tod   os os aspectos considerados. Desse modo, os conflitos internos que ressumam do passado ou que se originam no presente, quando, periodicamente, pare\u00e7am dominar as tuas a\u00e7\u00f5es, diminuindo-te o ardor, o entusiasmo necess\u00e1rio \u00e0 vit\u00f3ria, analisa-os com tranquilidade e dilui-os, um a um, com l\u00f3gica e raz\u00e3o, sem irrita\u00e7\u00e3o nem desequil\u00edbrio de qualquer natureza.  <br \/>Por outro lado, quando esse fen\u00f4meno ocorrer, desajustando-te, busca o refor\u00e7o divino atrav\u00e9s da ora\u00e7\u00e3o e mergulha o pensamento nas augustas fontes do Excelso Amor.  <br \/>Se procederes desse modo, superar\u00e1s as situa\u00e7\u00f5es conflitivas e seguir\u00e1s em paz.  <br \/>*   *   *  <br \/>Narra-se que Gerson, chanceler merov\u00edngio, enunciou, oportunamente, que Deus, em nossa vida, olha mais para os adv\u00e9rbios que para os verbos.  <br \/>\u00c9 compreens\u00edvel que assim seja, porque os verbos expressam a\u00e7\u00f5es, enquanto que os adv\u00e9rbios informam o modo como as a\u00e7\u00f5es s\u00e3o praticadas.  <br \/>A Divindade considera mais o modo enobrecido com que as a\u00e7\u00f5es s\u00e3o praticada   s do que elas, em si mesmas.  <br \/>N\u00e3o s\u00e3o poucas as a\u00e7\u00f5es dignas que se apresentam em express\u00f5es agressivas, em formas primitivas, perdendo em significado tudo quanto desejariam em realiza\u00e7\u00e3o.  <br \/>Se algu\u00e9m oferece um diamante atirando-o na face do outro, o gesto que fere e surpreende produz sentimento reacion\u00e1rio, mas se o envolve em tecido delicado ou o coloque em um inv\u00f3lucro bem elaborado, antes de ofert\u00e1-lo, produz alegria, entusiasmo, gratid\u00e3o.  <br \/>H\u00e1 pessoas que acreditam no poder da ora\u00e7\u00e3o, n\u00e3o se preocupando, por\u00e9m, com a forma de expressar-se. Algumas fazem as suas preces mediante automatismos verbais, mentais, sem vincula\u00e7\u00e3o emocional com as palavras, nem mesmo com a un\u00e7\u00e3o de que o ato deve revestir-se.  <br \/>Desse modo, os adv\u00e9rbios que enobrecem e dignificam tem por objetivo embelezar as a\u00e7\u00f5es.  <br \/>\u00c9 importante, sem d\u00favida, atuar-se realizando o trabalho do bem, sem quaisquer fronteiras impeditivas, respons\u00e1veis pelas paix\u00f5es inferiores. A maneira como se deve real   iz\u00e1-lo, atribuindo qualifica\u00e7\u00e3o emocional superior, constitui o melhor recurso para lograr-se o \u00eaxito em uma exist\u00eancia desafiadora.  <br \/>O mundo est\u00e1 referto de idealistas que apresentam o seu pensamento, agindo dentro das suas formula\u00e7\u00f5es. Apesar disso, a qualidade secund\u00e1ria e perturbadora do mesmo tem facultado o surgimento de filosofias derrotistas e asselvajadas, de viol\u00eancia e de ast\u00facia, de incredulidade em Deus, de erotismo e de drogadi\u00e7\u00e3o, que assolam todo planeta, dando lugar a sofrimentos inenarr\u00e1veis.  <br \/>Torna-se inadi\u00e1vel uma revis\u00e3o de comportamento \u00edntimo em rela\u00e7\u00e3o aos valores abra\u00e7ados.  <br \/>A releitura da conduta no tecido social soberbo e enganoso dos dias atuais torna-se de car\u00e1ter urgente.  <br \/>Quando a ci\u00eancia ameniza a dor de um jaez, em vit\u00f3ria incontest\u00e1vel, o sofrimento ressurge com outras caracter\u00edsticas e este s\u00e9culo, que se propunha a tornar-se a Era de Ouro da humanidade, ainda prossegue envolto em brumas afligentes e expectativas danosas.  <br \/>Qu   e se tem feito da li\u00e7\u00e3o incompar\u00e1vel das bem-aventuran\u00e7as, no que diz respeito \u00e0 sua aplica\u00e7\u00e3o no dia-a-dia da exist\u00eancia terrena?  <br \/>Qual a conduta crist\u00e3 diferenciada daquelas outras extravagantes e doentias?  <br \/>Certamente, o amor prossegue no seu messianato, por\u00e9m cal\u00e7ado com sand\u00e1lias de veludo, a fim de n\u00e3o chamar a aten\u00e7\u00e3o, enquanto a extravag\u00e2ncia e a permissividade alardeiam em trombetas as suas mensagens infelizes, aplaudidas e aceitas.  <br \/>Prossegue tu, por\u00e9m, com estoicismo e valor, vivendo a cren\u00e7a que te libertou da ignor\u00e2ncia do primarismo.  <br \/>N\u00e3o importa que sejas uma voz que clama no deserto. Logo mais, outras vozes unir-se-\u00e3o \u00e0 tua e a can\u00e7\u00e3o da imortalidade ser\u00e1 entoada em toda a Terra.  <br \/>A vida seleciona sempre o melhor entre qualidade e quantidade.  <br \/>Faze-te exemplo, mesmo que contestado ou n\u00e3o considerado pelos teus contempor\u00e2neos. Isso n\u00e3o \u00e9 importante, mas significativa \u00e9 a tua maneira de viver e ensinar pelos verbos e adv\u00e9rbios.  <br \/>*   *   *  <   br>Jesus, embora sendo a Estrela Polar que veio \u00e0 Terra apagar a escurid\u00e3o da ignor\u00e2ncia, n\u00e3o encontrou a merecida resson\u00e2ncia no Seu tempo, nem mesmo hoje, mas assinalou a Sua passagem de maneira inilud\u00edvel, iniciando, estoico, a Era do Amor que, em breve, se h\u00e1 de instalar no mundo.  <br \/>Faze, pois, como Ele e avan\u00e7a confiante no rumo da autoilumina\u00e7\u00e3o.  <\/p>\n<p>Joanna de Angelis  <br \/>P\u00e1gina recebida pelo m\u00e9dium Divaldo Pereira Franco, na reuni\u00e3o de 2 de fevereiro de 2011, no Centro Esp\u00edrita Caminho da Reden\u00e7\u00e3o, em Salvador, Bahia.  <br \/>Em 05.08.2011.  <\/p>\n<div class=\"pvc_clear\"><\/div>\n<p id=\"pvc_stats_421\" class=\"pvc_stats all  \" data-element-id=\"421\" style=\"\"><i class=\"pvc-stats-icon medium\" aria-hidden=\"true\"><svg aria-hidden=\"true\" focusable=\"false\" data-prefix=\"far\" data-icon=\"chart-bar\" role=\"img\" xmlns=\"http:\/\/www.w3.org\/2000\/svg\" viewBox=\"0 0 512 512\" class=\"svg-inline--fa fa-chart-bar fa-w-16 fa-2x\"><path fill=\"currentColor\" d=\"M396.8 352h22.4c6.4 0 12.8-6.4 12.8-12.8V108.8c0-6.4-6.4-12.8-12.8-12.8h-22.4c-6.4 0-12.8 6.4-12.8 12.8v230.4c0 6.4 6.4 12.8 12.8 12.8zm-192 0h22.4c6.4 0 12.8-6.4 12.8-12.8V140.8c0-6.4-6.4-12.8-12.8-12.8h-22.4c-6.4 0-12.8 6.4-12.8 12.8v198.4c0 6.4 6.4 12.8 12.8 12.8zm96 0h22.4c6.4 0 12.8-6.4 12.8-12.8V204.8c0-6.4-6.4-12.8-12.8-12.8h-22.4c-6.4 0-12.8 6.4-12.8 12.8v134.4c0 6.4 6.4 12.8 12.8 12.8zM496 400H48V80c0-8.84-7.16-16-16-16H16C7.16 64 0 71.16 0 80v336c0 17.67 14.33 32 32 32h464c8.84 0 16-7.16 16-16v-16c0-8.84-7.16-16-16-16zm-387.2-48h22.4c6.4 0 12.8-6.4 12.8-12.8v-70.4c0-6.4-6.4-12.8-12.8-12.8h-22.4c-6.4 0-12.8 6.4-12.8 12.8v70.4c0 6.4 6.4 12.8 12.8 12.8z\" class=\"\"><\/path><\/svg><\/i> <img decoding=\"async\" width=\"16\" height=\"16\" alt=\"Loading\" data-src=\"https:\/\/www.centronocaminhodaluz.com.br\/wp-content\/plugins\/page-views-count\/ajax-loader-2x.gif\" border=0 src=\"data:image\/svg+xml;base64,PHN2ZyB3aWR0aD0iMSIgaGVpZ2h0PSIxIiB4bWxucz0iaHR0cDovL3d3dy53My5vcmcvMjAwMC9zdmciPjwvc3ZnPg==\" class=\"lazyload\" style=\"--smush-placeholder-width: 16px; --smush-placeholder-aspect-ratio: 16\/16;\" \/><\/p>\n<div class=\"pvc_clear\"><\/div>\n","protected":false},"excerpt":{"rendered":"<p>&nbsp;&nbsp;&nbsp;&nbsp;&nbsp; O verdadeiro sentido psicol\u00f3gico da exist\u00eancia na Terra \u00e9 o encontro com a consci\u00eancia, atrav\u00e9s da mente esclarecida e do sentimento harm\u00f4nico de paz. Insistir-se no trabalho interno de perseveran\u00e7a da harmonia constitui o grande desafio existencial, especialmente considerando-se a az\u00e1fama tormentosa que conduz aos desvios dos objetivos saud\u00e1veis e relevantes. N\u00e3o raro, a&hellip; <br \/> <a class=\"read-more\" href=\"https:\/\/www.centronocaminhodaluz.com.br\/index.php\/artigo421\/\">Leia mais<\/a><\/p>\n<div class=\"pvc_clear\"><\/div>\n<p id=\"pvc_stats_421\" class=\"pvc_stats all  \" data-element-id=\"421\" style=\"\"><i class=\"pvc-stats-icon medium\" aria-hidden=\"true\"><svg aria-hidden=\"true\" focusable=\"false\" data-prefix=\"far\" data-icon=\"chart-bar\" role=\"img\" xmlns=\"http:\/\/www.w3.org\/2000\/svg\" viewBox=\"0 0 512 512\" class=\"svg-inline--fa fa-chart-bar fa-w-16 fa-2x\"><path fill=\"currentColor\" d=\"M396.8 352h22.4c6.4 0 12.8-6.4 12.8-12.8V108.8c0-6.4-6.4-12.8-12.8-12.8h-22.4c-6.4 0-12.8 6.4-12.8 12.8v230.4c0 6.4 6.4 12.8 12.8 12.8zm-192 0h22.4c6.4 0 12.8-6.4 12.8-12.8V140.8c0-6.4-6.4-12.8-12.8-12.8h-22.4c-6.4 0-12.8 6.4-12.8 12.8v198.4c0 6.4 6.4 12.8 12.8 12.8zm96 0h22.4c6.4 0 12.8-6.4 12.8-12.8V204.8c0-6.4-6.4-12.8-12.8-12.8h-22.4c-6.4 0-12.8 6.4-12.8 12.8v134.4c0 6.4 6.4 12.8 12.8 12.8zM496 400H48V80c0-8.84-7.16-16-16-16H16C7.16 64 0 71.16 0 80v336c0 17.67 14.33 32 32 32h464c8.84 0 16-7.16 16-16v-16c0-8.84-7.16-16-16-16zm-387.2-48h22.4c6.4 0 12.8-6.4 12.8-12.8v-70.4c0-6.4-6.4-12.8-12.8-12.8h-22.4c-6.4 0-12.8 6.4-12.8 12.8v70.4c0 6.4 6.4 12.8 12.8 12.8z\" class=\"\"><\/path><\/svg><\/i> <img decoding=\"async\" width=\"16\" height=\"16\" alt=\"Loading\" data-src=\"https:\/\/www.centronocaminhodaluz.com.br\/wp-content\/plugins\/page-views-count\/ajax-loader-2x.gif\" border=0 src=\"data:image\/svg+xml;base64,PHN2ZyB3aWR0aD0iMSIgaGVpZ2h0PSIxIiB4bWxucz0iaHR0cDovL3d3dy53My5vcmcvMjAwMC9zdmciPjwvc3ZnPg==\" class=\"lazyload\" style=\"--smush-placeholder-width: 16px; --smush-placeholder-aspect-ratio: 16\/16;\" \/><\/p>\n<div class=\"pvc_clear\"><\/div>\n","protected":false},"author":1,"featured_media":0,"comment_status":"Closed","ping_status":"open","sticky":false,"template":"","format":"standard","meta":{"footnotes":""},"categories":[6],"tags":[],"class_list":["post-421","post","type-post","status-publish","format-standard","hentry","category-joanna-de-angelis"],"a3_pvc":{"activated":true,"total_views":5429,"today_views":0},"_links":{"self":[{"href":"https:\/\/www.centronocaminhodaluz.com.br\/index.php\/wp-json\/wp\/v2\/posts\/421","targetHints":{"allow":["GET"]}}],"collection":[{"href":"https:\/\/www.centronocaminhodaluz.com.br\/index.php\/wp-json\/wp\/v2\/posts"}],"about":[{"href":"https:\/\/www.centronocaminhodaluz.com.br\/index.php\/wp-json\/wp\/v2\/types\/post"}],"author":[{"embeddable":true,"href":"https:\/\/www.centronocaminhodaluz.com.br\/index.php\/wp-json\/wp\/v2\/users\/1"}],"replies":[{"embeddable":true,"href":"https:\/\/www.centronocaminhodaluz.com.br\/index.php\/wp-json\/wp\/v2\/comments?post=421"}],"version-history":[{"count":0,"href":"https:\/\/www.centronocaminhodaluz.com.br\/index.php\/wp-json\/wp\/v2\/posts\/421\/revisions"}],"wp:attachment":[{"href":"https:\/\/www.centronocaminhodaluz.com.br\/index.php\/wp-json\/wp\/v2\/media?parent=421"}],"wp:term":[{"taxonomy":"category","embeddable":true,"href":"https:\/\/www.centronocaminhodaluz.com.br\/index.php\/wp-json\/wp\/v2\/categories?post=421"},{"taxonomy":"post_tag","embeddable":true,"href":"https:\/\/www.centronocaminhodaluz.com.br\/index.php\/wp-json\/wp\/v2\/tags?post=421"}],"curies":[{"name":"wp","href":"https:\/\/api.w.org\/{rel}","templated":true}]}}