{"id":478,"date":"2015-02-20T14:48:00","date_gmt":"2015-02-20T14:48:00","guid":{"rendered":"http:\/\/www.centronocaminhodaluz.com.br\/index.php\/2015\/02\/20\/na-forja-da-vida\/"},"modified":"2015-02-20T14:48:00","modified_gmt":"2015-02-20T14:48:00","slug":"artigo478","status":"publish","type":"post","link":"https:\/\/www.centronocaminhodaluz.com.br\/index.php\/artigo478\/","title":{"rendered":"Na Forja da Vida"},"content":{"rendered":"<p><a name=more><\/a>&nbsp;&nbsp;&nbsp;&nbsp;&nbsp;<a href=http:\/\/cecal.centronocaminhodaluz.com.br\/bloguer\/pdf.asp?site=cecal&amp;id=3922 target=_blank><img src=http:\/\/cecal.centronocaminhodaluz.com.br\/bloguer\/pdf_button.png \/><\/a>   <br \/>Entrai pela porta estreita porque <br \/>larga \u00e9 a porta da perdi\u00e7\u00e3o e espa\u00e7oso <br \/>o caminho que a ela conduz e muitos <br \/>s\u00e3o os que entram por ela. <br \/>(JESUS, Mateus, 7:13). Larga \u00e9 a porta da perdi\u00e7\u00e3o porque <br \/>s\u00e3o numerosas as paix\u00f5es m\u00e1s e porque <br \/>o maior n\u00famero envereda pelo caminho <br \/>do mal. <br \/>(Alan Kardec. E.S.E, Cap. XVIII, 5) <\/p>\n<p>Trazes contigo a flama do ideal superior e anelas concretizar os grandes sonhos de que te nutres, mas, diante da realidade terrestre, costumas dizer que a dificuldade \u00e9 invenc\u00edvel. <\/p>\n<p>Afirmas haver encontrado incompreens\u00f5es e revezes, entraves e dissabores, por toda a parte, no entanto&#8230; <\/p>\n<p>O p\u00e3o que consomes \u00e9 o resumo de numerosas    obriga\u00e7\u00f5es que come\u00e7aram no cultivo do solo; a vestimenta que te agasalha \u00e9 o remate de longas tarefas iniciadas de longe com o preparo do fio; o lar que te acolhe foi argamassado com o suor dos que se uniram ao levant\u00e1-lo; a escola que te revela a cultura guarda a renuncia\u00e7\u00e3o de quantos se consagram ao minist\u00e9rio do ensino; o livro que te instrui custou a vig\u00edlia dos que sofreram para fixar, em caracteres humanos, o clar\u00e3o das id\u00e9ias nobres; a oficina que te assegura a subsist\u00eancia encerra o concurso dos ceareiros do bem, a favor do progresso; o rem\u00e9dio que te alivia \u00e9 o produto das atividades conjugadas de muita gente. <\/p>\n<p>Animais que te auxiliam, fontes que te refrigeram, vegetais que te aben\u00e7oam e objetos que te atendem, submetem-se a constantes adapta\u00e7\u00f5es e readapta\u00e7\u00f5es para que te possam servir. <\/p>\n<p>Se aspiras, desse modo, \u00e0 realiza\u00e7\u00e3o do teu alto destino, n\u00e3o desdenhes lutar, a fim de obt\u00ea-lo. <\/p>\n<p>Na forja da vida, nada se faz sem trabalho e nada se con   segue de bom sem apoio no pr\u00f3prio sacrif\u00edcio. <\/p>\n<p>Se queres, na sombra do vale, exaltar o tope do monte, basta contemplar-lhe a grandeza, mas se te disp\u00f5es a comungar-lhe o fulgor solar na beleza do cimo, ser\u00e1 preciso usar a cabe\u00e7a que carregas nos ombros, sentir com a pr\u00f3pria alma, mover os p\u00e9s em que te sust\u00e9ns e agir com as pr\u00f3prias m\u00e3os. <\/p>\n<p>* * * <\/p>\n<p>Xavier, Francisco C\u00e2ndido. Da obra: Livro da Esperan\u00e7a. <br \/>Ditado pelo Esp\u00edrito Emmanuel. <br \/>6a edi\u00e7\u00e3o. Uberaba, MG: CEC, 1982.<\/p>\n<div class=\"pvc_clear\"><\/div>\n<p id=\"pvc_stats_478\" class=\"pvc_stats all  \" data-element-id=\"478\" style=\"\"><i class=\"pvc-stats-icon medium\" aria-hidden=\"true\"><svg aria-hidden=\"true\" focusable=\"false\" data-prefix=\"far\" data-icon=\"chart-bar\" role=\"img\" xmlns=\"http:\/\/www.w3.org\/2000\/svg\" viewBox=\"0 0 512 512\" class=\"svg-inline--fa fa-chart-bar fa-w-16 fa-2x\"><path fill=\"currentColor\" d=\"M396.8 352h22.4c6.4 0 12.8-6.4 12.8-12.8V108.8c0-6.4-6.4-12.8-12.8-12.8h-22.4c-6.4 0-12.8 6.4-12.8 12.8v230.4c0 6.4 6.4 12.8 12.8 12.8zm-192 0h22.4c6.4 0 12.8-6.4 12.8-12.8V140.8c0-6.4-6.4-12.8-12.8-12.8h-22.4c-6.4 0-12.8 6.4-12.8 12.8v198.4c0 6.4 6.4 12.8 12.8 12.8zm96 0h22.4c6.4 0 12.8-6.4 12.8-12.8V204.8c0-6.4-6.4-12.8-12.8-12.8h-22.4c-6.4 0-12.8 6.4-12.8 12.8v134.4c0 6.4 6.4 12.8 12.8 12.8zM496 400H48V80c0-8.84-7.16-16-16-16H16C7.16 64 0 71.16 0 80v336c0 17.67 14.33 32 32 32h464c8.84 0 16-7.16 16-16v-16c0-8.84-7.16-16-16-16zm-387.2-48h22.4c6.4 0 12.8-6.4 12.8-12.8v-70.4c0-6.4-6.4-12.8-12.8-12.8h-22.4c-6.4 0-12.8 6.4-12.8 12.8v70.4c0 6.4 6.4 12.8 12.8 12.8z\" class=\"\"><\/path><\/svg><\/i> <img decoding=\"async\" width=\"16\" height=\"16\" alt=\"Loading\" data-src=\"https:\/\/www.centronocaminhodaluz.com.br\/wp-content\/plugins\/page-views-count\/ajax-loader-2x.gif\" border=0 src=\"data:image\/svg+xml;base64,PHN2ZyB3aWR0aD0iMSIgaGVpZ2h0PSIxIiB4bWxucz0iaHR0cDovL3d3dy53My5vcmcvMjAwMC9zdmciPjwvc3ZnPg==\" class=\"lazyload\" style=\"--smush-placeholder-width: 16px; --smush-placeholder-aspect-ratio: 16\/16;\" \/><\/p>\n<div class=\"pvc_clear\"><\/div>\n","protected":false},"excerpt":{"rendered":"<p>&nbsp;&nbsp;&nbsp;&nbsp;&nbsp; Entrai pela porta estreita porque larga \u00e9 a porta da perdi\u00e7\u00e3o e espa\u00e7oso o caminho que a ela conduz e muitos s\u00e3o os que entram por ela. (JESUS, Mateus, 7:13). Larga \u00e9 a porta da perdi\u00e7\u00e3o porque s\u00e3o numerosas as paix\u00f5es m\u00e1s e porque o maior n\u00famero envereda pelo caminho do mal. (Alan Kardec.&hellip; <br \/> <a class=\"read-more\" href=\"https:\/\/www.centronocaminhodaluz.com.br\/index.php\/artigo478\/\">Leia mais<\/a><\/p>\n<div class=\"pvc_clear\"><\/div>\n<p id=\"pvc_stats_478\" class=\"pvc_stats all  \" data-element-id=\"478\" style=\"\"><i class=\"pvc-stats-icon medium\" aria-hidden=\"true\"><svg aria-hidden=\"true\" focusable=\"false\" data-prefix=\"far\" data-icon=\"chart-bar\" role=\"img\" xmlns=\"http:\/\/www.w3.org\/2000\/svg\" viewBox=\"0 0 512 512\" class=\"svg-inline--fa fa-chart-bar fa-w-16 fa-2x\"><path fill=\"currentColor\" d=\"M396.8 352h22.4c6.4 0 12.8-6.4 12.8-12.8V108.8c0-6.4-6.4-12.8-12.8-12.8h-22.4c-6.4 0-12.8 6.4-12.8 12.8v230.4c0 6.4 6.4 12.8 12.8 12.8zm-192 0h22.4c6.4 0 12.8-6.4 12.8-12.8V140.8c0-6.4-6.4-12.8-12.8-12.8h-22.4c-6.4 0-12.8 6.4-12.8 12.8v198.4c0 6.4 6.4 12.8 12.8 12.8zm96 0h22.4c6.4 0 12.8-6.4 12.8-12.8V204.8c0-6.4-6.4-12.8-12.8-12.8h-22.4c-6.4 0-12.8 6.4-12.8 12.8v134.4c0 6.4 6.4 12.8 12.8 12.8zM496 400H48V80c0-8.84-7.16-16-16-16H16C7.16 64 0 71.16 0 80v336c0 17.67 14.33 32 32 32h464c8.84 0 16-7.16 16-16v-16c0-8.84-7.16-16-16-16zm-387.2-48h22.4c6.4 0 12.8-6.4 12.8-12.8v-70.4c0-6.4-6.4-12.8-12.8-12.8h-22.4c-6.4 0-12.8 6.4-12.8 12.8v70.4c0 6.4 6.4 12.8 12.8 12.8z\" class=\"\"><\/path><\/svg><\/i> <img decoding=\"async\" width=\"16\" height=\"16\" alt=\"Loading\" data-src=\"https:\/\/www.centronocaminhodaluz.com.br\/wp-content\/plugins\/page-views-count\/ajax-loader-2x.gif\" border=0 src=\"data:image\/svg+xml;base64,PHN2ZyB3aWR0aD0iMSIgaGVpZ2h0PSIxIiB4bWxucz0iaHR0cDovL3d3dy53My5vcmcvMjAwMC9zdmciPjwvc3ZnPg==\" class=\"lazyload\" style=\"--smush-placeholder-width: 16px; --smush-placeholder-aspect-ratio: 16\/16;\" \/><\/p>\n<div class=\"pvc_clear\"><\/div>\n","protected":false},"author":1,"featured_media":0,"comment_status":"Closed","ping_status":"open","sticky":false,"template":"","format":"standard","meta":{"footnotes":""},"categories":[16],"tags":[],"class_list":["post-478","post","type-post","status-publish","format-standard","hentry","category-mensagens-diversas"],"a3_pvc":{"activated":true,"total_views":1257,"today_views":0},"_links":{"self":[{"href":"https:\/\/www.centronocaminhodaluz.com.br\/index.php\/wp-json\/wp\/v2\/posts\/478","targetHints":{"allow":["GET"]}}],"collection":[{"href":"https:\/\/www.centronocaminhodaluz.com.br\/index.php\/wp-json\/wp\/v2\/posts"}],"about":[{"href":"https:\/\/www.centronocaminhodaluz.com.br\/index.php\/wp-json\/wp\/v2\/types\/post"}],"author":[{"embeddable":true,"href":"https:\/\/www.centronocaminhodaluz.com.br\/index.php\/wp-json\/wp\/v2\/users\/1"}],"replies":[{"embeddable":true,"href":"https:\/\/www.centronocaminhodaluz.com.br\/index.php\/wp-json\/wp\/v2\/comments?post=478"}],"version-history":[{"count":0,"href":"https:\/\/www.centronocaminhodaluz.com.br\/index.php\/wp-json\/wp\/v2\/posts\/478\/revisions"}],"wp:attachment":[{"href":"https:\/\/www.centronocaminhodaluz.com.br\/index.php\/wp-json\/wp\/v2\/media?parent=478"}],"wp:term":[{"taxonomy":"category","embeddable":true,"href":"https:\/\/www.centronocaminhodaluz.com.br\/index.php\/wp-json\/wp\/v2\/categories?post=478"},{"taxonomy":"post_tag","embeddable":true,"href":"https:\/\/www.centronocaminhodaluz.com.br\/index.php\/wp-json\/wp\/v2\/tags?post=478"}],"curies":[{"name":"wp","href":"https:\/\/api.w.org\/{rel}","templated":true}]}}