{"id":615,"date":"2014-11-21T12:43:00","date_gmt":"2014-11-21T12:43:00","guid":{"rendered":"http:\/\/www.centronocaminhodaluz.com.br\/index.php\/2014\/11\/21\/viuva-de-fernandao-encontra-lenitivo-na-doutrina-espirita\/"},"modified":"2016-02-10T11:00:15","modified_gmt":"2016-02-10T13:00:15","slug":"artigo615","status":"publish","type":"post","link":"https:\/\/www.centronocaminhodaluz.com.br\/index.php\/artigo615\/","title":{"rendered":"Vi\u00fava de Fernand\u00e3o encontra lenitivo na doutrina esp\u00edrita"},"content":{"rendered":"<p><a name=more><\/a>&nbsp;&nbsp;&nbsp;&nbsp;&nbsp;<a href=http:\/\/cecal.centronocaminhodaluz.com.br\/bloguer\/pdf.asp?site=cecal&amp; target=_blank><img src=http:\/\/cecal.centronocaminhodaluz.com.br\/bloguer\/pdf_button.png \/><\/a>  Pedro Fagundes Azevedo, ex-presidente e atual conselheiro  da Legi\u00e3o Esp\u00edrita de Porto Alegre Contribui\u00e7\u00e3o de Pedro <\/p>\n<p>A revista Donna, que acompanha  edi\u00e7\u00e3o domingueira  do jornal Zero Hora, de Porto Alegre, trouxe neste 16 de novembro mat\u00e9ria de seis p\u00e1ginas com a entrevista concedida a Mariana Kalil por  Fernanda Bizzotto Costa, vi\u00fava do jogador  Fernando L\u00facio da Costa, o Fernand\u00e3o &#8211; um profissional diferenciado dos nossos gramados de futebol.  Em 2006, Fernand\u00e3o eternizou sua imagem no clube ga\u00facho Internacional ao erguer as ta\u00e7as da Libertadores e do Mundial de Clubes. E veio a morrer cedo demais, aos 36 anos, em acidente de helic\u00f3ptero, num dos bra\u00e7os do rio Araguaia, h\u00e1 cerca de cinco meses. Nesse per\u00edodo quase nada foi noticiado  sobre o  destino de sua fam\u00edlia, parte em raz\u00e3o do temperamento reservado de sua esposa que assim procura melhor elaborar o seu luto.  <br \/>Radicada atualmente  em Porto Alegre,  com os filhos g\u00eameos de doze anos, mais sua m\u00e3e Alzira,   Fernanda diz com a voz embargada que ainda vive uma fase de aparente incredulidade. Parece que a cabe\u00e7a n\u00e3o processa, sabe? tenta explicar \u00e0 rep\u00f3rter,  numa em entrevista que  adiou enquanto pode. E acrescenta, com um olhar distante, Algumas pessoas acham que ainda n\u00e3o ca\u00ed na realidade, mas ca\u00ed, sim. Entendi tudo o que aconteceu desde o primeiro dia. S\u00f3 que tem vezes em que me pego longe, olhando tudo como se fosse uma terceira pessoa. Casar com um jogador de futebol \u00e9 ser capaz de estar constantemente trocando de lugar e recome\u00e7ando. E, de alguma forma, a vida sempre me ensinou a recome\u00e7ar.  <br \/>A entrevistadora pergunta se ela procurou ajuda m\u00e9dica neste momento dif\u00edcil. Ela responde afirmativamente mas salienta que os medicamentos antidepressivos provocavam tanto sono que ela s\u00f3 queria saber de dormir, outro  motivo  para sentir-se mais depressiva. At\u00e9 que achou melhor interromper o tratamento. O que me ajuda a superar a perda \u00e9 ter a convic\u00e7\u00e3o de que fiz tudo o que estava ao meu alcance pelo Fer. Vivi intensamente por ele. Estou em paz. Se este \u00e9 o pre\u00e7o a pagar pelo privil\u00e9gio que eu tive, ent\u00e3o eu aceito.  A seguir, ela fala sobre v\u00e1rios assuntos, como o futuro dos filhos, que s\u00e3o a raz\u00e3o de seu viver,  a decis\u00e3o pelo sul do pa\u00eds e a busca da espiritualidade em Jesus.   <br \/>Uma das pessoas que estava no acampamento e viu o helic\u00f3ptero cair \u00e9 esp\u00edrita. Foi ele um dos dois amigos que ficaram com o Fernando no colo, respirando, ainda por uns 40 minutos.  Ele me convidou para ir a um centro esp\u00edrita, em Goi\u00e2nia. A partir daquele dia, me senti mais forte. Eu costumava chamar bastante o Fernando. Depois que frequentei o centro esp\u00edrita, tenho procurado fazer isso o m\u00ednimo poss\u00edvel. Segundo o Espiritismo, este \u00e9 um momento em que ele est\u00e1 fragilizado demais, apesar de nunca ter sido fraco. Fernando era uma cara muito, muito fam\u00edlia &#8211; e me amava demais. Ent\u00e3o, eu me coloco no lugar dele. Se fosse eu que tivesse ido embora e deixado as crian\u00e7as, n\u00e3o sei se aguentaria uma energia me chamando e me querendo aqui. Eu sei que ele est\u00e1 bem, em um lugar maravilhoso, mas tamb\u00e9m acredito que deve estar sofrendo muito por estar longe de n\u00f3s. Ent\u00e3o, evito de ficar chamando por ele. Se eu estou sofrendo, pelo menos tenho as crian\u00e7as perto de mim, e ele?, quest   iona Fernanda.  <br \/>Quem estuda a doutrina esp\u00edrita sabe que todas as respostas est\u00e3o no  Consolador prometido por Jesus, revelado atrav\u00e9s do Espiritismo  (Evangelho de Jo\u00e3o, XIV 15 a 17 e 26), e que  vem, no tempo certo,  levantar o v\u00e9u do mist\u00e9rio lan\u00e7ado propositalmente pelas antigas religi\u00f5es sobre a continuidade da vida.   <\/p>\n<div class=\"pvc_clear\"><\/div>\n<p id=\"pvc_stats_615\" class=\"pvc_stats all  \" data-element-id=\"615\" style=\"\"><i class=\"pvc-stats-icon medium\" aria-hidden=\"true\"><svg aria-hidden=\"true\" focusable=\"false\" data-prefix=\"far\" data-icon=\"chart-bar\" role=\"img\" xmlns=\"http:\/\/www.w3.org\/2000\/svg\" viewBox=\"0 0 512 512\" class=\"svg-inline--fa fa-chart-bar fa-w-16 fa-2x\"><path fill=\"currentColor\" d=\"M396.8 352h22.4c6.4 0 12.8-6.4 12.8-12.8V108.8c0-6.4-6.4-12.8-12.8-12.8h-22.4c-6.4 0-12.8 6.4-12.8 12.8v230.4c0 6.4 6.4 12.8 12.8 12.8zm-192 0h22.4c6.4 0 12.8-6.4 12.8-12.8V140.8c0-6.4-6.4-12.8-12.8-12.8h-22.4c-6.4 0-12.8 6.4-12.8 12.8v198.4c0 6.4 6.4 12.8 12.8 12.8zm96 0h22.4c6.4 0 12.8-6.4 12.8-12.8V204.8c0-6.4-6.4-12.8-12.8-12.8h-22.4c-6.4 0-12.8 6.4-12.8 12.8v134.4c0 6.4 6.4 12.8 12.8 12.8zM496 400H48V80c0-8.84-7.16-16-16-16H16C7.16 64 0 71.16 0 80v336c0 17.67 14.33 32 32 32h464c8.84 0 16-7.16 16-16v-16c0-8.84-7.16-16-16-16zm-387.2-48h22.4c6.4 0 12.8-6.4 12.8-12.8v-70.4c0-6.4-6.4-12.8-12.8-12.8h-22.4c-6.4 0-12.8 6.4-12.8 12.8v70.4c0 6.4 6.4 12.8 12.8 12.8z\" class=\"\"><\/path><\/svg><\/i> <img decoding=\"async\" width=\"16\" height=\"16\" alt=\"Loading\" data-src=\"https:\/\/www.centronocaminhodaluz.com.br\/wp-content\/plugins\/page-views-count\/ajax-loader-2x.gif\" border=0 src=\"data:image\/svg+xml;base64,PHN2ZyB3aWR0aD0iMSIgaGVpZ2h0PSIxIiB4bWxucz0iaHR0cDovL3d3dy53My5vcmcvMjAwMC9zdmciPjwvc3ZnPg==\" class=\"lazyload\" style=\"--smush-placeholder-width: 16px; --smush-placeholder-aspect-ratio: 16\/16;\" \/><\/p>\n<div class=\"pvc_clear\"><\/div>\n","protected":false},"excerpt":{"rendered":"<p>&nbsp;&nbsp;&nbsp;&nbsp;&nbsp; Pedro Fagundes Azevedo, ex-presidente e atual conselheiro da Legi\u00e3o Esp\u00edrita de Porto Alegre Contribui\u00e7\u00e3o de Pedro A revista Donna, que acompanha edi\u00e7\u00e3o domingueira do jornal Zero Hora, de Porto Alegre, trouxe neste 16 de novembro mat\u00e9ria de seis p\u00e1ginas com a entrevista concedida a Mariana Kalil por Fernanda Bizzotto Costa, vi\u00fava do jogador Fernando&hellip; <br \/> <a class=\"read-more\" href=\"https:\/\/www.centronocaminhodaluz.com.br\/index.php\/artigo615\/\">Leia mais<\/a><\/p>\n<div class=\"pvc_clear\"><\/div>\n<p id=\"pvc_stats_615\" class=\"pvc_stats all  \" data-element-id=\"615\" style=\"\"><i class=\"pvc-stats-icon medium\" aria-hidden=\"true\"><svg aria-hidden=\"true\" focusable=\"false\" data-prefix=\"far\" data-icon=\"chart-bar\" role=\"img\" xmlns=\"http:\/\/www.w3.org\/2000\/svg\" viewBox=\"0 0 512 512\" class=\"svg-inline--fa fa-chart-bar fa-w-16 fa-2x\"><path fill=\"currentColor\" d=\"M396.8 352h22.4c6.4 0 12.8-6.4 12.8-12.8V108.8c0-6.4-6.4-12.8-12.8-12.8h-22.4c-6.4 0-12.8 6.4-12.8 12.8v230.4c0 6.4 6.4 12.8 12.8 12.8zm-192 0h22.4c6.4 0 12.8-6.4 12.8-12.8V140.8c0-6.4-6.4-12.8-12.8-12.8h-22.4c-6.4 0-12.8 6.4-12.8 12.8v198.4c0 6.4 6.4 12.8 12.8 12.8zm96 0h22.4c6.4 0 12.8-6.4 12.8-12.8V204.8c0-6.4-6.4-12.8-12.8-12.8h-22.4c-6.4 0-12.8 6.4-12.8 12.8v134.4c0 6.4 6.4 12.8 12.8 12.8zM496 400H48V80c0-8.84-7.16-16-16-16H16C7.16 64 0 71.16 0 80v336c0 17.67 14.33 32 32 32h464c8.84 0 16-7.16 16-16v-16c0-8.84-7.16-16-16-16zm-387.2-48h22.4c6.4 0 12.8-6.4 12.8-12.8v-70.4c0-6.4-6.4-12.8-12.8-12.8h-22.4c-6.4 0-12.8 6.4-12.8 12.8v70.4c0 6.4 6.4 12.8 12.8 12.8z\" class=\"\"><\/path><\/svg><\/i> <img decoding=\"async\" width=\"16\" height=\"16\" alt=\"Loading\" data-src=\"https:\/\/www.centronocaminhodaluz.com.br\/wp-content\/plugins\/page-views-count\/ajax-loader-2x.gif\" border=0 src=\"data:image\/svg+xml;base64,PHN2ZyB3aWR0aD0iMSIgaGVpZ2h0PSIxIiB4bWxucz0iaHR0cDovL3d3dy53My5vcmcvMjAwMC9zdmciPjwvc3ZnPg==\" class=\"lazyload\" style=\"--smush-placeholder-width: 16px; --smush-placeholder-aspect-ratio: 16\/16;\" \/><\/p>\n<div class=\"pvc_clear\"><\/div>\n","protected":false},"author":1,"featured_media":0,"comment_status":"closed","ping_status":"open","sticky":false,"template":"","format":"standard","meta":{"footnotes":""},"categories":[9,16],"tags":[],"class_list":["post-615","post","type-post","status-publish","format-standard","hentry","category-pedro-fagundes-azevedo","category-mensagens-diversas"],"a3_pvc":{"activated":true,"total_views":1433,"today_views":0},"_links":{"self":[{"href":"https:\/\/www.centronocaminhodaluz.com.br\/index.php\/wp-json\/wp\/v2\/posts\/615","targetHints":{"allow":["GET"]}}],"collection":[{"href":"https:\/\/www.centronocaminhodaluz.com.br\/index.php\/wp-json\/wp\/v2\/posts"}],"about":[{"href":"https:\/\/www.centronocaminhodaluz.com.br\/index.php\/wp-json\/wp\/v2\/types\/post"}],"author":[{"embeddable":true,"href":"https:\/\/www.centronocaminhodaluz.com.br\/index.php\/wp-json\/wp\/v2\/users\/1"}],"replies":[{"embeddable":true,"href":"https:\/\/www.centronocaminhodaluz.com.br\/index.php\/wp-json\/wp\/v2\/comments?post=615"}],"version-history":[{"count":0,"href":"https:\/\/www.centronocaminhodaluz.com.br\/index.php\/wp-json\/wp\/v2\/posts\/615\/revisions"}],"wp:attachment":[{"href":"https:\/\/www.centronocaminhodaluz.com.br\/index.php\/wp-json\/wp\/v2\/media?parent=615"}],"wp:term":[{"taxonomy":"category","embeddable":true,"href":"https:\/\/www.centronocaminhodaluz.com.br\/index.php\/wp-json\/wp\/v2\/categories?post=615"},{"taxonomy":"post_tag","embeddable":true,"href":"https:\/\/www.centronocaminhodaluz.com.br\/index.php\/wp-json\/wp\/v2\/tags?post=615"}],"curies":[{"name":"wp","href":"https:\/\/api.w.org\/{rel}","templated":true}]}}