{"id":626,"date":"2014-11-13T17:41:00","date_gmt":"2014-11-13T17:41:00","guid":{"rendered":"http:\/\/www.centronocaminhodaluz.com.br\/index.php\/2014\/11\/13\/kardecismo-em-alto-astral\/"},"modified":"2016-02-10T11:00:15","modified_gmt":"2016-02-10T13:00:15","slug":"artigo626","status":"publish","type":"post","link":"https:\/\/www.centronocaminhodaluz.com.br\/index.php\/artigo626\/","title":{"rendered":"Kardecismo em Alto Astral"},"content":{"rendered":"<p><a name=more><\/a>&nbsp;&nbsp;&nbsp;&nbsp;&nbsp;<a href=http:\/\/cecal.centronocaminhodaluz.com.br\/bloguer\/pdf.asp?site=cecal&amp; target=_blank><img src=http:\/\/cecal.centronocaminhodaluz.com.br\/bloguer\/pdf_button.png \/><\/a>  Pedro Fagundes Azevedo, ex-presidente da Legi\u00e3o Esp\u00edrita de Porto Alegre Contribui\u00e7\u00e3o de Pedro Fagundes Azevedo<\/p>\n<p>J\u00e1 perdemos  a conta do n\u00famero total de novelas de cunho esp\u00edrita produzidas e apresentadas pela  Globo. Sucessos de Ibope, nem todas seguem fielmente os conceitos kardecistas mas, pelo menos,  n\u00e3o cometem os disparates comuns em filmes norte-americanos do g\u00eanero. Tudo porque  s\u00e3o chegados os tempos em que as verdades esp\u00edritas se disseminar\u00e3o rapidamente, sendo aceitas com  naturalidade pelos profitentes de outras religi\u00f5es. Isto n\u00e3o significa que todas ir\u00e3o se tornar esp\u00edritas, mas que todas as religi\u00f5es com o tempo v\u00e3o incorporar os conceitos como reencarna\u00e7\u00e3o e mediunidade, por exemplo. Tal como aconteceu no passado com a ideia de que a Terra gira em torno do Sol, e n\u00e3o o contr\u00e1rio, como defendia a Igreja. E que, devido a essa heresia, por pouco n\u00e3o levou Galileu \u00e0 fogueira no s\u00e9culo 17. Somente cerca de 350 anos depois, em 1992, o Papa Jo\u00e3o Paulo II  finalmente  reconheceu o erro e pediu desculpas. Posteriormente, BentoXVI disse que a compreens\u00e3o das leis da nature   za pode estimular a compreens\u00e3o e aprecia\u00e7\u00e3o dos trabalhos de Deus.   <br \/>Essas leis da natureza ainda n\u00e3o s\u00e3o totalmente conhecidas pela ci\u00eancia dos homens.  Entre elas se encontra a  Lei de Causa e Efeito, refletida no fen\u00f4meno da Reencarna\u00e7\u00e3o. Das recentes pesquisas  para dar uma base cient\u00edfica a essa cren\u00e7a, destaca-se o trabalho do psiquiatra Dr. Ian Stevenson, da Universidade de Virg\u00ednia, Estados Unidos, que recolheu dados sobre mais de 3000 casos em todo o mundo  evidenciando a reencarna\u00e7\u00e3o .  Segundo esse levantamento,  os relatos de vidas passadas surgem geralmente aos dois anos de idade, desaparecendo com o desenvolvimento do c\u00e9rebro. Uma constante aparece na proximidade familiar, embora haja casos sem nenhum relacionamento \u00e9tnico ou cultural.  Influ\u00eancias comportamentais como fragmentos de algum idioma, fobias, depress\u00f5es, talentos precoces (como em crian\u00e7as prod\u00edgio), etc, e a associa\u00e7\u00e3o desses fen\u00f4menos com encarna\u00e7\u00f5es passadas constituem o rico fil\u00e3o  que vem sendo explorado pelos nossos autores de novelas.  <br \/>\u00c9 o caso da serie Alto Astral, que estreou no \u00faltimo dia tr\u00eas de novembro, na TV Globo, com 165 cap\u00edtulos. Constitui uma homenagem a Andr\u00e9a Maltarolli, idealizadora da sinopse original, que morreu em 2009 ap\u00f3s dura batalha contra o c\u00e2ncer. Seu diretor, Jorge Fernando \u00e9 esp\u00edrita e afirma que acredita no destino: N\u00e3o estamos aqui sem motivo. E tudo que a novela retrata eu acredito. Daniel Otiz, que se incumbiu de adaptar a sinopse deixada por Andr\u00e9a, diz que a ideia de Alto Astral \u00e9 t\u00e3o boa, que eu n\u00e3o encarei com como um desafio e, sim, como uma honra. N\u00e3o a conheci pessoalmente, mas sinto que j\u00e1 a conhe\u00e7o  h\u00e1 anos. Protagonizada por Nath\u00e1lia Dill e Thiago Lacerda, a novela conta a hist\u00f3ria de amor entre Ca\u00edque (Guiz\u00e9) e Laura (Nath\u00e1lia). Eles sentem que s\u00e3o almas g\u00eameas, mas n\u00e3o conseguem viver este amor porque ela namora Marcos (Trhiago Lacerda), irm\u00e3o de Ca\u00edque.  <br \/>Ambos s\u00e3o m\u00e9dicos e herdeiros de um grande hospital, onde se passa boa parte da trama. Cl\u00e1udia Raia d\u00e1 vida \u00e0 paranormal chalat\u00e3 Samantha Santana, que j\u00e1 teve dons medi\u00fanicos mas os perdeu por receber dinheiro pelos seus atendimentos. E Samantha n\u00e3o vai deixar Ca\u00edque em paz, j\u00e1 que o rapaz tamb\u00e9m tem mediunidade. Ali\u00e1s, a B\u00edblia j\u00e1 previa que no final dos tempos haveria essa expans\u00e3o da mediunidade: Suceder\u00e1 nos \u00faltimos dias, diz o Senhor, que derramarei do meu Esp\u00edrito sobre toda a carne. Vossos filhos e vossas filhas profetizar\u00e3o. Vossos jovens ter\u00e3o vis\u00f5es. E vossos velhos sonhar\u00e3o. (1 Atos dos ap\u00f3stolos, 2:17).  <\/p>\n<p>&#8203;<\/p>\n<div class=\"pvc_clear\"><\/div>\n<p id=\"pvc_stats_626\" class=\"pvc_stats all  \" data-element-id=\"626\" style=\"\"><i class=\"pvc-stats-icon medium\" aria-hidden=\"true\"><svg aria-hidden=\"true\" focusable=\"false\" data-prefix=\"far\" data-icon=\"chart-bar\" role=\"img\" xmlns=\"http:\/\/www.w3.org\/2000\/svg\" viewBox=\"0 0 512 512\" class=\"svg-inline--fa fa-chart-bar fa-w-16 fa-2x\"><path fill=\"currentColor\" d=\"M396.8 352h22.4c6.4 0 12.8-6.4 12.8-12.8V108.8c0-6.4-6.4-12.8-12.8-12.8h-22.4c-6.4 0-12.8 6.4-12.8 12.8v230.4c0 6.4 6.4 12.8 12.8 12.8zm-192 0h22.4c6.4 0 12.8-6.4 12.8-12.8V140.8c0-6.4-6.4-12.8-12.8-12.8h-22.4c-6.4 0-12.8 6.4-12.8 12.8v198.4c0 6.4 6.4 12.8 12.8 12.8zm96 0h22.4c6.4 0 12.8-6.4 12.8-12.8V204.8c0-6.4-6.4-12.8-12.8-12.8h-22.4c-6.4 0-12.8 6.4-12.8 12.8v134.4c0 6.4 6.4 12.8 12.8 12.8zM496 400H48V80c0-8.84-7.16-16-16-16H16C7.16 64 0 71.16 0 80v336c0 17.67 14.33 32 32 32h464c8.84 0 16-7.16 16-16v-16c0-8.84-7.16-16-16-16zm-387.2-48h22.4c6.4 0 12.8-6.4 12.8-12.8v-70.4c0-6.4-6.4-12.8-12.8-12.8h-22.4c-6.4 0-12.8 6.4-12.8 12.8v70.4c0 6.4 6.4 12.8 12.8 12.8z\" class=\"\"><\/path><\/svg><\/i> <img decoding=\"async\" width=\"16\" height=\"16\" alt=\"Loading\" data-src=\"https:\/\/www.centronocaminhodaluz.com.br\/wp-content\/plugins\/page-views-count\/ajax-loader-2x.gif\" border=0 src=\"data:image\/svg+xml;base64,PHN2ZyB3aWR0aD0iMSIgaGVpZ2h0PSIxIiB4bWxucz0iaHR0cDovL3d3dy53My5vcmcvMjAwMC9zdmciPjwvc3ZnPg==\" class=\"lazyload\" style=\"--smush-placeholder-width: 16px; --smush-placeholder-aspect-ratio: 16\/16;\" \/><\/p>\n<div class=\"pvc_clear\"><\/div>\n","protected":false},"excerpt":{"rendered":"<p>&nbsp;&nbsp;&nbsp;&nbsp;&nbsp; Pedro Fagundes Azevedo, ex-presidente da Legi\u00e3o Esp\u00edrita de Porto Alegre Contribui\u00e7\u00e3o de Pedro Fagundes Azevedo J\u00e1 perdemos a conta do n\u00famero total de novelas de cunho esp\u00edrita produzidas e apresentadas pela Globo. Sucessos de Ibope, nem todas seguem fielmente os conceitos kardecistas mas, pelo menos, n\u00e3o cometem os disparates comuns em filmes norte-americanos do&hellip; <br \/> <a class=\"read-more\" href=\"https:\/\/www.centronocaminhodaluz.com.br\/index.php\/artigo626\/\">Leia mais<\/a><\/p>\n<div class=\"pvc_clear\"><\/div>\n<p id=\"pvc_stats_626\" class=\"pvc_stats all  \" data-element-id=\"626\" style=\"\"><i class=\"pvc-stats-icon medium\" aria-hidden=\"true\"><svg aria-hidden=\"true\" focusable=\"false\" data-prefix=\"far\" data-icon=\"chart-bar\" role=\"img\" xmlns=\"http:\/\/www.w3.org\/2000\/svg\" viewBox=\"0 0 512 512\" class=\"svg-inline--fa fa-chart-bar fa-w-16 fa-2x\"><path fill=\"currentColor\" d=\"M396.8 352h22.4c6.4 0 12.8-6.4 12.8-12.8V108.8c0-6.4-6.4-12.8-12.8-12.8h-22.4c-6.4 0-12.8 6.4-12.8 12.8v230.4c0 6.4 6.4 12.8 12.8 12.8zm-192 0h22.4c6.4 0 12.8-6.4 12.8-12.8V140.8c0-6.4-6.4-12.8-12.8-12.8h-22.4c-6.4 0-12.8 6.4-12.8 12.8v198.4c0 6.4 6.4 12.8 12.8 12.8zm96 0h22.4c6.4 0 12.8-6.4 12.8-12.8V204.8c0-6.4-6.4-12.8-12.8-12.8h-22.4c-6.4 0-12.8 6.4-12.8 12.8v134.4c0 6.4 6.4 12.8 12.8 12.8zM496 400H48V80c0-8.84-7.16-16-16-16H16C7.16 64 0 71.16 0 80v336c0 17.67 14.33 32 32 32h464c8.84 0 16-7.16 16-16v-16c0-8.84-7.16-16-16-16zm-387.2-48h22.4c6.4 0 12.8-6.4 12.8-12.8v-70.4c0-6.4-6.4-12.8-12.8-12.8h-22.4c-6.4 0-12.8 6.4-12.8 12.8v70.4c0 6.4 6.4 12.8 12.8 12.8z\" class=\"\"><\/path><\/svg><\/i> <img decoding=\"async\" width=\"16\" height=\"16\" alt=\"Loading\" data-src=\"https:\/\/www.centronocaminhodaluz.com.br\/wp-content\/plugins\/page-views-count\/ajax-loader-2x.gif\" border=0 src=\"data:image\/svg+xml;base64,PHN2ZyB3aWR0aD0iMSIgaGVpZ2h0PSIxIiB4bWxucz0iaHR0cDovL3d3dy53My5vcmcvMjAwMC9zdmciPjwvc3ZnPg==\" class=\"lazyload\" style=\"--smush-placeholder-width: 16px; --smush-placeholder-aspect-ratio: 16\/16;\" \/><\/p>\n<div class=\"pvc_clear\"><\/div>\n","protected":false},"author":1,"featured_media":0,"comment_status":"closed","ping_status":"open","sticky":false,"template":"","format":"standard","meta":{"footnotes":""},"categories":[9,16],"tags":[],"class_list":["post-626","post","type-post","status-publish","format-standard","hentry","category-pedro-fagundes-azevedo","category-mensagens-diversas"],"a3_pvc":{"activated":true,"total_views":1649,"today_views":0},"_links":{"self":[{"href":"https:\/\/www.centronocaminhodaluz.com.br\/index.php\/wp-json\/wp\/v2\/posts\/626","targetHints":{"allow":["GET"]}}],"collection":[{"href":"https:\/\/www.centronocaminhodaluz.com.br\/index.php\/wp-json\/wp\/v2\/posts"}],"about":[{"href":"https:\/\/www.centronocaminhodaluz.com.br\/index.php\/wp-json\/wp\/v2\/types\/post"}],"author":[{"embeddable":true,"href":"https:\/\/www.centronocaminhodaluz.com.br\/index.php\/wp-json\/wp\/v2\/users\/1"}],"replies":[{"embeddable":true,"href":"https:\/\/www.centronocaminhodaluz.com.br\/index.php\/wp-json\/wp\/v2\/comments?post=626"}],"version-history":[{"count":0,"href":"https:\/\/www.centronocaminhodaluz.com.br\/index.php\/wp-json\/wp\/v2\/posts\/626\/revisions"}],"wp:attachment":[{"href":"https:\/\/www.centronocaminhodaluz.com.br\/index.php\/wp-json\/wp\/v2\/media?parent=626"}],"wp:term":[{"taxonomy":"category","embeddable":true,"href":"https:\/\/www.centronocaminhodaluz.com.br\/index.php\/wp-json\/wp\/v2\/categories?post=626"},{"taxonomy":"post_tag","embeddable":true,"href":"https:\/\/www.centronocaminhodaluz.com.br\/index.php\/wp-json\/wp\/v2\/tags?post=626"}],"curies":[{"name":"wp","href":"https:\/\/api.w.org\/{rel}","templated":true}]}}