{"id":637,"date":"2014-11-07T13:31:00","date_gmt":"2014-11-07T13:31:00","guid":{"rendered":"http:\/\/www.centronocaminhodaluz.com.br\/index.php\/2014\/11\/07\/suicidio-a-sos-ou-assistido-jamais\/"},"modified":"2016-02-10T11:00:16","modified_gmt":"2016-02-10T13:00:16","slug":"artigo637","status":"publish","type":"post","link":"https:\/\/www.centronocaminhodaluz.com.br\/index.php\/artigo637\/","title":{"rendered":"Suic\u00eddio, a s\u00f3s ou assistido, jamais"},"content":{"rendered":"<p><a name=more><\/a>&nbsp;&nbsp;&nbsp;&nbsp;&nbsp;<a href=http:\/\/cecal.centronocaminhodaluz.com.br\/bloguer\/pdf.asp?site=cecal&amp; target=_blank><img src=http:\/\/cecal.centronocaminhodaluz.com.br\/bloguer\/pdf_button.png \/><\/a>  Contribui\u00e7\u00e3o de Pedro Fagundes Azevedo, de Porto Alegre<\/p>\n<p>A parte mais triste do recente suic\u00eddio assistido de Brittany Maynard, amplamente divulgado  pela imprensa  mundial, ser\u00e1 o acr\u00e9scimo de sofrimento que a autora atraiu para si pelo  desconhecimento da espiritualidade e da presen\u00e7a de Deus em nossas vidas. Somente Ele, que d\u00e1 a vida, tem o direito de decidir quando ela  termina para nosso pr\u00f3prio bem. Aqueles que pensam driblar a Sabedoria Divina, fugindo ou sendo expulsos voluntariamente do corpo carnal, despertam no ap\u00f3s morte mais sofridos e alienados do que antes. Ter\u00e3o,  depois, que  retornar \u00e0 Terra para dar continuidade ao resgate de seus erros cometidos em vidas passadas. E geralmente  voltam em corpos iguais ou menos sadios do que aqueles que  supunham se livrar.  <\/p>\n<p>A prop\u00f3sito, Adelino da Silveira, em seu livro Chico de Francisco, conta que o m\u00e9dium  Chico Xavier, durante muitos anos, visitou um jovem que tinha o corpo totalmente deformado e que morava num casebre \u00e0 beira de uma mata. A m\u00e3e deste jovem era tamb\u00e9m muito doente e o Chico a ajudava a banh\u00e1-lo, aliment\u00e1-lo e a fazer a limpeza do pequeno barraco em que moravam.  <br \/>O quadro era t\u00e3o estarrecedor que, numa de suas visitas em que um grupo de pessoas o acompanhava, um m\u00e9dico perguntou ao Chico:  <br \/>&#8211; Nem mesmo neste caso, a eutan\u00e1sia seria perdo\u00e1vel? N\u00e3o creio, doutor, respondeu-lhe o Chico. E completou: este nosso irm\u00e3o, em sua \u00faltima encarna\u00e7\u00e3o, tinha muito poder. Perseguiu, prejudicou e com torturas desumanas tirou a vida de muitas pessoas.  Algumas o perdoaram, outras n\u00e3o e o perseguiram durante toda a sua vida. Aguardaram a sua morte e, assim que ele deixou o corpo, eles o agarraram e o torturaram de todas as maneiras durante muitos anos no plano espiritual. Este corpo disforme e mutilado representa uma b\u00ean\u00e7\u00e3o para ele. Foi o  jeito que a Provid\u00eancia Divina encontrou para escond\u00ea-lo de seus inimigos. Quanto mais tempo aguentar, melhor ser\u00e1. Com o passar dos anos, muitos de seus inimigos o ter\u00e3o perdoado. Outros ter\u00e3o reencarnado. Aplicar a eutan\u00e1sia seria devolv\u00ea-lo \u00e0s m\u00e3os de seus inimigos para que continuassem a tortur\u00e1-lo. A seguir, o m\u00e9dico ainda inquiriu  como esse esp\u00edrito poder\u00e1  resgatar seus crimes. &#8211; Deus usa o tempo, e n\u00e3o a viol\u00eancia argument   ou Chico Xavier.  <\/p>\n<p>Infelizmente, sete pa\u00edses e cinco estados norte-americanos j\u00e1 permitem a tal morte assistida. Parece que algumas pessoas, em total pobreza espiritual, est\u00e3o aceitando a premissa de que \u00e9  melhor morto, do que vivo mas com defici\u00eancia. Na Holanda, por exemplo, os m\u00e9dicos s\u00e3o livres para decidir se uma crian\u00e7a que nasce com uma defici\u00eancia deva viver. O governo tem  um guia de normas pelas quais, se a equipe m\u00e9dica acredita que a crian\u00e7a &#8211; ou os pais &#8211; ter\u00e3o de enfrentar  sofrimentos significativos, ent\u00e3o essa crian\u00e7a pode ser sacrificada.  <br \/>O bom senso nos diz  que n\u00e3o deve ser responsabilidade do Estado  ajudar as pessoas, que est\u00e3o em desespero com sua situa\u00e7\u00e3o org\u00e2nica, se matar. Em vez disso, vamos empreender mais esfor\u00e7o em melhorar as terapias de gerenciamento de dor. Vamos canalizar mais recursos para os movimentos espiritualistas que esclare\u00e7am a continuidade da vida ap\u00f3s o fen\u00f4meno chamado morte. Enfim, vamos tirar as pessoas da depress\u00e3o atrav\u00e9s de todo  apoio psicol\u00f3gico , extensivo a sua fam\u00edlia.   <br \/>No livro Ap\u00f3s a Tempestade, Joanna de \u00c2ngelis define a eutan\u00e1sia como algo puramente material. \u00c9 uma pr\u00e1tica nefanda que testemunha a predomin\u00e2ncia do conceito materialista sobre a vida, que v\u00ea apenas a mat\u00e9ria e suas implica\u00e7\u00f5es imediatas em detrimento das realidades espirituais, refletindo tamb\u00e9m a soberania do primitivismo animal na constitui\u00e7\u00e3o emocional do homem, afirma ela, pela psicografia de Divaldo Franco. Depois de todas essas explica\u00e7\u00f5es, chegamos a conclus\u00e3o que o suic\u00eddio assistido pode parecer um ato  bastante pensado pela pessoa, do ponto de vista material, mas \u00e9 uma atitude completamente impensada e sofrida do ponto de vista espiritual.<\/p>\n<div class=\"pvc_clear\"><\/div>\n<p id=\"pvc_stats_637\" class=\"pvc_stats all  \" data-element-id=\"637\" style=\"\"><i class=\"pvc-stats-icon medium\" aria-hidden=\"true\"><svg aria-hidden=\"true\" focusable=\"false\" data-prefix=\"far\" data-icon=\"chart-bar\" role=\"img\" xmlns=\"http:\/\/www.w3.org\/2000\/svg\" viewBox=\"0 0 512 512\" class=\"svg-inline--fa fa-chart-bar fa-w-16 fa-2x\"><path fill=\"currentColor\" d=\"M396.8 352h22.4c6.4 0 12.8-6.4 12.8-12.8V108.8c0-6.4-6.4-12.8-12.8-12.8h-22.4c-6.4 0-12.8 6.4-12.8 12.8v230.4c0 6.4 6.4 12.8 12.8 12.8zm-192 0h22.4c6.4 0 12.8-6.4 12.8-12.8V140.8c0-6.4-6.4-12.8-12.8-12.8h-22.4c-6.4 0-12.8 6.4-12.8 12.8v198.4c0 6.4 6.4 12.8 12.8 12.8zm96 0h22.4c6.4 0 12.8-6.4 12.8-12.8V204.8c0-6.4-6.4-12.8-12.8-12.8h-22.4c-6.4 0-12.8 6.4-12.8 12.8v134.4c0 6.4 6.4 12.8 12.8 12.8zM496 400H48V80c0-8.84-7.16-16-16-16H16C7.16 64 0 71.16 0 80v336c0 17.67 14.33 32 32 32h464c8.84 0 16-7.16 16-16v-16c0-8.84-7.16-16-16-16zm-387.2-48h22.4c6.4 0 12.8-6.4 12.8-12.8v-70.4c0-6.4-6.4-12.8-12.8-12.8h-22.4c-6.4 0-12.8 6.4-12.8 12.8v70.4c0 6.4 6.4 12.8 12.8 12.8z\" class=\"\"><\/path><\/svg><\/i> <img decoding=\"async\" width=\"16\" height=\"16\" alt=\"Loading\" data-src=\"https:\/\/www.centronocaminhodaluz.com.br\/wp-content\/plugins\/page-views-count\/ajax-loader-2x.gif\" border=0 src=\"data:image\/svg+xml;base64,PHN2ZyB3aWR0aD0iMSIgaGVpZ2h0PSIxIiB4bWxucz0iaHR0cDovL3d3dy53My5vcmcvMjAwMC9zdmciPjwvc3ZnPg==\" class=\"lazyload\" style=\"--smush-placeholder-width: 16px; --smush-placeholder-aspect-ratio: 16\/16;\" \/><\/p>\n<div class=\"pvc_clear\"><\/div>\n","protected":false},"excerpt":{"rendered":"<p>&nbsp;&nbsp;&nbsp;&nbsp;&nbsp; Contribui\u00e7\u00e3o de Pedro Fagundes Azevedo, de Porto Alegre A parte mais triste do recente suic\u00eddio assistido de Brittany Maynard, amplamente divulgado pela imprensa mundial, ser\u00e1 o acr\u00e9scimo de sofrimento que a autora atraiu para si pelo desconhecimento da espiritualidade e da presen\u00e7a de Deus em nossas vidas. Somente Ele, que d\u00e1 a vida, tem&hellip; <br \/> <a class=\"read-more\" href=\"https:\/\/www.centronocaminhodaluz.com.br\/index.php\/artigo637\/\">Leia mais<\/a><\/p>\n<div class=\"pvc_clear\"><\/div>\n<p id=\"pvc_stats_637\" class=\"pvc_stats all  \" data-element-id=\"637\" style=\"\"><i class=\"pvc-stats-icon medium\" aria-hidden=\"true\"><svg aria-hidden=\"true\" focusable=\"false\" data-prefix=\"far\" data-icon=\"chart-bar\" role=\"img\" xmlns=\"http:\/\/www.w3.org\/2000\/svg\" viewBox=\"0 0 512 512\" class=\"svg-inline--fa fa-chart-bar fa-w-16 fa-2x\"><path fill=\"currentColor\" d=\"M396.8 352h22.4c6.4 0 12.8-6.4 12.8-12.8V108.8c0-6.4-6.4-12.8-12.8-12.8h-22.4c-6.4 0-12.8 6.4-12.8 12.8v230.4c0 6.4 6.4 12.8 12.8 12.8zm-192 0h22.4c6.4 0 12.8-6.4 12.8-12.8V140.8c0-6.4-6.4-12.8-12.8-12.8h-22.4c-6.4 0-12.8 6.4-12.8 12.8v198.4c0 6.4 6.4 12.8 12.8 12.8zm96 0h22.4c6.4 0 12.8-6.4 12.8-12.8V204.8c0-6.4-6.4-12.8-12.8-12.8h-22.4c-6.4 0-12.8 6.4-12.8 12.8v134.4c0 6.4 6.4 12.8 12.8 12.8zM496 400H48V80c0-8.84-7.16-16-16-16H16C7.16 64 0 71.16 0 80v336c0 17.67 14.33 32 32 32h464c8.84 0 16-7.16 16-16v-16c0-8.84-7.16-16-16-16zm-387.2-48h22.4c6.4 0 12.8-6.4 12.8-12.8v-70.4c0-6.4-6.4-12.8-12.8-12.8h-22.4c-6.4 0-12.8 6.4-12.8 12.8v70.4c0 6.4 6.4 12.8 12.8 12.8z\" class=\"\"><\/path><\/svg><\/i> <img decoding=\"async\" width=\"16\" height=\"16\" alt=\"Loading\" data-src=\"https:\/\/www.centronocaminhodaluz.com.br\/wp-content\/plugins\/page-views-count\/ajax-loader-2x.gif\" border=0 src=\"data:image\/svg+xml;base64,PHN2ZyB3aWR0aD0iMSIgaGVpZ2h0PSIxIiB4bWxucz0iaHR0cDovL3d3dy53My5vcmcvMjAwMC9zdmciPjwvc3ZnPg==\" class=\"lazyload\" style=\"--smush-placeholder-width: 16px; --smush-placeholder-aspect-ratio: 16\/16;\" \/><\/p>\n<div class=\"pvc_clear\"><\/div>\n","protected":false},"author":1,"featured_media":0,"comment_status":"closed","ping_status":"open","sticky":false,"template":"","format":"standard","meta":{"footnotes":""},"categories":[9,16],"tags":[],"class_list":["post-637","post","type-post","status-publish","format-standard","hentry","category-pedro-fagundes-azevedo","category-mensagens-diversas"],"a3_pvc":{"activated":true,"total_views":2006,"today_views":0},"_links":{"self":[{"href":"https:\/\/www.centronocaminhodaluz.com.br\/index.php\/wp-json\/wp\/v2\/posts\/637","targetHints":{"allow":["GET"]}}],"collection":[{"href":"https:\/\/www.centronocaminhodaluz.com.br\/index.php\/wp-json\/wp\/v2\/posts"}],"about":[{"href":"https:\/\/www.centronocaminhodaluz.com.br\/index.php\/wp-json\/wp\/v2\/types\/post"}],"author":[{"embeddable":true,"href":"https:\/\/www.centronocaminhodaluz.com.br\/index.php\/wp-json\/wp\/v2\/users\/1"}],"replies":[{"embeddable":true,"href":"https:\/\/www.centronocaminhodaluz.com.br\/index.php\/wp-json\/wp\/v2\/comments?post=637"}],"version-history":[{"count":0,"href":"https:\/\/www.centronocaminhodaluz.com.br\/index.php\/wp-json\/wp\/v2\/posts\/637\/revisions"}],"wp:attachment":[{"href":"https:\/\/www.centronocaminhodaluz.com.br\/index.php\/wp-json\/wp\/v2\/media?parent=637"}],"wp:term":[{"taxonomy":"category","embeddable":true,"href":"https:\/\/www.centronocaminhodaluz.com.br\/index.php\/wp-json\/wp\/v2\/categories?post=637"},{"taxonomy":"post_tag","embeddable":true,"href":"https:\/\/www.centronocaminhodaluz.com.br\/index.php\/wp-json\/wp\/v2\/tags?post=637"}],"curies":[{"name":"wp","href":"https:\/\/api.w.org\/{rel}","templated":true}]}}