{"id":684,"date":"2014-10-03T18:32:00","date_gmt":"2014-10-03T18:32:00","guid":{"rendered":"http:\/\/www.centronocaminhodaluz.com.br\/index.php\/2014\/10\/03\/perguntas-basicas-respostas-inteligentes\/"},"modified":"2016-02-10T11:00:16","modified_gmt":"2016-02-10T13:00:16","slug":"artigo684","status":"publish","type":"post","link":"https:\/\/www.centronocaminhodaluz.com.br\/index.php\/artigo684\/","title":{"rendered":"Perguntas b\u00e1sicas, respostas inteligentes"},"content":{"rendered":"<p><a name=more><\/a>&nbsp;&nbsp;&nbsp;&nbsp;&nbsp;<a href=http:\/\/cecal.centronocaminhodaluz.com.br\/bloguer\/pdf.asp?site=cecal&amp; target=_blank><img src=http:\/\/cecal.centronocaminhodaluz.com.br\/bloguer\/pdf_button.png \/><\/a>  Pedro Fagundes Azevedo, ex-presidente da Legi\u00e3o Esp\u00edrita de Porto Alegre Contribui\u00e7\u00e3o de Pedro Fagundes Azevedo<\/p>\n<p>Que prova h\u00e1 sobre a exist\u00eancia de Deus? Ali\u00e1s, que (e n\u00e3o quem) \u00e9 Deus?  Nossa humanidade, de onde veio e para aonde vai? Qual a origem, a natureza e o sexo dos esp\u00edritos? Como se deu a forma\u00e7\u00e3o dos mundos e o povoamento da Terra? Que sentido pode ter esta vida atual? Muitas quest\u00f5es assim, dif\u00edceis de serem respondidas, foram formuladas por Allan Kardec \u00e0 esp\u00edritos de luz, atrav\u00e9s de v\u00e1rios m\u00e9diuns, em diferentes lugares e ocasi\u00f5es. E as respostas esclarecedoras  foram catalogadas nesta fonte de luz, que \u00e9 O Livros dos Esp\u00edritos. Trata-se da obra b\u00e1sica da doutrina esp\u00edrita, que j\u00e1 completou 157 anos desde sua primeira publica\u00e7\u00e3o, mas permanece cada vez mais viva e atual. Seu conte\u00fado se divide em quatro partes: Das Causas Prim\u00e1rias, Do Mundo dos Esp\u00edritos, Das Leis Morais, Das Esperan\u00e7as e Consola\u00e7\u00f5es.  <\/p>\n<p>Na antiguidade, tais assuntos eram objeto  de   estudos misteriosos, que cuidadosamente se ocultavam ao homem comum.  Hoje, para ningu\u00e9m h\u00e1 segredos. As respostas est\u00e3o a\u00ed, bem claras, sem ambiguidades. Nada  de misticismos ou de alegorias suscept\u00edveis de falsas interpreta\u00e7\u00f5es, pois  chegados s\u00e3o os tempos em  que os homens, finalmente,  conhe\u00e7am a verdade que os libertar\u00e1 do sofrimento e das sucessivas reencarna\u00e7\u00f5es.  No cap\u00edtulo relativo \u00e0s Leis Morais, os temas  deste  livro versam sobre o bem e o mal, a prece, o casamento e o celibato, necessidade de trabalho, pena de morte, diferen\u00e7as sociais, igualdade dos direitos do homem e da mulher, livre arb\u00edtrio e conhecimento de si mesmo. Na \u00faltima parte, s\u00e3o abordadas as perdas dos entes queridos, o temor da morte, suic\u00eddio,  natureza das provas terrenas, o inferno e o para\u00edso que  n\u00f3s mesmos constru\u00edmos atrav\u00e9s de nossas a\u00e7\u00f5es,   pela Lei de Causa e Efeito.   <\/p>\n<p>Depois de lido, O Livro dos Esp\u00edritos \u00e9 uma obra de consulta permanente e tamb\u00e9m  para ser aberta repetidas vezes, ao acaso, em qualquer p\u00e1gina. Sempre haver\u00e1 algo oportuno para ser aprendido ou relembrado sobre os v\u00e1rios aspectos de nossa vida espiritual e material. Principalmente, a import\u00e2ncia do aqui e agora, a necessidade de n\u00e3o cruzarmos os bra\u00e7os e de aproveitarmos muito bem cada minuto que Deus est\u00e1 nos concedendo na presente encarna\u00e7\u00e3o.  <\/p>\n<p>A for\u00e7a do Espiritismo, segundo Allan Kardec, reside nestas respostas, na sua filosofia, no apelo que dirige \u00e0 raz\u00e3o e ao bom senso.<\/p>\n<div class=\"pvc_clear\"><\/div>\n<p id=\"pvc_stats_684\" class=\"pvc_stats all  \" data-element-id=\"684\" style=\"\"><i class=\"pvc-stats-icon medium\" aria-hidden=\"true\"><svg aria-hidden=\"true\" focusable=\"false\" data-prefix=\"far\" data-icon=\"chart-bar\" role=\"img\" xmlns=\"http:\/\/www.w3.org\/2000\/svg\" viewBox=\"0 0 512 512\" class=\"svg-inline--fa fa-chart-bar fa-w-16 fa-2x\"><path fill=\"currentColor\" d=\"M396.8 352h22.4c6.4 0 12.8-6.4 12.8-12.8V108.8c0-6.4-6.4-12.8-12.8-12.8h-22.4c-6.4 0-12.8 6.4-12.8 12.8v230.4c0 6.4 6.4 12.8 12.8 12.8zm-192 0h22.4c6.4 0 12.8-6.4 12.8-12.8V140.8c0-6.4-6.4-12.8-12.8-12.8h-22.4c-6.4 0-12.8 6.4-12.8 12.8v198.4c0 6.4 6.4 12.8 12.8 12.8zm96 0h22.4c6.4 0 12.8-6.4 12.8-12.8V204.8c0-6.4-6.4-12.8-12.8-12.8h-22.4c-6.4 0-12.8 6.4-12.8 12.8v134.4c0 6.4 6.4 12.8 12.8 12.8zM496 400H48V80c0-8.84-7.16-16-16-16H16C7.16 64 0 71.16 0 80v336c0 17.67 14.33 32 32 32h464c8.84 0 16-7.16 16-16v-16c0-8.84-7.16-16-16-16zm-387.2-48h22.4c6.4 0 12.8-6.4 12.8-12.8v-70.4c0-6.4-6.4-12.8-12.8-12.8h-22.4c-6.4 0-12.8 6.4-12.8 12.8v70.4c0 6.4 6.4 12.8 12.8 12.8z\" class=\"\"><\/path><\/svg><\/i> <img decoding=\"async\" width=\"16\" height=\"16\" alt=\"Loading\" data-src=\"https:\/\/www.centronocaminhodaluz.com.br\/wp-content\/plugins\/page-views-count\/ajax-loader-2x.gif\" border=0 src=\"data:image\/svg+xml;base64,PHN2ZyB3aWR0aD0iMSIgaGVpZ2h0PSIxIiB4bWxucz0iaHR0cDovL3d3dy53My5vcmcvMjAwMC9zdmciPjwvc3ZnPg==\" class=\"lazyload\" style=\"--smush-placeholder-width: 16px; --smush-placeholder-aspect-ratio: 16\/16;\" \/><\/p>\n<div class=\"pvc_clear\"><\/div>\n","protected":false},"excerpt":{"rendered":"<p>&nbsp;&nbsp;&nbsp;&nbsp;&nbsp; Pedro Fagundes Azevedo, ex-presidente da Legi\u00e3o Esp\u00edrita de Porto Alegre Contribui\u00e7\u00e3o de Pedro Fagundes Azevedo Que prova h\u00e1 sobre a exist\u00eancia de Deus? Ali\u00e1s, que (e n\u00e3o quem) \u00e9 Deus? Nossa humanidade, de onde veio e para aonde vai? Qual a origem, a natureza e o sexo dos esp\u00edritos? Como se deu a forma\u00e7\u00e3o&hellip; <br \/> <a class=\"read-more\" href=\"https:\/\/www.centronocaminhodaluz.com.br\/index.php\/artigo684\/\">Leia mais<\/a><\/p>\n<div class=\"pvc_clear\"><\/div>\n<p id=\"pvc_stats_684\" class=\"pvc_stats all  \" data-element-id=\"684\" style=\"\"><i class=\"pvc-stats-icon medium\" aria-hidden=\"true\"><svg aria-hidden=\"true\" focusable=\"false\" data-prefix=\"far\" data-icon=\"chart-bar\" role=\"img\" xmlns=\"http:\/\/www.w3.org\/2000\/svg\" viewBox=\"0 0 512 512\" class=\"svg-inline--fa fa-chart-bar fa-w-16 fa-2x\"><path fill=\"currentColor\" d=\"M396.8 352h22.4c6.4 0 12.8-6.4 12.8-12.8V108.8c0-6.4-6.4-12.8-12.8-12.8h-22.4c-6.4 0-12.8 6.4-12.8 12.8v230.4c0 6.4 6.4 12.8 12.8 12.8zm-192 0h22.4c6.4 0 12.8-6.4 12.8-12.8V140.8c0-6.4-6.4-12.8-12.8-12.8h-22.4c-6.4 0-12.8 6.4-12.8 12.8v198.4c0 6.4 6.4 12.8 12.8 12.8zm96 0h22.4c6.4 0 12.8-6.4 12.8-12.8V204.8c0-6.4-6.4-12.8-12.8-12.8h-22.4c-6.4 0-12.8 6.4-12.8 12.8v134.4c0 6.4 6.4 12.8 12.8 12.8zM496 400H48V80c0-8.84-7.16-16-16-16H16C7.16 64 0 71.16 0 80v336c0 17.67 14.33 32 32 32h464c8.84 0 16-7.16 16-16v-16c0-8.84-7.16-16-16-16zm-387.2-48h22.4c6.4 0 12.8-6.4 12.8-12.8v-70.4c0-6.4-6.4-12.8-12.8-12.8h-22.4c-6.4 0-12.8 6.4-12.8 12.8v70.4c0 6.4 6.4 12.8 12.8 12.8z\" class=\"\"><\/path><\/svg><\/i> <img decoding=\"async\" width=\"16\" height=\"16\" alt=\"Loading\" data-src=\"https:\/\/www.centronocaminhodaluz.com.br\/wp-content\/plugins\/page-views-count\/ajax-loader-2x.gif\" border=0 src=\"data:image\/svg+xml;base64,PHN2ZyB3aWR0aD0iMSIgaGVpZ2h0PSIxIiB4bWxucz0iaHR0cDovL3d3dy53My5vcmcvMjAwMC9zdmciPjwvc3ZnPg==\" class=\"lazyload\" style=\"--smush-placeholder-width: 16px; --smush-placeholder-aspect-ratio: 16\/16;\" \/><\/p>\n<div class=\"pvc_clear\"><\/div>\n","protected":false},"author":1,"featured_media":0,"comment_status":"closed","ping_status":"open","sticky":false,"template":"","format":"standard","meta":{"footnotes":""},"categories":[9,16],"tags":[],"class_list":["post-684","post","type-post","status-publish","format-standard","hentry","category-pedro-fagundes-azevedo","category-mensagens-diversas"],"a3_pvc":{"activated":true,"total_views":2805,"today_views":0},"_links":{"self":[{"href":"https:\/\/www.centronocaminhodaluz.com.br\/index.php\/wp-json\/wp\/v2\/posts\/684","targetHints":{"allow":["GET"]}}],"collection":[{"href":"https:\/\/www.centronocaminhodaluz.com.br\/index.php\/wp-json\/wp\/v2\/posts"}],"about":[{"href":"https:\/\/www.centronocaminhodaluz.com.br\/index.php\/wp-json\/wp\/v2\/types\/post"}],"author":[{"embeddable":true,"href":"https:\/\/www.centronocaminhodaluz.com.br\/index.php\/wp-json\/wp\/v2\/users\/1"}],"replies":[{"embeddable":true,"href":"https:\/\/www.centronocaminhodaluz.com.br\/index.php\/wp-json\/wp\/v2\/comments?post=684"}],"version-history":[{"count":0,"href":"https:\/\/www.centronocaminhodaluz.com.br\/index.php\/wp-json\/wp\/v2\/posts\/684\/revisions"}],"wp:attachment":[{"href":"https:\/\/www.centronocaminhodaluz.com.br\/index.php\/wp-json\/wp\/v2\/media?parent=684"}],"wp:term":[{"taxonomy":"category","embeddable":true,"href":"https:\/\/www.centronocaminhodaluz.com.br\/index.php\/wp-json\/wp\/v2\/categories?post=684"},{"taxonomy":"post_tag","embeddable":true,"href":"https:\/\/www.centronocaminhodaluz.com.br\/index.php\/wp-json\/wp\/v2\/tags?post=684"}],"curies":[{"name":"wp","href":"https:\/\/api.w.org\/{rel}","templated":true}]}}