{"id":795,"date":"2014-07-28T01:15:00","date_gmt":"2014-07-28T01:15:00","guid":{"rendered":"http:\/\/www.centronocaminhodaluz.com.br\/index.php\/2014\/07\/28\/ajuda-meu-filho\/"},"modified":"2014-07-28T01:15:00","modified_gmt":"2014-07-28T01:15:00","slug":"artigo795","status":"publish","type":"post","link":"https:\/\/www.centronocaminhodaluz.com.br\/index.php\/artigo795\/","title":{"rendered":"Ajuda, Meu Filho"},"content":{"rendered":"<p><a name=more><\/a>&nbsp;&nbsp;&nbsp;&nbsp;&nbsp;<a href=http:\/\/cecal.centronocaminhodaluz.com.br\/bloguer\/pdf.asp?site=cecal&amp; target=_blank><img src=http:\/\/cecal.centronocaminhodaluz.com.br\/bloguer\/pdf_button.png \/><\/a>  Meimei &#8211; Francisco C\u00e2ndido Xavier Contribui\u00e7\u00e3o de Doris Day<\/p>\n<p>                               AJUDA, MEU FILHO  <br \/>N\u00e3o passes distra\u00eddo, diante da dor.  <\/p>\n<p>Nesses semblantes que o sofrimento descoloriu e nessas vozes fatigadas em que a tortura plasmou a escala de todos os gemidos, Jesus, o nosso Mestre Crucificado, continua incompreendido e esfalecente.  <\/p>\n<p>Nessas longas multid\u00f5es de aflitos e infortunados, encontrar\u00e1s a nossa pr\u00f3pria fam\u00edlia.  <\/p>\n<p>Quantos deles albergaram esperan\u00e7as iguais \u00e0quelas que nos alimentam os sonhos, sem qualquer oportunidade de realiza\u00e7\u00e3o? quantos tentaram atingir a presen\u00e7a da luz, incapazes de vencer a opress\u00e3o das trevas?  <\/p>\n<p>Essas crian\u00e7as ca\u00eddas no ber\u00e7o da ang\u00fastia, esses enrugados velhinhos sem ningu\u00e9m, essas criaturas que a ignor\u00e2ncia e a prova\u00e7\u00e3o mergulharam no po\u00e7o da enfermidade ou no espinheiro do crime, s\u00e3o nossos irm\u00e3os, \u00e0 frente do Eterno Pai.  <\/p>\n<p>Estende-lhes tua alma na d\u00e1diva que possas oferecer, guardando a certeza de que amanh\u00e3, provavelmente, estar\u00e1s tamb\u00e9m suspirando pelo b\u00e1lsamo do socorro na b\u00ean\u00e7\u00e3o de um p\u00e3o ou na luz de uma prece amiga.   <br \/>                                   *  <br \/>Recorda que as m\u00e3os hoje por ti libertadas dos grilh\u00f5es do infort\u00fanio, podem ser aquelas que, amanh\u00e3, chegar\u00e3o livres e luminosas, em teu aux\u00edlio.  <br \/>Ao p\u00e9 de cada cora\u00e7\u00e3o desventurado, Jesus nos espera em sil\u00eancio.  <br \/>Auxilia, meu filho e, na doce melodia do bem, ainda mesmo que dificuldades e sombras te ameacem a luta, ouvir\u00e1s, no imo do cora\u00e7\u00e3o, a voz do Divino Mestre a encorajar-te, paciente e amoroso: Tem bom \u00e2nimo! Eu estou aqui.   <br \/>                                   *  <br \/>Disp\u00f5e-te a compreender, a fim de que possas auxiliar.  <br \/>Compadece-te de teus pais, de teus filhos, de teus irm\u00e3os, de teus amigos e advers\u00e1rios.   <br \/>                                   *  <br \/>Os golpes sublimes da Vontade Superior sobre os nossos desejos ser\u00e3o recursos do m\u00e1ximo proveito para o nosso pr\u00f3prio futuro.   <br \/>                                   *  <br \/>(De Sentinelas da Alma, de Francisco C\u00e2ndido Xavier, pelo Esp\u00edrito Meimei)  <\/p>\n<div class=\"pvc_clear\"><\/div>\n<p id=\"pvc_stats_795\" class=\"pvc_stats all  \" data-element-id=\"795\" style=\"\"><i class=\"pvc-stats-icon medium\" aria-hidden=\"true\"><svg aria-hidden=\"true\" focusable=\"false\" data-prefix=\"far\" data-icon=\"chart-bar\" role=\"img\" xmlns=\"http:\/\/www.w3.org\/2000\/svg\" viewBox=\"0 0 512 512\" class=\"svg-inline--fa fa-chart-bar fa-w-16 fa-2x\"><path fill=\"currentColor\" d=\"M396.8 352h22.4c6.4 0 12.8-6.4 12.8-12.8V108.8c0-6.4-6.4-12.8-12.8-12.8h-22.4c-6.4 0-12.8 6.4-12.8 12.8v230.4c0 6.4 6.4 12.8 12.8 12.8zm-192 0h22.4c6.4 0 12.8-6.4 12.8-12.8V140.8c0-6.4-6.4-12.8-12.8-12.8h-22.4c-6.4 0-12.8 6.4-12.8 12.8v198.4c0 6.4 6.4 12.8 12.8 12.8zm96 0h22.4c6.4 0 12.8-6.4 12.8-12.8V204.8c0-6.4-6.4-12.8-12.8-12.8h-22.4c-6.4 0-12.8 6.4-12.8 12.8v134.4c0 6.4 6.4 12.8 12.8 12.8zM496 400H48V80c0-8.84-7.16-16-16-16H16C7.16 64 0 71.16 0 80v336c0 17.67 14.33 32 32 32h464c8.84 0 16-7.16 16-16v-16c0-8.84-7.16-16-16-16zm-387.2-48h22.4c6.4 0 12.8-6.4 12.8-12.8v-70.4c0-6.4-6.4-12.8-12.8-12.8h-22.4c-6.4 0-12.8 6.4-12.8 12.8v70.4c0 6.4 6.4 12.8 12.8 12.8z\" class=\"\"><\/path><\/svg><\/i> <img decoding=\"async\" width=\"16\" height=\"16\" alt=\"Loading\" data-src=\"https:\/\/www.centronocaminhodaluz.com.br\/wp-content\/plugins\/page-views-count\/ajax-loader-2x.gif\" border=0 src=\"data:image\/svg+xml;base64,PHN2ZyB3aWR0aD0iMSIgaGVpZ2h0PSIxIiB4bWxucz0iaHR0cDovL3d3dy53My5vcmcvMjAwMC9zdmciPjwvc3ZnPg==\" class=\"lazyload\" style=\"--smush-placeholder-width: 16px; --smush-placeholder-aspect-ratio: 16\/16;\" \/><\/p>\n<div class=\"pvc_clear\"><\/div>\n","protected":false},"excerpt":{"rendered":"<p>&nbsp;&nbsp;&nbsp;&nbsp;&nbsp; Meimei &#8211; Francisco C\u00e2ndido Xavier Contribui\u00e7\u00e3o de Doris Day AJUDA, MEU FILHO N\u00e3o passes distra\u00eddo, diante da dor. Nesses semblantes que o sofrimento descoloriu e nessas vozes fatigadas em que a tortura plasmou a escala de todos os gemidos, Jesus, o nosso Mestre Crucificado, continua incompreendido e esfalecente. Nessas longas multid\u00f5es de aflitos e&hellip; <br \/> <a class=\"read-more\" href=\"https:\/\/www.centronocaminhodaluz.com.br\/index.php\/artigo795\/\">Leia mais<\/a><\/p>\n<div class=\"pvc_clear\"><\/div>\n<p id=\"pvc_stats_795\" class=\"pvc_stats all  \" data-element-id=\"795\" style=\"\"><i class=\"pvc-stats-icon medium\" aria-hidden=\"true\"><svg aria-hidden=\"true\" focusable=\"false\" data-prefix=\"far\" data-icon=\"chart-bar\" role=\"img\" xmlns=\"http:\/\/www.w3.org\/2000\/svg\" viewBox=\"0 0 512 512\" class=\"svg-inline--fa fa-chart-bar fa-w-16 fa-2x\"><path fill=\"currentColor\" d=\"M396.8 352h22.4c6.4 0 12.8-6.4 12.8-12.8V108.8c0-6.4-6.4-12.8-12.8-12.8h-22.4c-6.4 0-12.8 6.4-12.8 12.8v230.4c0 6.4 6.4 12.8 12.8 12.8zm-192 0h22.4c6.4 0 12.8-6.4 12.8-12.8V140.8c0-6.4-6.4-12.8-12.8-12.8h-22.4c-6.4 0-12.8 6.4-12.8 12.8v198.4c0 6.4 6.4 12.8 12.8 12.8zm96 0h22.4c6.4 0 12.8-6.4 12.8-12.8V204.8c0-6.4-6.4-12.8-12.8-12.8h-22.4c-6.4 0-12.8 6.4-12.8 12.8v134.4c0 6.4 6.4 12.8 12.8 12.8zM496 400H48V80c0-8.84-7.16-16-16-16H16C7.16 64 0 71.16 0 80v336c0 17.67 14.33 32 32 32h464c8.84 0 16-7.16 16-16v-16c0-8.84-7.16-16-16-16zm-387.2-48h22.4c6.4 0 12.8-6.4 12.8-12.8v-70.4c0-6.4-6.4-12.8-12.8-12.8h-22.4c-6.4 0-12.8 6.4-12.8 12.8v70.4c0 6.4 6.4 12.8 12.8 12.8z\" class=\"\"><\/path><\/svg><\/i> <img decoding=\"async\" width=\"16\" height=\"16\" alt=\"Loading\" data-src=\"https:\/\/www.centronocaminhodaluz.com.br\/wp-content\/plugins\/page-views-count\/ajax-loader-2x.gif\" border=0 src=\"data:image\/svg+xml;base64,PHN2ZyB3aWR0aD0iMSIgaGVpZ2h0PSIxIiB4bWxucz0iaHR0cDovL3d3dy53My5vcmcvMjAwMC9zdmciPjwvc3ZnPg==\" class=\"lazyload\" style=\"--smush-placeholder-width: 16px; --smush-placeholder-aspect-ratio: 16\/16;\" \/><\/p>\n<div class=\"pvc_clear\"><\/div>\n","protected":false},"author":1,"featured_media":0,"comment_status":"Closed","ping_status":"open","sticky":false,"template":"","format":"standard","meta":{"footnotes":""},"categories":[4],"tags":[],"class_list":["post-795","post","type-post","status-publish","format-standard","hentry","category-chico-xavier"],"a3_pvc":{"activated":true,"total_views":1295,"today_views":0},"_links":{"self":[{"href":"https:\/\/www.centronocaminhodaluz.com.br\/index.php\/wp-json\/wp\/v2\/posts\/795","targetHints":{"allow":["GET"]}}],"collection":[{"href":"https:\/\/www.centronocaminhodaluz.com.br\/index.php\/wp-json\/wp\/v2\/posts"}],"about":[{"href":"https:\/\/www.centronocaminhodaluz.com.br\/index.php\/wp-json\/wp\/v2\/types\/post"}],"author":[{"embeddable":true,"href":"https:\/\/www.centronocaminhodaluz.com.br\/index.php\/wp-json\/wp\/v2\/users\/1"}],"replies":[{"embeddable":true,"href":"https:\/\/www.centronocaminhodaluz.com.br\/index.php\/wp-json\/wp\/v2\/comments?post=795"}],"version-history":[{"count":0,"href":"https:\/\/www.centronocaminhodaluz.com.br\/index.php\/wp-json\/wp\/v2\/posts\/795\/revisions"}],"wp:attachment":[{"href":"https:\/\/www.centronocaminhodaluz.com.br\/index.php\/wp-json\/wp\/v2\/media?parent=795"}],"wp:term":[{"taxonomy":"category","embeddable":true,"href":"https:\/\/www.centronocaminhodaluz.com.br\/index.php\/wp-json\/wp\/v2\/categories?post=795"},{"taxonomy":"post_tag","embeddable":true,"href":"https:\/\/www.centronocaminhodaluz.com.br\/index.php\/wp-json\/wp\/v2\/tags?post=795"}],"curies":[{"name":"wp","href":"https:\/\/api.w.org\/{rel}","templated":true}]}}