{"id":82,"date":"2015-10-29T10:10:00","date_gmt":"2015-10-29T10:10:00","guid":{"rendered":"http:\/\/www.centronocaminhodaluz.com.br\/index.php\/2015\/10\/29\/pelotas-coloca-tema-suicidio-como-caso-de-saude-publica-pedro-fagundes-azevedo\/"},"modified":"2016-02-10T10:54:40","modified_gmt":"2016-02-10T12:54:40","slug":"artigo82","status":"publish","type":"post","link":"https:\/\/www.centronocaminhodaluz.com.br\/index.php\/artigo82\/","title":{"rendered":"Pelotas coloca tema suic\u00eddio como caso de sa\u00fade p\u00fablica &#8211; Pedro Fagundes Azevedo"},"content":{"rendered":"<p><a name=more><\/a>&nbsp;&nbsp;&nbsp;&nbsp;&nbsp;<a href=http:\/\/wwww.centronocaminhodaluz.com.br\/ target=_blank><img src=http:\/\/cecal.centronocaminhodaluz.com.br\/templates\/business-portal\/images\/logo.gif \/><\/a>  &nbsp;&nbsp;&nbsp;&nbsp;&nbsp;<a href=http:\/\/cecal.centronocaminhodaluz.com.br\/bloguer\/pdf.asp?site=cecal&amp; target=_blank><img src=http:\/\/cecal.centronocaminhodaluz.com.br\/bloguer\/pdf_button.png \/><\/a>  Pedro Fagundes Azevedo, ex-presidente da Legi\u00e3o Esp\u00edrita de Porto Alegre Contribui\u00e7\u00e3o de Pedro<\/p>\n<p>Pelotas coloca o tema suic\u00eddio   <br \/>como caso de sa\u00fade p\u00fablica  <br \/>Pedro Fagundes Azevedo, jornalista ga\u00facho.  <br \/>No mesmo momento em que voc\u00ea l\u00ea esta not\u00edcia, algu\u00e9m est\u00e1 se matando. A cada 45 minutos, um brasileiro morre em decorr\u00eancia de suic\u00eddio. No mundo, a estat\u00edstica \u00e9 ainda mais preocupante: um novo caso \u00e9 registrado a cada 45 segundos. O alerta \u00e9 da Organiza\u00e7\u00e3o Mundial de Sa\u00fade (OMS) que enfatiza: para o tema ser tratado com a seriedade que merece \u00e9 preciso quebrar tabus. E o primeiro a ser derrubado \u00e9 a dificuldade em colocar o assunto em pauta. \u00c9 o alvo da campanha Setembro Amarelo, uma iniciativa que se espalha ao redor do globo, e ganhou ades\u00e3o no extremo sul do Brasil, em Pelotas, com mesa-redonda realizada pela Associa\u00e7\u00e3o M\u00e9dica local (AMP), segundo o Di\u00e1rio Popular de sexta-feira \u00faltima, dia 11 de setembro.  <br \/>A inten\u00e7\u00e3o \u00e9 contribuir para eliminar ideias que, historicamente, integram o senso comum e criam falsas verdades. Uma delas \u00e9 a de que quem quer se matar n\u00e3o avisa. Errado. Quem pensa em acabar com a pr\u00f3pria vida, avisa sim. A ressalva faz parte de cartilha elaborada pelo governo federal para servir de manual aos profissionais que atuam em Sa\u00fade Mental. E esse \u00e9 apenas um dos alertas.  <br \/>A American Foundation for Suicide Prevention (uma organiza\u00e7\u00e3o americana voltada a preven\u00e7\u00e3o do suic\u00eddio) assinala outros sinais: a pessoa falar que n\u00e3o tem mais raz\u00e3o para viver, ou achar que \u00e9 um fardo para os outros, queixar-se  de uma sensa\u00e7\u00e3o de se sentir presa, de carregar  uma dor f\u00edsica ou moral insuport\u00e1vel. Deve-se prestar aten\u00e7\u00e3o nas mudan\u00e7as bruscas de comportamento, especialmente relacionado a algum evento dolorido como perdas e luto, notar se a pessoa aumentou o uso de \u00e1lcool e drogas ou passou a agir imprudentemente. Um sinal de alerta importante \u00e9 a pessoa se isolar de familiares e amigos. E a\u00ed, mais do que nunca, o suicida em potencial precisa ser ouvido e compreendido por um profissional da sa\u00fade, devidamente habilitado, para a ado\u00e7\u00e3o de medidas adequadas.   <br \/>Camilo Castelo Branco, not\u00e1vel escritor portugu\u00eas, suicidou-se  em 1890, aos 65 anos, por n\u00e3o suportar a cegueira que o acometia, impedindo de dedicar-se a sua paix\u00e3o pelas letras. Depois da morte,  como esp\u00edrito, ao  recuperar parcialmente sua sa\u00fade, procurou a m\u00e9dium Yvonne Pereira para ditar as mem\u00f3rias desse infort\u00fanio. Desse entendimento  surgiu o livro de Mem\u00f3rias de um Suicida que \u00e9 considerado o mais impotente sobre o assunto, tanto pelas informa\u00e7\u00f5es que cont\u00e9m quanto por ter livrado muitas pessoas  desse ato que s\u00f3 complica e nada resolve.  Este trabalho \u00e9 o respons\u00e1vel por trazer ao Brasil o Centro de Valoriza\u00e7\u00e3o da Vida. Foi a partir da leitura de tais mem\u00f3rias que, em 1962, criaram essa institui\u00e7\u00e3o, sem fins lucrativos, de atua\u00e7\u00e3o essencialmente volunt\u00e1ria, com a finalidade de prevenir o auto assassinato. Seu novo n\u00famero de atendimento telef\u00f4nico, com discagem gratuita, \u00e9 o 188.  <\/p>\n<div class=\"pvc_clear\"><\/div>\n<p id=\"pvc_stats_82\" class=\"pvc_stats all  \" data-element-id=\"82\" style=\"\"><i class=\"pvc-stats-icon medium\" aria-hidden=\"true\"><svg aria-hidden=\"true\" focusable=\"false\" data-prefix=\"far\" data-icon=\"chart-bar\" role=\"img\" xmlns=\"http:\/\/www.w3.org\/2000\/svg\" viewBox=\"0 0 512 512\" class=\"svg-inline--fa fa-chart-bar fa-w-16 fa-2x\"><path fill=\"currentColor\" d=\"M396.8 352h22.4c6.4 0 12.8-6.4 12.8-12.8V108.8c0-6.4-6.4-12.8-12.8-12.8h-22.4c-6.4 0-12.8 6.4-12.8 12.8v230.4c0 6.4 6.4 12.8 12.8 12.8zm-192 0h22.4c6.4 0 12.8-6.4 12.8-12.8V140.8c0-6.4-6.4-12.8-12.8-12.8h-22.4c-6.4 0-12.8 6.4-12.8 12.8v198.4c0 6.4 6.4 12.8 12.8 12.8zm96 0h22.4c6.4 0 12.8-6.4 12.8-12.8V204.8c0-6.4-6.4-12.8-12.8-12.8h-22.4c-6.4 0-12.8 6.4-12.8 12.8v134.4c0 6.4 6.4 12.8 12.8 12.8zM496 400H48V80c0-8.84-7.16-16-16-16H16C7.16 64 0 71.16 0 80v336c0 17.67 14.33 32 32 32h464c8.84 0 16-7.16 16-16v-16c0-8.84-7.16-16-16-16zm-387.2-48h22.4c6.4 0 12.8-6.4 12.8-12.8v-70.4c0-6.4-6.4-12.8-12.8-12.8h-22.4c-6.4 0-12.8 6.4-12.8 12.8v70.4c0 6.4 6.4 12.8 12.8 12.8z\" class=\"\"><\/path><\/svg><\/i> <img decoding=\"async\" width=\"16\" height=\"16\" alt=\"Loading\" data-src=\"https:\/\/www.centronocaminhodaluz.com.br\/wp-content\/plugins\/page-views-count\/ajax-loader-2x.gif\" border=0 src=\"data:image\/svg+xml;base64,PHN2ZyB3aWR0aD0iMSIgaGVpZ2h0PSIxIiB4bWxucz0iaHR0cDovL3d3dy53My5vcmcvMjAwMC9zdmciPjwvc3ZnPg==\" class=\"lazyload\" style=\"--smush-placeholder-width: 16px; --smush-placeholder-aspect-ratio: 16\/16;\" \/><\/p>\n<div class=\"pvc_clear\"><\/div>\n","protected":false},"excerpt":{"rendered":"<p>&nbsp;&nbsp;&nbsp;&nbsp;&nbsp; &nbsp;&nbsp;&nbsp;&nbsp;&nbsp; Pedro Fagundes Azevedo, ex-presidente da Legi\u00e3o Esp\u00edrita de Porto Alegre Contribui\u00e7\u00e3o de Pedro Pelotas coloca o tema suic\u00eddio como caso de sa\u00fade p\u00fablica Pedro Fagundes Azevedo, jornalista ga\u00facho. No mesmo momento em que voc\u00ea l\u00ea esta not\u00edcia, algu\u00e9m est\u00e1 se matando. A cada 45 minutos, um brasileiro morre em decorr\u00eancia de suic\u00eddio. No&hellip; <br \/> <a class=\"read-more\" href=\"https:\/\/www.centronocaminhodaluz.com.br\/index.php\/artigo82\/\">Leia mais<\/a><\/p>\n<div class=\"pvc_clear\"><\/div>\n<p id=\"pvc_stats_82\" class=\"pvc_stats all  \" data-element-id=\"82\" style=\"\"><i class=\"pvc-stats-icon medium\" aria-hidden=\"true\"><svg aria-hidden=\"true\" focusable=\"false\" data-prefix=\"far\" data-icon=\"chart-bar\" role=\"img\" xmlns=\"http:\/\/www.w3.org\/2000\/svg\" viewBox=\"0 0 512 512\" class=\"svg-inline--fa fa-chart-bar fa-w-16 fa-2x\"><path fill=\"currentColor\" d=\"M396.8 352h22.4c6.4 0 12.8-6.4 12.8-12.8V108.8c0-6.4-6.4-12.8-12.8-12.8h-22.4c-6.4 0-12.8 6.4-12.8 12.8v230.4c0 6.4 6.4 12.8 12.8 12.8zm-192 0h22.4c6.4 0 12.8-6.4 12.8-12.8V140.8c0-6.4-6.4-12.8-12.8-12.8h-22.4c-6.4 0-12.8 6.4-12.8 12.8v198.4c0 6.4 6.4 12.8 12.8 12.8zm96 0h22.4c6.4 0 12.8-6.4 12.8-12.8V204.8c0-6.4-6.4-12.8-12.8-12.8h-22.4c-6.4 0-12.8 6.4-12.8 12.8v134.4c0 6.4 6.4 12.8 12.8 12.8zM496 400H48V80c0-8.84-7.16-16-16-16H16C7.16 64 0 71.16 0 80v336c0 17.67 14.33 32 32 32h464c8.84 0 16-7.16 16-16v-16c0-8.84-7.16-16-16-16zm-387.2-48h22.4c6.4 0 12.8-6.4 12.8-12.8v-70.4c0-6.4-6.4-12.8-12.8-12.8h-22.4c-6.4 0-12.8 6.4-12.8 12.8v70.4c0 6.4 6.4 12.8 12.8 12.8z\" class=\"\"><\/path><\/svg><\/i> <img decoding=\"async\" width=\"16\" height=\"16\" alt=\"Loading\" data-src=\"https:\/\/www.centronocaminhodaluz.com.br\/wp-content\/plugins\/page-views-count\/ajax-loader-2x.gif\" border=0 src=\"data:image\/svg+xml;base64,PHN2ZyB3aWR0aD0iMSIgaGVpZ2h0PSIxIiB4bWxucz0iaHR0cDovL3d3dy53My5vcmcvMjAwMC9zdmciPjwvc3ZnPg==\" class=\"lazyload\" style=\"--smush-placeholder-width: 16px; --smush-placeholder-aspect-ratio: 16\/16;\" \/><\/p>\n<div class=\"pvc_clear\"><\/div>\n","protected":false},"author":1,"featured_media":0,"comment_status":"closed","ping_status":"open","sticky":false,"template":"","format":"standard","meta":{"footnotes":""},"categories":[9,16],"tags":[],"class_list":["post-82","post","type-post","status-publish","format-standard","hentry","category-pedro-fagundes-azevedo","category-mensagens-diversas"],"a3_pvc":{"activated":true,"total_views":1426,"today_views":0},"_links":{"self":[{"href":"https:\/\/www.centronocaminhodaluz.com.br\/index.php\/wp-json\/wp\/v2\/posts\/82","targetHints":{"allow":["GET"]}}],"collection":[{"href":"https:\/\/www.centronocaminhodaluz.com.br\/index.php\/wp-json\/wp\/v2\/posts"}],"about":[{"href":"https:\/\/www.centronocaminhodaluz.com.br\/index.php\/wp-json\/wp\/v2\/types\/post"}],"author":[{"embeddable":true,"href":"https:\/\/www.centronocaminhodaluz.com.br\/index.php\/wp-json\/wp\/v2\/users\/1"}],"replies":[{"embeddable":true,"href":"https:\/\/www.centronocaminhodaluz.com.br\/index.php\/wp-json\/wp\/v2\/comments?post=82"}],"version-history":[{"count":0,"href":"https:\/\/www.centronocaminhodaluz.com.br\/index.php\/wp-json\/wp\/v2\/posts\/82\/revisions"}],"wp:attachment":[{"href":"https:\/\/www.centronocaminhodaluz.com.br\/index.php\/wp-json\/wp\/v2\/media?parent=82"}],"wp:term":[{"taxonomy":"category","embeddable":true,"href":"https:\/\/www.centronocaminhodaluz.com.br\/index.php\/wp-json\/wp\/v2\/categories?post=82"},{"taxonomy":"post_tag","embeddable":true,"href":"https:\/\/www.centronocaminhodaluz.com.br\/index.php\/wp-json\/wp\/v2\/tags?post=82"}],"curies":[{"name":"wp","href":"https:\/\/api.w.org\/{rel}","templated":true}]}}