{"id":844,"date":"2014-06-23T12:03:00","date_gmt":"2014-06-23T12:03:00","guid":{"rendered":"http:\/\/www.centronocaminhodaluz.com.br\/index.php\/2014\/06\/23\/de-sombras-e-de-sol\/"},"modified":"2014-06-23T12:03:00","modified_gmt":"2014-06-23T12:03:00","slug":"artigo844","status":"publish","type":"post","link":"https:\/\/www.centronocaminhodaluz.com.br\/index.php\/artigo844\/","title":{"rendered":"De sombras e de sol"},"content":{"rendered":"<p><a name=more><\/a>&nbsp;&nbsp;&nbsp;&nbsp;&nbsp;<a href=http:\/\/cecal.centronocaminhodaluz.com.br\/bloguer\/pdf.asp?site=cecal&amp; target=_blank><img src=http:\/\/cecal.centronocaminhodaluz.com.br\/bloguer\/pdf_button.png \/><\/a>  Todo ser humano traz dentro de si uma luz maior que a das estrelas. Um universo inteiro de amor vive latente dentro de cada um de n\u00f3s.  <\/p>\n<p>Quando esteve entre n\u00f3s, aqui na Terra, Jesus nos fez um doce convite: Brilhe a vossa luz!  <\/p>\n<p>E disse ainda mais: declarou que todos os seres humanos s\u00e3o deuses, s\u00e3o o sal da Terra e a luz do mundo.  <\/p>\n<p>Quanta poesia nestas palavras do Cristo! Elas s\u00e3o um lembrete permanente para os dias em que a sombra toma conta de nossas vidas.  <\/p>\n<p>E como s\u00e3o muitos esses dias sem sol! Parece que uma grande nuvem cinza encobre a luz.  <\/p>\n<p>\u00c9 quando estamos infelizes. Quando a dor encontra morada no cora\u00e7\u00e3o, quando perdemos a alegria, quando os sorrisos parec   em distantes.  <\/p>\n<p>Mas h\u00e1 outras ocasi\u00f5es em que uma luz radiosa parece nos iluminar.  <\/p>\n<p>Esses dias claros traduzem nossa alegria, a harmonia interna. \u00c9 a felicidade que se revela em n\u00f3s.  <\/p>\n<p>E nos perguntamos: Por que n\u00e3o somos sempre assim? Por que n\u00e3o h\u00e1 apenas dias solares, cheios de cor e claridade?  <\/p>\n<p>\u00c9 que ainda nos permitimos viver na sombra. Para a maior parte da Humanidade ainda \u00e9 mais natural se identificar com estados de ang\u00fastia, tristeza, aborrecimento.  <\/p>\n<p>Mas um dia aprenderemos a viver de forma diferente. Privilegiaremos a bondade, esqueceremos a maledic\u00eancia, cultivaremos a alegria.  <\/p>\n<p>Daremos menos aten\u00e7\u00e3o a not\u00edcias e programas sensacionalistas ou que exploram o sofrimento dos outros.  <\/p>\n<p>N\u00e3o permitiremos que a morbidez encontre espa\u00e7o em nossa vida.  <\/p>\n<p>Buscaremos a felicidade nas coisas simples. N\u00e3o seremos escravos do dinheiro ou do trabalho. E nos contentaremos com o necess\u00e1rio. Luxo e excessos n\u00e3o nos seduzir   \u00e3o mais.  <\/p>\n<p>Nesse dia saberemos que o segredo da felicidade n\u00e3o est\u00e1 nos bens que acumulamos, mas no bem que fazemos aos outros.  <\/p>\n<p>A maior parte das pessoas busca a felicidade em coisas externas. \u00c9 que somos treinados para acreditar que seremos felizes apenas se tivermos carros, roupas e sapatos caros.  <\/p>\n<p>Colocamos nossa alegria em uma bela casa ou em viagens espetaculares.  <\/p>\n<p>Mas essa alegria \u00e9 como uma bolha de sab\u00e3o. Vai estourar \u00e0 primeira dificuldade. Pense: diante do sofrimento moral, da perda de um ser amado, de um filho que se atormenta nos caminhos do mundo, de que valem as riquezas?  <\/p>\n<p>O mundo est\u00e1 cheio de ricos infelizes, que vivem em um mundo de sombras. E quando o cora\u00e7\u00e3o est\u00e1 cinzento, de nada adianta o sol brilhar em um dia dourado.  <\/p>\n<p>Assim, observe o que o faz realmente feliz.  <\/p>\n<p>Analise seu mundo \u00edntimo e d\u00ea prioridade para pessoas e situa\u00e7\u00f5es que lhe d\u00e3o alegria: uma visita aos pais idosos, um passeio com a fam\u00edl   ia, uma tarde em companhia de amigos queridos.  <\/p>\n<p>\u00c9 assim que sua vida se encher\u00e1 de luz.  <\/p>\n<p>*   *   *  <\/p>\n<p>A sombra \u00e9 geratriz de equ\u00edvocos como o erro \u00e9 matriz de tormentos \u00edntimos naquele que o pratica.  <\/p>\n<p>Afugenta as sombras que tingem de escuridade as tuas esperan\u00e7as.  <\/p>\n<p>Acende no teu caminho a tua l\u00e2mpada clarificadora, iluminando a rota dos teus p\u00e9s.  <\/p>\n<p>Reda\u00e7\u00e3o do Momento Esp\u00edrita, com pensamento do  <br \/>verbete Sombra, do livro Reposit\u00f3rio de sabedoria, v. 2,  <br \/>pelo Esp\u00edrito Joanna de \u00c2ngelis, psicografia de Divaldo Pereira Franco,  <br \/>ed. LEAL.  <br \/>Em 21.6.2014.<\/p>\n<div class=\"pvc_clear\"><\/div>\n<p id=\"pvc_stats_844\" class=\"pvc_stats all  \" data-element-id=\"844\" style=\"\"><i class=\"pvc-stats-icon medium\" aria-hidden=\"true\"><svg aria-hidden=\"true\" focusable=\"false\" data-prefix=\"far\" data-icon=\"chart-bar\" role=\"img\" xmlns=\"http:\/\/www.w3.org\/2000\/svg\" viewBox=\"0 0 512 512\" class=\"svg-inline--fa fa-chart-bar fa-w-16 fa-2x\"><path fill=\"currentColor\" d=\"M396.8 352h22.4c6.4 0 12.8-6.4 12.8-12.8V108.8c0-6.4-6.4-12.8-12.8-12.8h-22.4c-6.4 0-12.8 6.4-12.8 12.8v230.4c0 6.4 6.4 12.8 12.8 12.8zm-192 0h22.4c6.4 0 12.8-6.4 12.8-12.8V140.8c0-6.4-6.4-12.8-12.8-12.8h-22.4c-6.4 0-12.8 6.4-12.8 12.8v198.4c0 6.4 6.4 12.8 12.8 12.8zm96 0h22.4c6.4 0 12.8-6.4 12.8-12.8V204.8c0-6.4-6.4-12.8-12.8-12.8h-22.4c-6.4 0-12.8 6.4-12.8 12.8v134.4c0 6.4 6.4 12.8 12.8 12.8zM496 400H48V80c0-8.84-7.16-16-16-16H16C7.16 64 0 71.16 0 80v336c0 17.67 14.33 32 32 32h464c8.84 0 16-7.16 16-16v-16c0-8.84-7.16-16-16-16zm-387.2-48h22.4c6.4 0 12.8-6.4 12.8-12.8v-70.4c0-6.4-6.4-12.8-12.8-12.8h-22.4c-6.4 0-12.8 6.4-12.8 12.8v70.4c0 6.4 6.4 12.8 12.8 12.8z\" class=\"\"><\/path><\/svg><\/i> <img decoding=\"async\" width=\"16\" height=\"16\" alt=\"Loading\" data-src=\"https:\/\/www.centronocaminhodaluz.com.br\/wp-content\/plugins\/page-views-count\/ajax-loader-2x.gif\" border=0 src=\"data:image\/svg+xml;base64,PHN2ZyB3aWR0aD0iMSIgaGVpZ2h0PSIxIiB4bWxucz0iaHR0cDovL3d3dy53My5vcmcvMjAwMC9zdmciPjwvc3ZnPg==\" class=\"lazyload\" style=\"--smush-placeholder-width: 16px; --smush-placeholder-aspect-ratio: 16\/16;\" \/><\/p>\n<div class=\"pvc_clear\"><\/div>\n","protected":false},"excerpt":{"rendered":"<p>&nbsp;&nbsp;&nbsp;&nbsp;&nbsp; Todo ser humano traz dentro de si uma luz maior que a das estrelas. Um universo inteiro de amor vive latente dentro de cada um de n\u00f3s. Quando esteve entre n\u00f3s, aqui na Terra, Jesus nos fez um doce convite: Brilhe a vossa luz! E disse ainda mais: declarou que todos os seres humanos&hellip; <br \/> <a class=\"read-more\" href=\"https:\/\/www.centronocaminhodaluz.com.br\/index.php\/artigo844\/\">Leia mais<\/a><\/p>\n<div class=\"pvc_clear\"><\/div>\n<p id=\"pvc_stats_844\" class=\"pvc_stats all  \" data-element-id=\"844\" style=\"\"><i class=\"pvc-stats-icon medium\" aria-hidden=\"true\"><svg aria-hidden=\"true\" focusable=\"false\" data-prefix=\"far\" data-icon=\"chart-bar\" role=\"img\" xmlns=\"http:\/\/www.w3.org\/2000\/svg\" viewBox=\"0 0 512 512\" class=\"svg-inline--fa fa-chart-bar fa-w-16 fa-2x\"><path fill=\"currentColor\" d=\"M396.8 352h22.4c6.4 0 12.8-6.4 12.8-12.8V108.8c0-6.4-6.4-12.8-12.8-12.8h-22.4c-6.4 0-12.8 6.4-12.8 12.8v230.4c0 6.4 6.4 12.8 12.8 12.8zm-192 0h22.4c6.4 0 12.8-6.4 12.8-12.8V140.8c0-6.4-6.4-12.8-12.8-12.8h-22.4c-6.4 0-12.8 6.4-12.8 12.8v198.4c0 6.4 6.4 12.8 12.8 12.8zm96 0h22.4c6.4 0 12.8-6.4 12.8-12.8V204.8c0-6.4-6.4-12.8-12.8-12.8h-22.4c-6.4 0-12.8 6.4-12.8 12.8v134.4c0 6.4 6.4 12.8 12.8 12.8zM496 400H48V80c0-8.84-7.16-16-16-16H16C7.16 64 0 71.16 0 80v336c0 17.67 14.33 32 32 32h464c8.84 0 16-7.16 16-16v-16c0-8.84-7.16-16-16-16zm-387.2-48h22.4c6.4 0 12.8-6.4 12.8-12.8v-70.4c0-6.4-6.4-12.8-12.8-12.8h-22.4c-6.4 0-12.8 6.4-12.8 12.8v70.4c0 6.4 6.4 12.8 12.8 12.8z\" class=\"\"><\/path><\/svg><\/i> <img decoding=\"async\" width=\"16\" height=\"16\" alt=\"Loading\" data-src=\"https:\/\/www.centronocaminhodaluz.com.br\/wp-content\/plugins\/page-views-count\/ajax-loader-2x.gif\" border=0 src=\"data:image\/svg+xml;base64,PHN2ZyB3aWR0aD0iMSIgaGVpZ2h0PSIxIiB4bWxucz0iaHR0cDovL3d3dy53My5vcmcvMjAwMC9zdmciPjwvc3ZnPg==\" class=\"lazyload\" style=\"--smush-placeholder-width: 16px; --smush-placeholder-aspect-ratio: 16\/16;\" \/><\/p>\n<div class=\"pvc_clear\"><\/div>\n","protected":false},"author":1,"featured_media":0,"comment_status":"Closed","ping_status":"open","sticky":false,"template":"","format":"standard","meta":{"footnotes":""},"categories":[6],"tags":[],"class_list":["post-844","post","type-post","status-publish","format-standard","hentry","category-joanna-de-angelis"],"a3_pvc":{"activated":true,"total_views":1297,"today_views":0},"_links":{"self":[{"href":"https:\/\/www.centronocaminhodaluz.com.br\/index.php\/wp-json\/wp\/v2\/posts\/844","targetHints":{"allow":["GET"]}}],"collection":[{"href":"https:\/\/www.centronocaminhodaluz.com.br\/index.php\/wp-json\/wp\/v2\/posts"}],"about":[{"href":"https:\/\/www.centronocaminhodaluz.com.br\/index.php\/wp-json\/wp\/v2\/types\/post"}],"author":[{"embeddable":true,"href":"https:\/\/www.centronocaminhodaluz.com.br\/index.php\/wp-json\/wp\/v2\/users\/1"}],"replies":[{"embeddable":true,"href":"https:\/\/www.centronocaminhodaluz.com.br\/index.php\/wp-json\/wp\/v2\/comments?post=844"}],"version-history":[{"count":0,"href":"https:\/\/www.centronocaminhodaluz.com.br\/index.php\/wp-json\/wp\/v2\/posts\/844\/revisions"}],"wp:attachment":[{"href":"https:\/\/www.centronocaminhodaluz.com.br\/index.php\/wp-json\/wp\/v2\/media?parent=844"}],"wp:term":[{"taxonomy":"category","embeddable":true,"href":"https:\/\/www.centronocaminhodaluz.com.br\/index.php\/wp-json\/wp\/v2\/categories?post=844"},{"taxonomy":"post_tag","embeddable":true,"href":"https:\/\/www.centronocaminhodaluz.com.br\/index.php\/wp-json\/wp\/v2\/tags?post=844"}],"curies":[{"name":"wp","href":"https:\/\/api.w.org\/{rel}","templated":true}]}}