{"id":846,"date":"2014-06-23T12:03:00","date_gmt":"2014-06-23T12:03:00","guid":{"rendered":"http:\/\/www.centronocaminhodaluz.com.br\/index.php\/2014\/06\/23\/a-verdade-dos-outros\/"},"modified":"2014-06-23T12:03:00","modified_gmt":"2014-06-23T12:03:00","slug":"artigo846","status":"publish","type":"post","link":"https:\/\/www.centronocaminhodaluz.com.br\/index.php\/artigo846\/","title":{"rendered":"A verdade dos outros"},"content":{"rendered":"<p><a name=more><\/a>&nbsp;&nbsp;&nbsp;&nbsp;&nbsp;<a href=http:\/\/cecal.centronocaminhodaluz.com.br\/bloguer\/pdf.asp?site=cecal&amp; target=_blank><img src=http:\/\/cecal.centronocaminhodaluz.com.br\/bloguer\/pdf_button.png \/><\/a>     <br \/>No primeiro dia de aula, o professor trouxe um vidro enorme:  <\/p>\n<p>Isto est\u00e1 cheio de perfume. &#8211; Disse aos alunos.  <\/p>\n<p>Quero medir a percep\u00e7\u00e3o de cada um de voc\u00eas. Na medida em que sintam o cheiro, levantem a m\u00e3o.  <\/p>\n<p>E abriu o frasco. Num instante, havia duas m\u00e3os levantadas. E logo cinco, dez, trinta, todas as m\u00e3os levantadas.  <\/p>\n<p>Posso abrir a janela, professor? &#8211; Suplicou uma aluna, enjoada de tanto perfume. Outras vozes fizeram eco.  <\/p>\n<p>O forte aroma, que pesava no ar, tinha se tornado insuport\u00e1vel para todos.  <\/p>\n<p>Ent\u00e3o, o professor mostrou o frasco aos alunos, um por um: estava cheio de \u00e1gua. Eles n\u00e3o podiam acreditar no que acabara de acontecer&#8230;  <\/p>\n<p>*   *      *  <\/p>\n<p>At\u00e9 quando vamos comprar verdades com tanta facilidade assim?  <\/p>\n<p>Isso j\u00e1 nos levou a tantos desastres&#8230;  <\/p>\n<p>Ao inv\u00e9s de encontrar as nossas pr\u00f3prias verdades, o nosso pr\u00f3prio entendimento a respeito das coisas, preferimos, por ignor\u00e2ncia ou comodismo, acreditar nas verdades dos outros.  <\/p>\n<p>Dessa forma, tornamo-nos uma massa facilmente sugestion\u00e1vel, manipul\u00e1vel, facilmente fascin\u00e1vel por essa ou aquela ideia, por mais absurda que possa ser.  <\/p>\n<p>Divulgamos boatos apenas por ouvir dizer e condenamos pessoas, ap\u00f3s ter escutado apenas um lado, destruindo vidas inconsequentemente, pelo descuido com o verbo.  <\/p>\n<p>Desenvolvemos um prazer tolo pela fofoca que, em muitos casos, se torna um v\u00edcio deveras perigoso, para quem a divulga e para quem \u00e9 alvo dos coment\u00e1rios jocosos.  <\/p>\n<p>Somos capazes de construir nossas pr\u00f3prias verdades, nosso pr\u00f3prio entendimento sobre as coisas da Terra e do c\u00e9u.  <\/p>\n<p>Mesmo no campo religioso precisamos apr   ender a associar a f\u00e9 \u00e0 raz\u00e3o, para que ela n\u00e3o seja constru\u00edda em bases fr\u00e1geis &#8211; a f\u00e9 cega.  <\/p>\n<p>F\u00e9 raciocinada \u00e9 sin\u00f4nimo de seguran\u00e7a. Somente crer depois que compreendermos, depois que fizer sentido dentro de n\u00f3s, e n\u00e3o porque Fulano ou Beltrano falou, ou porque est\u00e1 escrito aqui ou ali.  <\/p>\n<p>Quando ouvimos falar sobre fundamentalismo religioso nos assustamos, mas, muitas vezes, esse tipo de pr\u00e1tica est\u00e1 mais pr\u00f3xima do que imaginamos e, em outras esferas de nossa vida, quando fazemos as coisas sem refletir sobre elas, apenas porque sempre foi assim.  <\/p>\n<p>Por isso, prestemos muita aten\u00e7\u00e3o em nossas exist\u00eancias, se n\u00e3o estamos comprando verdades prontas dos outros, sem que elas fa\u00e7am sentido em n\u00f3s.  <\/p>\n<p>Se n\u00e3o estamos acreditando nisso ou naquilo apenas por dizer, ou apenas por acreditar, por ser c\u00f4modo, ou por n\u00e3o ter nada melhor para crer.  <\/p>\n<p>N\u00e3o podemos mais agir como uma massa sem c\u00e9rebro, que \u00e9 facilmente seduzida por novidades, por ideias esd   r\u00faxulas ou por promessas fant\u00e1sticas.  <\/p>\n<p>Se desejamos mudar nossos l\u00edderes, mudemos a n\u00f3s mesmos primeiro e nos tornemos capazes de escolher melhor os que nos representam nessa ou naquela posi\u00e7\u00e3o.  <\/p>\n<p>Finalmente, tenhamos cuidado com nosso verbo, para que nossa verdade n\u00e3o seja tamb\u00e9m imposta ao outro com viol\u00eancia. Todos t\u00eam o direito de pensar, de escolher, de raciocinar.  <\/p>\n<p>Cada um tem o direito e o dever de ter a sua verdade. Respeitemo-nos. Respeitemos a verdade de cada um.  <\/p>\n<p>Reda\u00e7\u00e3o do Momento Esp\u00edrita, com base no cap.  <br \/>Celebra\u00e7\u00e3o da desconfian\u00e7a, de O livro dos abra\u00e7os,  <br \/>de Eduardo Gaelano, ed. LPM.  <br \/>Em 23.6.2014.<\/p>\n<div class=\"pvc_clear\"><\/div>\n<p id=\"pvc_stats_846\" class=\"pvc_stats all  \" data-element-id=\"846\" style=\"\"><i class=\"pvc-stats-icon medium\" aria-hidden=\"true\"><svg aria-hidden=\"true\" focusable=\"false\" data-prefix=\"far\" data-icon=\"chart-bar\" role=\"img\" xmlns=\"http:\/\/www.w3.org\/2000\/svg\" viewBox=\"0 0 512 512\" class=\"svg-inline--fa fa-chart-bar fa-w-16 fa-2x\"><path fill=\"currentColor\" d=\"M396.8 352h22.4c6.4 0 12.8-6.4 12.8-12.8V108.8c0-6.4-6.4-12.8-12.8-12.8h-22.4c-6.4 0-12.8 6.4-12.8 12.8v230.4c0 6.4 6.4 12.8 12.8 12.8zm-192 0h22.4c6.4 0 12.8-6.4 12.8-12.8V140.8c0-6.4-6.4-12.8-12.8-12.8h-22.4c-6.4 0-12.8 6.4-12.8 12.8v198.4c0 6.4 6.4 12.8 12.8 12.8zm96 0h22.4c6.4 0 12.8-6.4 12.8-12.8V204.8c0-6.4-6.4-12.8-12.8-12.8h-22.4c-6.4 0-12.8 6.4-12.8 12.8v134.4c0 6.4 6.4 12.8 12.8 12.8zM496 400H48V80c0-8.84-7.16-16-16-16H16C7.16 64 0 71.16 0 80v336c0 17.67 14.33 32 32 32h464c8.84 0 16-7.16 16-16v-16c0-8.84-7.16-16-16-16zm-387.2-48h22.4c6.4 0 12.8-6.4 12.8-12.8v-70.4c0-6.4-6.4-12.8-12.8-12.8h-22.4c-6.4 0-12.8 6.4-12.8 12.8v70.4c0 6.4 6.4 12.8 12.8 12.8z\" class=\"\"><\/path><\/svg><\/i> <img decoding=\"async\" width=\"16\" height=\"16\" alt=\"Loading\" data-src=\"https:\/\/www.centronocaminhodaluz.com.br\/wp-content\/plugins\/page-views-count\/ajax-loader-2x.gif\" border=0 src=\"data:image\/svg+xml;base64,PHN2ZyB3aWR0aD0iMSIgaGVpZ2h0PSIxIiB4bWxucz0iaHR0cDovL3d3dy53My5vcmcvMjAwMC9zdmciPjwvc3ZnPg==\" class=\"lazyload\" style=\"--smush-placeholder-width: 16px; --smush-placeholder-aspect-ratio: 16\/16;\" \/><\/p>\n<div class=\"pvc_clear\"><\/div>\n","protected":false},"excerpt":{"rendered":"<p>&nbsp;&nbsp;&nbsp;&nbsp;&nbsp; No primeiro dia de aula, o professor trouxe um vidro enorme: Isto est\u00e1 cheio de perfume. &#8211; Disse aos alunos. Quero medir a percep\u00e7\u00e3o de cada um de voc\u00eas. Na medida em que sintam o cheiro, levantem a m\u00e3o. E abriu o frasco. Num instante, havia duas m\u00e3os levantadas. E logo cinco, dez, trinta,&hellip; <br \/> <a class=\"read-more\" href=\"https:\/\/www.centronocaminhodaluz.com.br\/index.php\/artigo846\/\">Leia mais<\/a><\/p>\n<div class=\"pvc_clear\"><\/div>\n<p id=\"pvc_stats_846\" class=\"pvc_stats all  \" data-element-id=\"846\" style=\"\"><i class=\"pvc-stats-icon medium\" aria-hidden=\"true\"><svg aria-hidden=\"true\" focusable=\"false\" data-prefix=\"far\" data-icon=\"chart-bar\" role=\"img\" xmlns=\"http:\/\/www.w3.org\/2000\/svg\" viewBox=\"0 0 512 512\" class=\"svg-inline--fa fa-chart-bar fa-w-16 fa-2x\"><path fill=\"currentColor\" d=\"M396.8 352h22.4c6.4 0 12.8-6.4 12.8-12.8V108.8c0-6.4-6.4-12.8-12.8-12.8h-22.4c-6.4 0-12.8 6.4-12.8 12.8v230.4c0 6.4 6.4 12.8 12.8 12.8zm-192 0h22.4c6.4 0 12.8-6.4 12.8-12.8V140.8c0-6.4-6.4-12.8-12.8-12.8h-22.4c-6.4 0-12.8 6.4-12.8 12.8v198.4c0 6.4 6.4 12.8 12.8 12.8zm96 0h22.4c6.4 0 12.8-6.4 12.8-12.8V204.8c0-6.4-6.4-12.8-12.8-12.8h-22.4c-6.4 0-12.8 6.4-12.8 12.8v134.4c0 6.4 6.4 12.8 12.8 12.8zM496 400H48V80c0-8.84-7.16-16-16-16H16C7.16 64 0 71.16 0 80v336c0 17.67 14.33 32 32 32h464c8.84 0 16-7.16 16-16v-16c0-8.84-7.16-16-16-16zm-387.2-48h22.4c6.4 0 12.8-6.4 12.8-12.8v-70.4c0-6.4-6.4-12.8-12.8-12.8h-22.4c-6.4 0-12.8 6.4-12.8 12.8v70.4c0 6.4 6.4 12.8 12.8 12.8z\" class=\"\"><\/path><\/svg><\/i> <img decoding=\"async\" width=\"16\" height=\"16\" alt=\"Loading\" data-src=\"https:\/\/www.centronocaminhodaluz.com.br\/wp-content\/plugins\/page-views-count\/ajax-loader-2x.gif\" border=0 src=\"data:image\/svg+xml;base64,PHN2ZyB3aWR0aD0iMSIgaGVpZ2h0PSIxIiB4bWxucz0iaHR0cDovL3d3dy53My5vcmcvMjAwMC9zdmciPjwvc3ZnPg==\" class=\"lazyload\" style=\"--smush-placeholder-width: 16px; --smush-placeholder-aspect-ratio: 16\/16;\" \/><\/p>\n<div class=\"pvc_clear\"><\/div>\n","protected":false},"author":1,"featured_media":0,"comment_status":"Closed","ping_status":"open","sticky":false,"template":"","format":"standard","meta":{"footnotes":""},"categories":[16],"tags":[],"class_list":["post-846","post","type-post","status-publish","format-standard","hentry","category-mensagens-diversas"],"a3_pvc":{"activated":true,"total_views":2310,"today_views":0},"_links":{"self":[{"href":"https:\/\/www.centronocaminhodaluz.com.br\/index.php\/wp-json\/wp\/v2\/posts\/846","targetHints":{"allow":["GET"]}}],"collection":[{"href":"https:\/\/www.centronocaminhodaluz.com.br\/index.php\/wp-json\/wp\/v2\/posts"}],"about":[{"href":"https:\/\/www.centronocaminhodaluz.com.br\/index.php\/wp-json\/wp\/v2\/types\/post"}],"author":[{"embeddable":true,"href":"https:\/\/www.centronocaminhodaluz.com.br\/index.php\/wp-json\/wp\/v2\/users\/1"}],"replies":[{"embeddable":true,"href":"https:\/\/www.centronocaminhodaluz.com.br\/index.php\/wp-json\/wp\/v2\/comments?post=846"}],"version-history":[{"count":0,"href":"https:\/\/www.centronocaminhodaluz.com.br\/index.php\/wp-json\/wp\/v2\/posts\/846\/revisions"}],"wp:attachment":[{"href":"https:\/\/www.centronocaminhodaluz.com.br\/index.php\/wp-json\/wp\/v2\/media?parent=846"}],"wp:term":[{"taxonomy":"category","embeddable":true,"href":"https:\/\/www.centronocaminhodaluz.com.br\/index.php\/wp-json\/wp\/v2\/categories?post=846"},{"taxonomy":"post_tag","embeddable":true,"href":"https:\/\/www.centronocaminhodaluz.com.br\/index.php\/wp-json\/wp\/v2\/tags?post=846"}],"curies":[{"name":"wp","href":"https:\/\/api.w.org\/{rel}","templated":true}]}}