{"id":847,"date":"2014-06-23T12:02:00","date_gmt":"2014-06-23T12:02:00","guid":{"rendered":"http:\/\/www.centronocaminhodaluz.com.br\/index.php\/2014\/06\/23\/narcisos-contemporaneos\/"},"modified":"2014-06-23T12:02:00","modified_gmt":"2014-06-23T12:02:00","slug":"artigo847","status":"publish","type":"post","link":"https:\/\/www.centronocaminhodaluz.com.br\/index.php\/artigo847\/","title":{"rendered":"Narcisos contempor\u00e2neos"},"content":{"rendered":"<p><a name=more><\/a>&nbsp;&nbsp;&nbsp;&nbsp;&nbsp;<a href=http:\/\/cecal.centronocaminhodaluz.com.br\/bloguer\/pdf.asp?site=cecal&amp; target=_blank><img src=http:\/\/cecal.centronocaminhodaluz.com.br\/bloguer\/pdf_button.png \/><\/a>  Na mitologia grega, Narciso era um jovem bonito e vaidoso.  <\/p>\n<p>Um dia, Narciso curvou-se para beber \u00e1gua em uma fonte e, vendo sua pr\u00f3pria face refletida na \u00e1gua, enamorou-se dela.  <\/p>\n<p>A lenda nos conta que ele foi definhando, dia ap\u00f3s dia, sem se alimentar, sem descansar, encantado pelo reflexo de sua pr\u00f3pria imagem na superf\u00edcie da \u00e1gua, at\u00e9 morrer.  <\/p>\n<p>Foi Sigmund Freud que acrescentou o termo narcisismo ao vocabul\u00e1rio da psicologia para designar amor \u00e0 pr\u00f3pria imagem.  <\/p>\n<p>O termo contemplava tamb\u00e9m a etapa do desenvolvimento na qual a crian\u00e7a faz do pr\u00f3prio eu o objeto principal de seu amor.  <\/p>\n<p>Segundo o Manual Americano de Diagn\u00f3stico de Dist\u00farbios Mentais, narcisistas    s\u00e3o indiv\u00edduos arrogantes e convencidos, que t\u00eam fantasias magn\u00edficas sobre si mesmos.  <\/p>\n<p>Eles superestimam seu sucesso, precisam ser constantemente admirados e sempre esperam tratamento preferencial.  <\/p>\n<p>Os narcisistas est\u00e3o convencidos de que merecem mais do que recebem. Preocupam-se em ter boa apar\u00eancia e manter-se jovens.  <\/p>\n<p>N\u00e3o s\u00e3o sens\u00edveis \u00e0s necessidades e aos problemas dos outros.  <\/p>\n<p>Com pouca toler\u00e2ncia para cr\u00edtica, frequentemente reagem com f\u00faria a ofensas reais ou imagin\u00e1rias.  <\/p>\n<p>Em suma, os narcisistas focalizam a si mesmos, fascinados com sua personalidade e seu corpo. Com um individualismo atroz que carece de valores morais e sociais e se desinteressa por qualquer quest\u00e3o transcendental.  <\/p>\n<p>Percebe-se que o dist\u00farbio em quest\u00e3o \u00e9 bastante s\u00e9rio, e comum de se encontrar nos dias de hoje.  <\/p>\n<p>Vivemos dias em que cultuamos o narcisismo, seja na esfera individual, coletiva e das grandes m\u00eddias.  <\/p>\n<p>Muitos valores do mu   ndo contempor\u00e2neo n\u00e3o passam de consequ\u00eancias de um narcisismo disfar\u00e7ado de bem-estar, de sa\u00fade, de prazer.  <\/p>\n<p>Dessa forma, faz-se urgente uma revis\u00e3o em todos os valores que temos, em todas as coisas a que damos import\u00e2ncia e em que aplicamos nossas energias.  <\/p>\n<p>nas adolescentes anor\u00e9xicas; no exibicionismo de corpos esculturais na televis\u00e3o; nas cirurgias pl\u00e1sticas excessivas; nos expectadores que compram quaisquer novas ideias impostas pelas m\u00eddias, percebemos o narcisismo reinante.  <\/p>\n<p>Talvez seja necess\u00e1rio relembrar as consequ\u00eancias do comportamento de Narciso.  <\/p>\n<p>Iludidos pela imagem do corpo, pela superficialidade dos valores do mundo, n\u00e3o s\u00f3 o corpo, mas sobretudo a alma acaba definhando, perdendo-se num mar de ilus\u00f5es passageiras.  <\/p>\n<p>*   *   *  <\/p>\n<p>Ainda h\u00e1 tempo de perceber que a imagem do espelho n\u00e3o representa quem somos. N\u00e3o \u00e9 nossa ess\u00eancia, e sim apenas uma vestimenta tempor\u00e1ria.  <\/p>\n<p>O verdadeiro eu \u00e9 a alma imortal, a a   lma que aprende, que luta, que se desenvolve.  <\/p>\n<p>A verdadeira beleza est\u00e1 no Esp\u00edrito que se liberta das amarras do materialismo preponderante.  <\/p>\n<p>O ser realmente belo ser\u00e1 aquele que se entregue, n\u00e3o \u00e0 imagem refletida numa superf\u00edcie refletora, mas se doe profundamente, por amor, aos outros.  <\/p>\n<p>Reda\u00e7\u00e3o do Momento Esp\u00edrita, com base em  <br \/>artigo de M\u00e1rio Pereyra, dispon\u00edvel no site  <br \/>http:\/\/dialogue.adventist.org\/articles\/10_1_pereyra_p.htm.  <br \/>Em 20.6.2014.<\/p>\n<div class=\"pvc_clear\"><\/div>\n<p id=\"pvc_stats_847\" class=\"pvc_stats all  \" data-element-id=\"847\" style=\"\"><i class=\"pvc-stats-icon medium\" aria-hidden=\"true\"><svg aria-hidden=\"true\" focusable=\"false\" data-prefix=\"far\" data-icon=\"chart-bar\" role=\"img\" xmlns=\"http:\/\/www.w3.org\/2000\/svg\" viewBox=\"0 0 512 512\" class=\"svg-inline--fa fa-chart-bar fa-w-16 fa-2x\"><path fill=\"currentColor\" d=\"M396.8 352h22.4c6.4 0 12.8-6.4 12.8-12.8V108.8c0-6.4-6.4-12.8-12.8-12.8h-22.4c-6.4 0-12.8 6.4-12.8 12.8v230.4c0 6.4 6.4 12.8 12.8 12.8zm-192 0h22.4c6.4 0 12.8-6.4 12.8-12.8V140.8c0-6.4-6.4-12.8-12.8-12.8h-22.4c-6.4 0-12.8 6.4-12.8 12.8v198.4c0 6.4 6.4 12.8 12.8 12.8zm96 0h22.4c6.4 0 12.8-6.4 12.8-12.8V204.8c0-6.4-6.4-12.8-12.8-12.8h-22.4c-6.4 0-12.8 6.4-12.8 12.8v134.4c0 6.4 6.4 12.8 12.8 12.8zM496 400H48V80c0-8.84-7.16-16-16-16H16C7.16 64 0 71.16 0 80v336c0 17.67 14.33 32 32 32h464c8.84 0 16-7.16 16-16v-16c0-8.84-7.16-16-16-16zm-387.2-48h22.4c6.4 0 12.8-6.4 12.8-12.8v-70.4c0-6.4-6.4-12.8-12.8-12.8h-22.4c-6.4 0-12.8 6.4-12.8 12.8v70.4c0 6.4 6.4 12.8 12.8 12.8z\" class=\"\"><\/path><\/svg><\/i> <img decoding=\"async\" width=\"16\" height=\"16\" alt=\"Loading\" data-src=\"https:\/\/www.centronocaminhodaluz.com.br\/wp-content\/plugins\/page-views-count\/ajax-loader-2x.gif\" border=0 src=\"data:image\/svg+xml;base64,PHN2ZyB3aWR0aD0iMSIgaGVpZ2h0PSIxIiB4bWxucz0iaHR0cDovL3d3dy53My5vcmcvMjAwMC9zdmciPjwvc3ZnPg==\" class=\"lazyload\" style=\"--smush-placeholder-width: 16px; --smush-placeholder-aspect-ratio: 16\/16;\" \/><\/p>\n<div class=\"pvc_clear\"><\/div>\n","protected":false},"excerpt":{"rendered":"<p>&nbsp;&nbsp;&nbsp;&nbsp;&nbsp; Na mitologia grega, Narciso era um jovem bonito e vaidoso. Um dia, Narciso curvou-se para beber \u00e1gua em uma fonte e, vendo sua pr\u00f3pria face refletida na \u00e1gua, enamorou-se dela. A lenda nos conta que ele foi definhando, dia ap\u00f3s dia, sem se alimentar, sem descansar, encantado pelo reflexo de sua pr\u00f3pria imagem na&hellip; <br \/> <a class=\"read-more\" href=\"https:\/\/www.centronocaminhodaluz.com.br\/index.php\/artigo847\/\">Leia mais<\/a><\/p>\n<div class=\"pvc_clear\"><\/div>\n<p id=\"pvc_stats_847\" class=\"pvc_stats all  \" data-element-id=\"847\" style=\"\"><i class=\"pvc-stats-icon medium\" aria-hidden=\"true\"><svg aria-hidden=\"true\" focusable=\"false\" data-prefix=\"far\" data-icon=\"chart-bar\" role=\"img\" xmlns=\"http:\/\/www.w3.org\/2000\/svg\" viewBox=\"0 0 512 512\" class=\"svg-inline--fa fa-chart-bar fa-w-16 fa-2x\"><path fill=\"currentColor\" d=\"M396.8 352h22.4c6.4 0 12.8-6.4 12.8-12.8V108.8c0-6.4-6.4-12.8-12.8-12.8h-22.4c-6.4 0-12.8 6.4-12.8 12.8v230.4c0 6.4 6.4 12.8 12.8 12.8zm-192 0h22.4c6.4 0 12.8-6.4 12.8-12.8V140.8c0-6.4-6.4-12.8-12.8-12.8h-22.4c-6.4 0-12.8 6.4-12.8 12.8v198.4c0 6.4 6.4 12.8 12.8 12.8zm96 0h22.4c6.4 0 12.8-6.4 12.8-12.8V204.8c0-6.4-6.4-12.8-12.8-12.8h-22.4c-6.4 0-12.8 6.4-12.8 12.8v134.4c0 6.4 6.4 12.8 12.8 12.8zM496 400H48V80c0-8.84-7.16-16-16-16H16C7.16 64 0 71.16 0 80v336c0 17.67 14.33 32 32 32h464c8.84 0 16-7.16 16-16v-16c0-8.84-7.16-16-16-16zm-387.2-48h22.4c6.4 0 12.8-6.4 12.8-12.8v-70.4c0-6.4-6.4-12.8-12.8-12.8h-22.4c-6.4 0-12.8 6.4-12.8 12.8v70.4c0 6.4 6.4 12.8 12.8 12.8z\" class=\"\"><\/path><\/svg><\/i> <img decoding=\"async\" width=\"16\" height=\"16\" alt=\"Loading\" data-src=\"https:\/\/www.centronocaminhodaluz.com.br\/wp-content\/plugins\/page-views-count\/ajax-loader-2x.gif\" border=0 src=\"data:image\/svg+xml;base64,PHN2ZyB3aWR0aD0iMSIgaGVpZ2h0PSIxIiB4bWxucz0iaHR0cDovL3d3dy53My5vcmcvMjAwMC9zdmciPjwvc3ZnPg==\" class=\"lazyload\" style=\"--smush-placeholder-width: 16px; --smush-placeholder-aspect-ratio: 16\/16;\" \/><\/p>\n<div class=\"pvc_clear\"><\/div>\n","protected":false},"author":1,"featured_media":0,"comment_status":"Closed","ping_status":"open","sticky":false,"template":"","format":"standard","meta":{"footnotes":""},"categories":[16],"tags":[],"class_list":["post-847","post","type-post","status-publish","format-standard","hentry","category-mensagens-diversas"],"a3_pvc":{"activated":true,"total_views":2093,"today_views":0},"_links":{"self":[{"href":"https:\/\/www.centronocaminhodaluz.com.br\/index.php\/wp-json\/wp\/v2\/posts\/847","targetHints":{"allow":["GET"]}}],"collection":[{"href":"https:\/\/www.centronocaminhodaluz.com.br\/index.php\/wp-json\/wp\/v2\/posts"}],"about":[{"href":"https:\/\/www.centronocaminhodaluz.com.br\/index.php\/wp-json\/wp\/v2\/types\/post"}],"author":[{"embeddable":true,"href":"https:\/\/www.centronocaminhodaluz.com.br\/index.php\/wp-json\/wp\/v2\/users\/1"}],"replies":[{"embeddable":true,"href":"https:\/\/www.centronocaminhodaluz.com.br\/index.php\/wp-json\/wp\/v2\/comments?post=847"}],"version-history":[{"count":0,"href":"https:\/\/www.centronocaminhodaluz.com.br\/index.php\/wp-json\/wp\/v2\/posts\/847\/revisions"}],"wp:attachment":[{"href":"https:\/\/www.centronocaminhodaluz.com.br\/index.php\/wp-json\/wp\/v2\/media?parent=847"}],"wp:term":[{"taxonomy":"category","embeddable":true,"href":"https:\/\/www.centronocaminhodaluz.com.br\/index.php\/wp-json\/wp\/v2\/categories?post=847"},{"taxonomy":"post_tag","embeddable":true,"href":"https:\/\/www.centronocaminhodaluz.com.br\/index.php\/wp-json\/wp\/v2\/tags?post=847"}],"curies":[{"name":"wp","href":"https:\/\/api.w.org\/{rel}","templated":true}]}}