{"id":878,"date":"2014-06-02T20:38:00","date_gmt":"2014-06-02T20:38:00","guid":{"rendered":"http:\/\/www.centronocaminhodaluz.com.br\/index.php\/2014\/06\/02\/cuidando-das-pequenas-coisas\/"},"modified":"2014-06-02T20:38:00","modified_gmt":"2014-06-02T20:38:00","slug":"artigo878","status":"publish","type":"post","link":"https:\/\/www.centronocaminhodaluz.com.br\/index.php\/artigo878\/","title":{"rendered":"Cuidando das pequenas coisas"},"content":{"rendered":"<p><a name=more><\/a>&nbsp;&nbsp;&nbsp;&nbsp;&nbsp;<a href=http:\/\/cecal.centronocaminhodaluz.com.br\/bloguer\/pdf.asp?site=cecal&amp; target=_blank><img src=http:\/\/cecal.centronocaminhodaluz.com.br\/bloguer\/pdf_button.png \/><\/a>  Ela foi, sem d\u00favida, uma das mulheres mais not\u00e1veis que o mundo j\u00e1 conheceu.  <\/p>\n<p>Nasceu normal mas, aos dezoito meses, teve uma febre infecciosa, provavelmente escarlatina e ficou cega, surda e muda.  <\/p>\n<p>No entanto, gra\u00e7as a uma professora, Anne Sullivan, ela se tornou escritora, fil\u00f3sofa, conferencista.  <\/p>\n<p>Anne apareceu na vida de Helen Keller quando Helen tinha seis anos.  <\/p>\n<p>Ensinou-lhe o alfabeto dos mudos, que soletrava na m\u00e3o da menina. Ensinou-a ler e escrever em Braille.  <\/p>\n<p>Aos dez anos, Helen aprendeu a falar. Cursou a Universidade e formou-se em filosofia, com louvor.  <\/p>\n<p>Foi a primeira deficiente visual e auditiva a completar um curso universit\u00e1rio.  <b   r>  <br \/>Sua professora a acompanhou por cinquenta anos. Na Universidade, soletrava em sua m\u00e3o as palavras.  <\/p>\n<p>Aos vinte anos, Helen escreveu sua obra mais famosa, A hist\u00f3ria de minha vida, traduzida para cinquenta idiomas e para o Braille.  <\/p>\n<p>Dominou os idiomas franc\u00eas, latim e alem\u00e3o. Aos vinte e sete anos, fez sua primeira apari\u00e7\u00e3o em p\u00fablico, como oradora.  <\/p>\n<p>Dedicou-se \u00e0 defesa dos direitos de mulheres pobres e deficientes.  <\/p>\n<p>Nas confer\u00eancias, ela falava sobre a situa\u00e7\u00e3o dos cegos, surdos-mudos, chamando a isso um dos pequenos problemas da Humanidade. Havia outros mais graves.  <\/p>\n<p>Respondia a perguntas e fazia os ouvintes rirem, descontra\u00eddos, com seu senso de humor e suas respostas inesperadas.  <\/p>\n<p>Pois esta mulher excepcional, que fez viagens internacionais, proferindo confer\u00eancias em trinta e cinco pa\u00edses, tinha aten\u00e7\u00e3o para coisas pequenas.  <\/p>\n<p>Coisas que alguns de n\u00f3s, talvez, acreditemos que n\u00e3o t\u00eam muita import\u00e2ncia.  <\/p>\n<p>Quando sua professora se casou, levou Helen para morar com ela.  <\/p>\n<p>Por muitos anos, n\u00e3o tiveram criada alguma, por falta de recursos.  <\/p>\n<p>Helen aprendeu a fazer tudo o que podia, para ajudar a sua professora.  <\/p>\n<p>Enquanto Anne levava o marido de carro \u00e0 esta\u00e7\u00e3o, para que ele tomasse o trem para o seu trabalho, Helen tirava a mesa.  <\/p>\n<p>Depois, lavava a lou\u00e7a, arrumava os quartos.  <\/p>\n<p>Mesmo que montanhas de cartas, livros e artigos para escrever a aguardassem, a casa era a casa.  <\/p>\n<p>Algu\u00e9m tinha de fazer as camas, colher flores, catar lenha, p\u00f4r o moinho de vento a andar e par\u00e1-lo quando a caixa d\u00b4\u00e1gua estivesse cheia.  <\/p>\n<p>Enfim, tinha em mente essas coisas impercept\u00edveis que fazem a felicidade da fam\u00edlia.  <\/p>\n<p>Afirmava ela: Quem gosta de trabalhar sabe como \u00e9 agrad\u00e1vel a gente estar ajudando as pessoas a quem estimamos, nas tarefas di\u00e1rias de casa.  <\/p>\n<p>*   *   *  <\/p>\n<p>Quando tantos nos eximimos de tarefas simples, procurando de   staque; quando outros alegamos que n\u00e3o podemos perder tempo com coisas pequenas, Helen nos d\u00e1 o exemplo.  <\/p>\n<p>Ela era aplaudida, recebia condecora\u00e7\u00f5es, era homenageada, mas, era preciso ajudar nas tarefas do lar.  <\/p>\n<p>Com certeza, ela aprendera muito bem a li\u00e7\u00e3o evang\u00e9lica de que quem \u00e9 fiel nas coisas pequenas, o ser\u00e1 sempre nas coisas grandes.  <\/p>\n<p>E tudo fazia com alegria e prazer, afirmando: N\u00e3o pe\u00e7amos tarefas iguais \u00e0s nossas for\u00e7as. Mas for\u00e7as iguais \u00e0s nossas tarefas.  <\/p>\n<p>Voc\u00ea sabia?  <\/p>\n<p>Voc\u00ea sabia que o Lions Club Internacional declarou, em 1971, que o dia 1\u00ba de junho passaria a ser lembrado como o dia de Helen Keller?  <\/p>\n<p>E que, nesse dia, os le\u00f5es do mundo inteiro implementam projetos de servi\u00e7os relativos \u00e0 vis\u00e3o?  <\/p>\n<p>Tudo em nome de uma menina deficiente visual e auditiva, que cuidava das coisas simples com o mesmo carinho que dedicava \u00e0s grandes causas que defendia.  <\/p>\n<p>Reda\u00e7\u00e3o do Momento Esp   \u00edrita, com base na  <br \/>biografia de Helen Keller, publicada por The  <br \/>International Association of Lions Clubs.  <br \/>Em 2.6.2014.<\/p>\n<div class=\"pvc_clear\"><\/div>\n<p id=\"pvc_stats_878\" class=\"pvc_stats all  \" data-element-id=\"878\" style=\"\"><i class=\"pvc-stats-icon medium\" aria-hidden=\"true\"><svg aria-hidden=\"true\" focusable=\"false\" data-prefix=\"far\" data-icon=\"chart-bar\" role=\"img\" xmlns=\"http:\/\/www.w3.org\/2000\/svg\" viewBox=\"0 0 512 512\" class=\"svg-inline--fa fa-chart-bar fa-w-16 fa-2x\"><path fill=\"currentColor\" d=\"M396.8 352h22.4c6.4 0 12.8-6.4 12.8-12.8V108.8c0-6.4-6.4-12.8-12.8-12.8h-22.4c-6.4 0-12.8 6.4-12.8 12.8v230.4c0 6.4 6.4 12.8 12.8 12.8zm-192 0h22.4c6.4 0 12.8-6.4 12.8-12.8V140.8c0-6.4-6.4-12.8-12.8-12.8h-22.4c-6.4 0-12.8 6.4-12.8 12.8v198.4c0 6.4 6.4 12.8 12.8 12.8zm96 0h22.4c6.4 0 12.8-6.4 12.8-12.8V204.8c0-6.4-6.4-12.8-12.8-12.8h-22.4c-6.4 0-12.8 6.4-12.8 12.8v134.4c0 6.4 6.4 12.8 12.8 12.8zM496 400H48V80c0-8.84-7.16-16-16-16H16C7.16 64 0 71.16 0 80v336c0 17.67 14.33 32 32 32h464c8.84 0 16-7.16 16-16v-16c0-8.84-7.16-16-16-16zm-387.2-48h22.4c6.4 0 12.8-6.4 12.8-12.8v-70.4c0-6.4-6.4-12.8-12.8-12.8h-22.4c-6.4 0-12.8 6.4-12.8 12.8v70.4c0 6.4 6.4 12.8 12.8 12.8z\" class=\"\"><\/path><\/svg><\/i> <img decoding=\"async\" width=\"16\" height=\"16\" alt=\"Loading\" data-src=\"https:\/\/www.centronocaminhodaluz.com.br\/wp-content\/plugins\/page-views-count\/ajax-loader-2x.gif\" border=0 src=\"data:image\/svg+xml;base64,PHN2ZyB3aWR0aD0iMSIgaGVpZ2h0PSIxIiB4bWxucz0iaHR0cDovL3d3dy53My5vcmcvMjAwMC9zdmciPjwvc3ZnPg==\" class=\"lazyload\" style=\"--smush-placeholder-width: 16px; --smush-placeholder-aspect-ratio: 16\/16;\" \/><\/p>\n<div class=\"pvc_clear\"><\/div>\n","protected":false},"excerpt":{"rendered":"<p>&nbsp;&nbsp;&nbsp;&nbsp;&nbsp; Ela foi, sem d\u00favida, uma das mulheres mais not\u00e1veis que o mundo j\u00e1 conheceu. Nasceu normal mas, aos dezoito meses, teve uma febre infecciosa, provavelmente escarlatina e ficou cega, surda e muda. No entanto, gra\u00e7as a uma professora, Anne Sullivan, ela se tornou escritora, fil\u00f3sofa, conferencista. Anne apareceu na vida de Helen Keller quando&hellip; <br \/> <a class=\"read-more\" href=\"https:\/\/www.centronocaminhodaluz.com.br\/index.php\/artigo878\/\">Leia mais<\/a><\/p>\n<div class=\"pvc_clear\"><\/div>\n<p id=\"pvc_stats_878\" class=\"pvc_stats all  \" data-element-id=\"878\" style=\"\"><i class=\"pvc-stats-icon medium\" aria-hidden=\"true\"><svg aria-hidden=\"true\" focusable=\"false\" data-prefix=\"far\" data-icon=\"chart-bar\" role=\"img\" xmlns=\"http:\/\/www.w3.org\/2000\/svg\" viewBox=\"0 0 512 512\" class=\"svg-inline--fa fa-chart-bar fa-w-16 fa-2x\"><path fill=\"currentColor\" d=\"M396.8 352h22.4c6.4 0 12.8-6.4 12.8-12.8V108.8c0-6.4-6.4-12.8-12.8-12.8h-22.4c-6.4 0-12.8 6.4-12.8 12.8v230.4c0 6.4 6.4 12.8 12.8 12.8zm-192 0h22.4c6.4 0 12.8-6.4 12.8-12.8V140.8c0-6.4-6.4-12.8-12.8-12.8h-22.4c-6.4 0-12.8 6.4-12.8 12.8v198.4c0 6.4 6.4 12.8 12.8 12.8zm96 0h22.4c6.4 0 12.8-6.4 12.8-12.8V204.8c0-6.4-6.4-12.8-12.8-12.8h-22.4c-6.4 0-12.8 6.4-12.8 12.8v134.4c0 6.4 6.4 12.8 12.8 12.8zM496 400H48V80c0-8.84-7.16-16-16-16H16C7.16 64 0 71.16 0 80v336c0 17.67 14.33 32 32 32h464c8.84 0 16-7.16 16-16v-16c0-8.84-7.16-16-16-16zm-387.2-48h22.4c6.4 0 12.8-6.4 12.8-12.8v-70.4c0-6.4-6.4-12.8-12.8-12.8h-22.4c-6.4 0-12.8 6.4-12.8 12.8v70.4c0 6.4 6.4 12.8 12.8 12.8z\" class=\"\"><\/path><\/svg><\/i> <img decoding=\"async\" width=\"16\" height=\"16\" alt=\"Loading\" data-src=\"https:\/\/www.centronocaminhodaluz.com.br\/wp-content\/plugins\/page-views-count\/ajax-loader-2x.gif\" border=0 src=\"data:image\/svg+xml;base64,PHN2ZyB3aWR0aD0iMSIgaGVpZ2h0PSIxIiB4bWxucz0iaHR0cDovL3d3dy53My5vcmcvMjAwMC9zdmciPjwvc3ZnPg==\" class=\"lazyload\" style=\"--smush-placeholder-width: 16px; --smush-placeholder-aspect-ratio: 16\/16;\" \/><\/p>\n<div class=\"pvc_clear\"><\/div>\n","protected":false},"author":1,"featured_media":0,"comment_status":"Closed","ping_status":"open","sticky":false,"template":"","format":"standard","meta":{"footnotes":""},"categories":[16],"tags":[],"class_list":["post-878","post","type-post","status-publish","format-standard","hentry","category-mensagens-diversas"],"a3_pvc":{"activated":true,"total_views":1650,"today_views":0},"_links":{"self":[{"href":"https:\/\/www.centronocaminhodaluz.com.br\/index.php\/wp-json\/wp\/v2\/posts\/878","targetHints":{"allow":["GET"]}}],"collection":[{"href":"https:\/\/www.centronocaminhodaluz.com.br\/index.php\/wp-json\/wp\/v2\/posts"}],"about":[{"href":"https:\/\/www.centronocaminhodaluz.com.br\/index.php\/wp-json\/wp\/v2\/types\/post"}],"author":[{"embeddable":true,"href":"https:\/\/www.centronocaminhodaluz.com.br\/index.php\/wp-json\/wp\/v2\/users\/1"}],"replies":[{"embeddable":true,"href":"https:\/\/www.centronocaminhodaluz.com.br\/index.php\/wp-json\/wp\/v2\/comments?post=878"}],"version-history":[{"count":0,"href":"https:\/\/www.centronocaminhodaluz.com.br\/index.php\/wp-json\/wp\/v2\/posts\/878\/revisions"}],"wp:attachment":[{"href":"https:\/\/www.centronocaminhodaluz.com.br\/index.php\/wp-json\/wp\/v2\/media?parent=878"}],"wp:term":[{"taxonomy":"category","embeddable":true,"href":"https:\/\/www.centronocaminhodaluz.com.br\/index.php\/wp-json\/wp\/v2\/categories?post=878"},{"taxonomy":"post_tag","embeddable":true,"href":"https:\/\/www.centronocaminhodaluz.com.br\/index.php\/wp-json\/wp\/v2\/tags?post=878"}],"curies":[{"name":"wp","href":"https:\/\/api.w.org\/{rel}","templated":true}]}}