{"id":884,"date":"2014-06-02T20:28:00","date_gmt":"2014-06-02T20:28:00","guid":{"rendered":"http:\/\/www.centronocaminhodaluz.com.br\/index.php\/2014\/06\/02\/em-torno-da-copa-do-mundo\/"},"modified":"2016-02-10T11:00:17","modified_gmt":"2016-02-10T13:00:17","slug":"artigo884","status":"publish","type":"post","link":"https:\/\/www.centronocaminhodaluz.com.br\/index.php\/artigo884\/","title":{"rendered":"Em torno da Copa do Mundo"},"content":{"rendered":"<p><a name=more><\/a>&nbsp;&nbsp;&nbsp;&nbsp;&nbsp;<a href=http:\/\/cecal.centronocaminhodaluz.com.br\/bloguer\/pdf.asp?site=cecal&amp;id=3508 target=_blank><img src=http:\/\/cecal.centronocaminhodaluz.com.br\/bloguer\/pdf_button.png \/><\/a>  Contribui\u00e7\u00e3o de Pedro Fagundes Azevedo<\/p>\n<p>Em torno da Copa do Mundo  <br \/>Texto de Pedro Fagundes Azevedo, conselheiro da Legi\u00e3o Esp\u00edrita de Porto Alegre   <\/p>\n<p>A exposi\u00e7\u00e3o mundial propiciada pela Copa, mais as press\u00f5es naturais motivadas pelas pr\u00f3ximas elei\u00e7\u00f5es tornam o per\u00edodo atual altamente  prop\u00edcio aos  movimentos reivindicat\u00f3rios que t\u00eam estalado em todo o pa\u00eds. Ao lado das reivindica\u00e7\u00f5es justas, por\u00e9m, muitos grupos descabam para o abuso e a viol\u00eancia, provocando situa\u00e7\u00f5es de conflito geral que muito preocupam n\u00e3o s\u00f3 o governo mas tamb\u00e9m os l\u00edderes de nossas principais correntes religiosas, tais como o catolicismo, protestantismo e espiritismo. Em v\u00e1rias oportunidades, eles t\u00eam clamado pela necessidade de orarmos pela paz no Brasil durante o megaevento que est\u00e1 prestes a se iniciar. A prop\u00f3sito, acabamos de receber na Legi\u00e3o Esp\u00edrita de Porto Alegre  importante mensagem que aqui transcrevemos:  <\/p>\n<p>Minhas irm\u00e3s e meus irm\u00e3os, Jesus mais uma vez esteja com todos n\u00f3s!   <br \/>Allan Kardec, atrav\u00e9s da codifica\u00e7\u00e3o, foi bem claro ao afirmar que os esp\u00edritos imiscuem-se em nossas vidas, participam de nossas atividades, muito mais ativamente do que podemos imaginar. Influenciam-nos a tal ponto que, muitas vezes, somos guiados por eles, a partir, naturalmente, de uma converg\u00eancia de pensamentos e inten\u00e7\u00f5es.  <\/p>\n<p>Baseados nesses conhecimentos e nas v\u00e9speras de receberemos em nosso pa\u00eds os espet\u00e1culos da COPA (Copa do Mundo de Futebol), preocupa-nos a todos o ambiente ps\u00edquico que se arma e que se armar\u00e1 em nossas terras. Enquanto muitos para aqui se deslocam visando observar os espet\u00e1culos, torcendo por seus times, vibrando apaixonadamente pelos ideais relacionados ao esporte do futebol, outros vem imbu\u00eddos dos prop\u00f3sitos nefastos que o simbolismo da Arena nos permite visualizar, como no passado o sangue e as disputas cru\u00e9is. Infelizmente, para alguns, este \u00e9 o escopo de suas visitas, de suas inten\u00e7\u00f5es e mesmo entre n\u00f3s, brasileiros, n\u00e3o faltam aqueles infelizmente belicosos, que se voltar\u00e3o para as finalidades destrutivas e depreciativas.  <\/p>\n<p>Deixando de lado todas as an\u00e1lises referentes aos gastos realizados, e a necessidade ou n\u00e3o destas atividades em nosso pa\u00eds no momento atual, devemos ter em mente, sim, a grande necessidade do psiquismo favor\u00e1vel, da vibra\u00e7\u00e3o que possamos dirigir afim de que as sombras n\u00e3o tomem vulto, e n\u00e3o interfiram na condu\u00e7\u00e3o positiva desses encontros.  <\/p>\n<p>Estamos no Pa\u00eds Cora\u00e7\u00e3o do Mundo, P\u00e1tria do Evangelho. Que possamos ser o cora\u00e7\u00e3o do mundo nestes dias que vir\u00e3o em breve, referentemente aos jogos, a uni\u00e3o e a fraternidade universal, e que sejamos a P\u00e1tria do Evangelho buscando auxiliar esse psiquismo maior afim de que tudo ocorra em paz e em ordem, segundo as nossas necessidades e segundo a programa\u00e7\u00e3o dos amigos espirituais.  <\/p>\n<p>Que JESUS nos aben\u00e7oe e que possamos colaborar sempre com a nossa vibra\u00e7\u00e3o positiva.  <br \/>O amigo de todas as horas, PORTELA  &#8211;  (Albino Portela Fagundes, mensagem canalizada por Alberto Sampaio).<\/p>\n<div class=\"pvc_clear\"><\/div>\n<p id=\"pvc_stats_884\" class=\"pvc_stats all  \" data-element-id=\"884\" style=\"\"><i class=\"pvc-stats-icon medium\" aria-hidden=\"true\"><svg aria-hidden=\"true\" focusable=\"false\" data-prefix=\"far\" data-icon=\"chart-bar\" role=\"img\" xmlns=\"http:\/\/www.w3.org\/2000\/svg\" viewBox=\"0 0 512 512\" class=\"svg-inline--fa fa-chart-bar fa-w-16 fa-2x\"><path fill=\"currentColor\" d=\"M396.8 352h22.4c6.4 0 12.8-6.4 12.8-12.8V108.8c0-6.4-6.4-12.8-12.8-12.8h-22.4c-6.4 0-12.8 6.4-12.8 12.8v230.4c0 6.4 6.4 12.8 12.8 12.8zm-192 0h22.4c6.4 0 12.8-6.4 12.8-12.8V140.8c0-6.4-6.4-12.8-12.8-12.8h-22.4c-6.4 0-12.8 6.4-12.8 12.8v198.4c0 6.4 6.4 12.8 12.8 12.8zm96 0h22.4c6.4 0 12.8-6.4 12.8-12.8V204.8c0-6.4-6.4-12.8-12.8-12.8h-22.4c-6.4 0-12.8 6.4-12.8 12.8v134.4c0 6.4 6.4 12.8 12.8 12.8zM496 400H48V80c0-8.84-7.16-16-16-16H16C7.16 64 0 71.16 0 80v336c0 17.67 14.33 32 32 32h464c8.84 0 16-7.16 16-16v-16c0-8.84-7.16-16-16-16zm-387.2-48h22.4c6.4 0 12.8-6.4 12.8-12.8v-70.4c0-6.4-6.4-12.8-12.8-12.8h-22.4c-6.4 0-12.8 6.4-12.8 12.8v70.4c0 6.4 6.4 12.8 12.8 12.8z\" class=\"\"><\/path><\/svg><\/i> <img decoding=\"async\" width=\"16\" height=\"16\" alt=\"Loading\" data-src=\"https:\/\/www.centronocaminhodaluz.com.br\/wp-content\/plugins\/page-views-count\/ajax-loader-2x.gif\" border=0 src=\"data:image\/svg+xml;base64,PHN2ZyB3aWR0aD0iMSIgaGVpZ2h0PSIxIiB4bWxucz0iaHR0cDovL3d3dy53My5vcmcvMjAwMC9zdmciPjwvc3ZnPg==\" class=\"lazyload\" style=\"--smush-placeholder-width: 16px; --smush-placeholder-aspect-ratio: 16\/16;\" \/><\/p>\n<div class=\"pvc_clear\"><\/div>\n","protected":false},"excerpt":{"rendered":"<p>&nbsp;&nbsp;&nbsp;&nbsp;&nbsp; Contribui\u00e7\u00e3o de Pedro Fagundes Azevedo Em torno da Copa do Mundo Texto de Pedro Fagundes Azevedo, conselheiro da Legi\u00e3o Esp\u00edrita de Porto Alegre A exposi\u00e7\u00e3o mundial propiciada pela Copa, mais as press\u00f5es naturais motivadas pelas pr\u00f3ximas elei\u00e7\u00f5es tornam o per\u00edodo atual altamente prop\u00edcio aos movimentos reivindicat\u00f3rios que t\u00eam estalado em todo o pa\u00eds. Ao&hellip; <br \/> <a class=\"read-more\" href=\"https:\/\/www.centronocaminhodaluz.com.br\/index.php\/artigo884\/\">Leia mais<\/a><\/p>\n<div class=\"pvc_clear\"><\/div>\n<p id=\"pvc_stats_884\" class=\"pvc_stats all  \" data-element-id=\"884\" style=\"\"><i class=\"pvc-stats-icon medium\" aria-hidden=\"true\"><svg aria-hidden=\"true\" focusable=\"false\" data-prefix=\"far\" data-icon=\"chart-bar\" role=\"img\" xmlns=\"http:\/\/www.w3.org\/2000\/svg\" viewBox=\"0 0 512 512\" class=\"svg-inline--fa fa-chart-bar fa-w-16 fa-2x\"><path fill=\"currentColor\" d=\"M396.8 352h22.4c6.4 0 12.8-6.4 12.8-12.8V108.8c0-6.4-6.4-12.8-12.8-12.8h-22.4c-6.4 0-12.8 6.4-12.8 12.8v230.4c0 6.4 6.4 12.8 12.8 12.8zm-192 0h22.4c6.4 0 12.8-6.4 12.8-12.8V140.8c0-6.4-6.4-12.8-12.8-12.8h-22.4c-6.4 0-12.8 6.4-12.8 12.8v198.4c0 6.4 6.4 12.8 12.8 12.8zm96 0h22.4c6.4 0 12.8-6.4 12.8-12.8V204.8c0-6.4-6.4-12.8-12.8-12.8h-22.4c-6.4 0-12.8 6.4-12.8 12.8v134.4c0 6.4 6.4 12.8 12.8 12.8zM496 400H48V80c0-8.84-7.16-16-16-16H16C7.16 64 0 71.16 0 80v336c0 17.67 14.33 32 32 32h464c8.84 0 16-7.16 16-16v-16c0-8.84-7.16-16-16-16zm-387.2-48h22.4c6.4 0 12.8-6.4 12.8-12.8v-70.4c0-6.4-6.4-12.8-12.8-12.8h-22.4c-6.4 0-12.8 6.4-12.8 12.8v70.4c0 6.4 6.4 12.8 12.8 12.8z\" class=\"\"><\/path><\/svg><\/i> <img decoding=\"async\" width=\"16\" height=\"16\" alt=\"Loading\" data-src=\"https:\/\/www.centronocaminhodaluz.com.br\/wp-content\/plugins\/page-views-count\/ajax-loader-2x.gif\" border=0 src=\"data:image\/svg+xml;base64,PHN2ZyB3aWR0aD0iMSIgaGVpZ2h0PSIxIiB4bWxucz0iaHR0cDovL3d3dy53My5vcmcvMjAwMC9zdmciPjwvc3ZnPg==\" class=\"lazyload\" style=\"--smush-placeholder-width: 16px; --smush-placeholder-aspect-ratio: 16\/16;\" \/><\/p>\n<div class=\"pvc_clear\"><\/div>\n","protected":false},"author":1,"featured_media":0,"comment_status":"closed","ping_status":"open","sticky":false,"template":"","format":"standard","meta":{"footnotes":""},"categories":[9,16],"tags":[],"class_list":["post-884","post","type-post","status-publish","format-standard","hentry","category-pedro-fagundes-azevedo","category-mensagens-diversas"],"a3_pvc":{"activated":true,"total_views":1842,"today_views":0},"_links":{"self":[{"href":"https:\/\/www.centronocaminhodaluz.com.br\/index.php\/wp-json\/wp\/v2\/posts\/884","targetHints":{"allow":["GET"]}}],"collection":[{"href":"https:\/\/www.centronocaminhodaluz.com.br\/index.php\/wp-json\/wp\/v2\/posts"}],"about":[{"href":"https:\/\/www.centronocaminhodaluz.com.br\/index.php\/wp-json\/wp\/v2\/types\/post"}],"author":[{"embeddable":true,"href":"https:\/\/www.centronocaminhodaluz.com.br\/index.php\/wp-json\/wp\/v2\/users\/1"}],"replies":[{"embeddable":true,"href":"https:\/\/www.centronocaminhodaluz.com.br\/index.php\/wp-json\/wp\/v2\/comments?post=884"}],"version-history":[{"count":0,"href":"https:\/\/www.centronocaminhodaluz.com.br\/index.php\/wp-json\/wp\/v2\/posts\/884\/revisions"}],"wp:attachment":[{"href":"https:\/\/www.centronocaminhodaluz.com.br\/index.php\/wp-json\/wp\/v2\/media?parent=884"}],"wp:term":[{"taxonomy":"category","embeddable":true,"href":"https:\/\/www.centronocaminhodaluz.com.br\/index.php\/wp-json\/wp\/v2\/categories?post=884"},{"taxonomy":"post_tag","embeddable":true,"href":"https:\/\/www.centronocaminhodaluz.com.br\/index.php\/wp-json\/wp\/v2\/tags?post=884"}],"curies":[{"name":"wp","href":"https:\/\/api.w.org\/{rel}","templated":true}]}}