{"id":899,"date":"2014-05-19T12:47:00","date_gmt":"2014-05-19T12:47:00","guid":{"rendered":"http:\/\/www.centronocaminhodaluz.com.br\/index.php\/2014\/05\/19\/parabens-de-aniversario-ao-centro-espirita-no-caminho-da-luz\/"},"modified":"2014-05-19T12:47:00","modified_gmt":"2014-05-19T12:47:00","slug":"artigo899","status":"publish","type":"post","link":"https:\/\/www.centronocaminhodaluz.com.br\/index.php\/artigo899\/","title":{"rendered":"PARAB\u00c9NS DE ANIVERS\u00c1RIO AO CENTRO ESPIRITA NO CAMINHO DA LUZ"},"content":{"rendered":"<p><a name=more><\/a>&nbsp;&nbsp;&nbsp;&nbsp;&nbsp;<a href=http:\/\/cecal.centronocaminhodaluz.com.br\/bloguer\/pdf.asp?site=cecal&amp; target=_blank><img src=http:\/\/cecal.centronocaminhodaluz.com.br\/bloguer\/pdf_button.png \/><\/a>    <\/p>\n<p>H\u00e1 doze anos esta Casa Esp\u00edrita No Caminho da Luz iniciou as suas atividades no dia 18 de maio de 2002 pelo seu fundador Sr. Rocha e colaboradores com a finalidade de auxiliar a todos que quisessem e precisassem de apoio dentro da Doutrina Esp\u00edrita e aos poucos foram chegando os Amigos, trabalhadores e cada um acrescentando algo de si em prol de uma comunidade.  <\/p>\n<p>Aos Dirigentes, trabalhadores, Amigos e frequentadores queremos nos unir e congratular por mais um anivers\u00e1rio de festa e Alegria, fazendo uma reflex\u00e3o sobre a import\u00e2ncia que representa esta Casa Esp\u00edrita.  <\/p>\n<p>Uma Casa Esp\u00edrita representa um OASIS de Luz aos que buscam o b\u00e1lsamo para suas dores e sofrimentos. Funciona como um Hospital onde s   \u00e3o tratados os males da Alma e cujo tratamento se faz atrav\u00e9s do M\u00e9dico Jesus com seu receitu\u00e1rio angelical &#8211; O Evangelho &#8211; e Kardec prescrevendo as orienta\u00e7\u00f5es salutares recebidas pelos Esp\u00edritos Superiores  <\/p>\n<p>O Centro Esp\u00edrita re\u00fane todos os trabalhadores num s\u00f3 pensamento &#8211; A Caridade &#8211; que \u00e9 o Amor em Movimento, o Auto Amor refletindo no Bem e na Felicidade de todos.  <\/p>\n<p>O Anivers\u00e1rio se estende a todos, pois a Casa \u00e9 o resultado do Esfor\u00e7o, do trabalho e da Coopera\u00e7\u00e3o de seus membros, dirigentes, m\u00e9diuns, alunos e frequentadores que procuram seguir um roteiro de compromisso com a Codifica\u00e7\u00e3o.  <\/p>\n<p>Continuamos unidos para que a semente plantada j\u00e1 h\u00e1 doze anos cres\u00e7a, frutifique e se torne a arvore que d\u00e1 bons frutos e seja um grande exemplo a ser seguido.  <\/p>\n<p>Agradecemos \u00e0s Entidades Espirituais, \u00e0 Equipe M\u00e9dica e a todos os trabalhadores espirituais que sempre est\u00e3o presentes orientando, cuidando de todos para que o trabalho seja amparado por Deus.   <\/p>\n<p>E que n\u00f3s trabalhadores e m\u00e9diuns possamos cumprir a tarefa a que viemos nesta vida e nos \u00e9 oferecido com muito Carinho pelo nosso Orientador Medi\u00fanico &#8211; Sr. Rocha &#8211; que se disp\u00f5e a abrir as portas desta Casa Esp\u00edrita para o desempenho desta atividade medi\u00fanica t\u00e3o preciosa ao nosso aprimoramento espiritual  <\/p>\n<p>Estamos felizes por fazer parte desta Fam\u00edlia Espiritual e Material!  <\/p>\n<p>Parab\u00e9ns ao Centro No Caminho da Luz  <\/p>\n<p>15\/5\/2014  <\/p>\n<p>mcelias<\/p>\n<div class=\"pvc_clear\"><\/div>\n<p id=\"pvc_stats_899\" class=\"pvc_stats all  \" data-element-id=\"899\" style=\"\"><i class=\"pvc-stats-icon medium\" aria-hidden=\"true\"><svg aria-hidden=\"true\" focusable=\"false\" data-prefix=\"far\" data-icon=\"chart-bar\" role=\"img\" xmlns=\"http:\/\/www.w3.org\/2000\/svg\" viewBox=\"0 0 512 512\" class=\"svg-inline--fa fa-chart-bar fa-w-16 fa-2x\"><path fill=\"currentColor\" d=\"M396.8 352h22.4c6.4 0 12.8-6.4 12.8-12.8V108.8c0-6.4-6.4-12.8-12.8-12.8h-22.4c-6.4 0-12.8 6.4-12.8 12.8v230.4c0 6.4 6.4 12.8 12.8 12.8zm-192 0h22.4c6.4 0 12.8-6.4 12.8-12.8V140.8c0-6.4-6.4-12.8-12.8-12.8h-22.4c-6.4 0-12.8 6.4-12.8 12.8v198.4c0 6.4 6.4 12.8 12.8 12.8zm96 0h22.4c6.4 0 12.8-6.4 12.8-12.8V204.8c0-6.4-6.4-12.8-12.8-12.8h-22.4c-6.4 0-12.8 6.4-12.8 12.8v134.4c0 6.4 6.4 12.8 12.8 12.8zM496 400H48V80c0-8.84-7.16-16-16-16H16C7.16 64 0 71.16 0 80v336c0 17.67 14.33 32 32 32h464c8.84 0 16-7.16 16-16v-16c0-8.84-7.16-16-16-16zm-387.2-48h22.4c6.4 0 12.8-6.4 12.8-12.8v-70.4c0-6.4-6.4-12.8-12.8-12.8h-22.4c-6.4 0-12.8 6.4-12.8 12.8v70.4c0 6.4 6.4 12.8 12.8 12.8z\" class=\"\"><\/path><\/svg><\/i> <img decoding=\"async\" width=\"16\" height=\"16\" alt=\"Loading\" data-src=\"https:\/\/www.centronocaminhodaluz.com.br\/wp-content\/plugins\/page-views-count\/ajax-loader-2x.gif\" border=0 src=\"data:image\/svg+xml;base64,PHN2ZyB3aWR0aD0iMSIgaGVpZ2h0PSIxIiB4bWxucz0iaHR0cDovL3d3dy53My5vcmcvMjAwMC9zdmciPjwvc3ZnPg==\" class=\"lazyload\" style=\"--smush-placeholder-width: 16px; --smush-placeholder-aspect-ratio: 16\/16;\" \/><\/p>\n<div class=\"pvc_clear\"><\/div>\n","protected":false},"excerpt":{"rendered":"<p>&nbsp;&nbsp;&nbsp;&nbsp;&nbsp; H\u00e1 doze anos esta Casa Esp\u00edrita No Caminho da Luz iniciou as suas atividades no dia 18 de maio de 2002 pelo seu fundador Sr. Rocha e colaboradores com a finalidade de auxiliar a todos que quisessem e precisassem de apoio dentro da Doutrina Esp\u00edrita e aos poucos foram chegando os Amigos, trabalhadores e&hellip; <br \/> <a class=\"read-more\" href=\"https:\/\/www.centronocaminhodaluz.com.br\/index.php\/artigo899\/\">Leia mais<\/a><\/p>\n<div class=\"pvc_clear\"><\/div>\n<p id=\"pvc_stats_899\" class=\"pvc_stats all  \" data-element-id=\"899\" style=\"\"><i class=\"pvc-stats-icon medium\" aria-hidden=\"true\"><svg aria-hidden=\"true\" focusable=\"false\" data-prefix=\"far\" data-icon=\"chart-bar\" role=\"img\" xmlns=\"http:\/\/www.w3.org\/2000\/svg\" viewBox=\"0 0 512 512\" class=\"svg-inline--fa fa-chart-bar fa-w-16 fa-2x\"><path fill=\"currentColor\" d=\"M396.8 352h22.4c6.4 0 12.8-6.4 12.8-12.8V108.8c0-6.4-6.4-12.8-12.8-12.8h-22.4c-6.4 0-12.8 6.4-12.8 12.8v230.4c0 6.4 6.4 12.8 12.8 12.8zm-192 0h22.4c6.4 0 12.8-6.4 12.8-12.8V140.8c0-6.4-6.4-12.8-12.8-12.8h-22.4c-6.4 0-12.8 6.4-12.8 12.8v198.4c0 6.4 6.4 12.8 12.8 12.8zm96 0h22.4c6.4 0 12.8-6.4 12.8-12.8V204.8c0-6.4-6.4-12.8-12.8-12.8h-22.4c-6.4 0-12.8 6.4-12.8 12.8v134.4c0 6.4 6.4 12.8 12.8 12.8zM496 400H48V80c0-8.84-7.16-16-16-16H16C7.16 64 0 71.16 0 80v336c0 17.67 14.33 32 32 32h464c8.84 0 16-7.16 16-16v-16c0-8.84-7.16-16-16-16zm-387.2-48h22.4c6.4 0 12.8-6.4 12.8-12.8v-70.4c0-6.4-6.4-12.8-12.8-12.8h-22.4c-6.4 0-12.8 6.4-12.8 12.8v70.4c0 6.4 6.4 12.8 12.8 12.8z\" class=\"\"><\/path><\/svg><\/i> <img decoding=\"async\" width=\"16\" height=\"16\" alt=\"Loading\" data-src=\"https:\/\/www.centronocaminhodaluz.com.br\/wp-content\/plugins\/page-views-count\/ajax-loader-2x.gif\" border=0 src=\"data:image\/svg+xml;base64,PHN2ZyB3aWR0aD0iMSIgaGVpZ2h0PSIxIiB4bWxucz0iaHR0cDovL3d3dy53My5vcmcvMjAwMC9zdmciPjwvc3ZnPg==\" class=\"lazyload\" style=\"--smush-placeholder-width: 16px; --smush-placeholder-aspect-ratio: 16\/16;\" \/><\/p>\n<div class=\"pvc_clear\"><\/div>\n","protected":false},"author":1,"featured_media":0,"comment_status":"Closed","ping_status":"open","sticky":false,"template":"","format":"standard","meta":{"footnotes":""},"categories":[16],"tags":[],"class_list":["post-899","post","type-post","status-publish","format-standard","hentry","category-mensagens-diversas"],"a3_pvc":{"activated":true,"total_views":20386,"today_views":0},"_links":{"self":[{"href":"https:\/\/www.centronocaminhodaluz.com.br\/index.php\/wp-json\/wp\/v2\/posts\/899","targetHints":{"allow":["GET"]}}],"collection":[{"href":"https:\/\/www.centronocaminhodaluz.com.br\/index.php\/wp-json\/wp\/v2\/posts"}],"about":[{"href":"https:\/\/www.centronocaminhodaluz.com.br\/index.php\/wp-json\/wp\/v2\/types\/post"}],"author":[{"embeddable":true,"href":"https:\/\/www.centronocaminhodaluz.com.br\/index.php\/wp-json\/wp\/v2\/users\/1"}],"replies":[{"embeddable":true,"href":"https:\/\/www.centronocaminhodaluz.com.br\/index.php\/wp-json\/wp\/v2\/comments?post=899"}],"version-history":[{"count":0,"href":"https:\/\/www.centronocaminhodaluz.com.br\/index.php\/wp-json\/wp\/v2\/posts\/899\/revisions"}],"wp:attachment":[{"href":"https:\/\/www.centronocaminhodaluz.com.br\/index.php\/wp-json\/wp\/v2\/media?parent=899"}],"wp:term":[{"taxonomy":"category","embeddable":true,"href":"https:\/\/www.centronocaminhodaluz.com.br\/index.php\/wp-json\/wp\/v2\/categories?post=899"},{"taxonomy":"post_tag","embeddable":true,"href":"https:\/\/www.centronocaminhodaluz.com.br\/index.php\/wp-json\/wp\/v2\/tags?post=899"}],"curies":[{"name":"wp","href":"https:\/\/api.w.org\/{rel}","templated":true}]}}