{"id":901,"date":"2014-05-19T12:46:00","date_gmt":"2014-05-19T12:46:00","guid":{"rendered":"http:\/\/www.centronocaminhodaluz.com.br\/index.php\/2014\/05\/19\/dilatando-o-coracao\/"},"modified":"2014-05-19T12:46:00","modified_gmt":"2014-05-19T12:46:00","slug":"artigo901","status":"publish","type":"post","link":"https:\/\/www.centronocaminhodaluz.com.br\/index.php\/artigo901\/","title":{"rendered":"Dilatando o coracao"},"content":{"rendered":"<p><a name=more><\/a>&nbsp;&nbsp;&nbsp;&nbsp;&nbsp;<a href=http:\/\/cecal.centronocaminhodaluz.com.br\/bloguer\/pdf.asp?site=cecal&amp; target=_blank><img src=http:\/\/cecal.centronocaminhodaluz.com.br\/bloguer\/pdf_button.png \/><\/a>  Voc\u00ea j\u00e1 reparou como, n\u00e3o raro, nos referimos a algu\u00e9m como uma pessoa de grande cora\u00e7\u00e3o? Como \u00e9 frequente dizermos que algu\u00e9m tem um cora\u00e7\u00e3o imenso?  <\/p>\n<p>\u00c9 claro que a express\u00e3o n\u00e3o \u00e9 literal e, muito menos, estamos querendo nos referir \u00e0 sua anatomia.  <\/p>\n<p>Quando assim nos expressamos, estamos, na verdade, manifestando nossa admira\u00e7\u00e3o quanto \u00e0 capacidade de amar, de querer bem, de ser solid\u00e1rio, fraterno e amigo.  <\/p>\n<p>Afinal, dizemos que tal ou qual pessoa tem um cora\u00e7\u00e3o grande porque ela \u00e9 capaz de abrigar muitos sentimentos nobres, com eles beneficiando os seus semelhantes.  <\/p>\n<p>Seria interessante nos questionarmos: ser\u00e1 poss\u00edvel dilatar o pr\u00f3prio cora\u00e7\u00e3o? Ser\u00e1 que conseguimos ter um cora\u00e7\u00e3o maior do qu   e aquele que hoje temos?  <\/p>\n<p>Todas as virtudes e compet\u00eancias foram constru\u00eddas em nossa intimidade, por esfor\u00e7o pr\u00f3prio, por investimento pessoal.  <\/p>\n<p>Todos n\u00f3s possu\u00edmos intelig\u00eancia, a capacidade intelectual coerente com os esfor\u00e7os que empregamos para que ela se desenvolvesse.  <\/p>\n<p>Da mesma forma, as conquistas dos bons sentimentos, dos nossos valores e virtudes s\u00e3o frutos do empenho e dedica\u00e7\u00e3o, investimento e persist\u00eancia.  <\/p>\n<p>Nenhum dom ou privil\u00e9gio divino. De maneira nenhuma algu\u00e9m agraciado em detrimento de outro.  <\/p>\n<p>Somos exatamente o resultado daquilo que investimos e desenvolvemos ao longo de toda nossa trajet\u00f3ria que, \u00e9 claro, iniciou-se muito antes desta vida.  <\/p>\n<p>Dessa forma, fica f\u00e1cil compreender porque algumas pessoas t\u00eam grande o cora\u00e7\u00e3o.  <\/p>\n<p>Passamos a entender porque elas conseguem manter, na tutela de seu cora\u00e7\u00e3o, tantos sentimentos altru\u00edstas, tanta devo\u00e7\u00e3o a pessoas e agasalhar tantas virtudes.  <\/p>\n<p>N\u00e3o foram ag   raciadas, de forma gratuita. N\u00e3o mereceram nenhum privil\u00e9gio, gra\u00e7a ou dom divino.  <\/p>\n<p>Tudo o que j\u00e1 conseguiram entesourar na intimidade \u00e9 fruto de seu trabalho e investimento pessoal.  <\/p>\n<p>*   *   *  <\/p>\n<p>Assim ocorre com todos n\u00f3s. Na medida em que nos esfor\u00e7amos por melhorar, novos valores come\u00e7am a ocupar espa\u00e7o em n\u00f3s.  <\/p>\n<p>E, na propor\u00e7\u00e3o em que buscamos desenvolver virtudes, aprender conceitos e valores nobres, eles passam a ter guarida em nosso cora\u00e7\u00e3o.  <\/p>\n<p>Ent\u00e3o, como \u00e9 natural, essas virtudes dilatam nosso cora\u00e7\u00e3o, a fim de que consigam todas elas ali ganharem morada.  <\/p>\n<p>Portanto, para termos grande o cora\u00e7\u00e3o, cabe-nos o esfor\u00e7o individual, o empenho e o trabalho no bem.  <\/p>\n<p>N\u00e3o h\u00e1 dia em que a vida n\u00e3o oportunize esses exerc\u00edcios.  <\/p>\n<p>Os la\u00e7os familiares mostram-se excelentes oportunidades.  <\/p>\n<p>Os amigos, as rela\u00e7\u00f5es profissionais, nossos contatos sociais, tamb\u00e9m funcionam como oficinas do cora\u00e7\u00e3o.  <\/p>\n<p>Quando alguns    relacionamentos se mostrem dif\u00edceis, complicados, s\u00e3o tamb\u00e9m o convite generoso da vida a fim de que possamos ser daqueles que possuem um grande cora\u00e7\u00e3o.  <\/p>\n<p>Quando Jesus nos convida a caminhar dois mil passos com algu\u00e9m que nos pede para andar mil, ou quando nos aconselha a oferecer a t\u00fanica para quem nos pede a capa, est\u00e1 nos ensinando que todo o esfor\u00e7o em prol da conquista das virtudes, que beneficiem nosso pr\u00f3ximo, ser\u00e1 sempre o melhor investimento que possamos fazer em favor do nosso pr\u00f3prio crescimento interior.  <\/p>\n<p>Pensemos nisso.  <\/p>\n<p>Reda\u00e7\u00e3o do Momento Esp\u00edrita.  <br \/>Em 17.5.2014.<\/p>\n<div class=\"pvc_clear\"><\/div>\n<p id=\"pvc_stats_901\" class=\"pvc_stats all  \" data-element-id=\"901\" style=\"\"><i class=\"pvc-stats-icon medium\" aria-hidden=\"true\"><svg aria-hidden=\"true\" focusable=\"false\" data-prefix=\"far\" data-icon=\"chart-bar\" role=\"img\" xmlns=\"http:\/\/www.w3.org\/2000\/svg\" viewBox=\"0 0 512 512\" class=\"svg-inline--fa fa-chart-bar fa-w-16 fa-2x\"><path fill=\"currentColor\" d=\"M396.8 352h22.4c6.4 0 12.8-6.4 12.8-12.8V108.8c0-6.4-6.4-12.8-12.8-12.8h-22.4c-6.4 0-12.8 6.4-12.8 12.8v230.4c0 6.4 6.4 12.8 12.8 12.8zm-192 0h22.4c6.4 0 12.8-6.4 12.8-12.8V140.8c0-6.4-6.4-12.8-12.8-12.8h-22.4c-6.4 0-12.8 6.4-12.8 12.8v198.4c0 6.4 6.4 12.8 12.8 12.8zm96 0h22.4c6.4 0 12.8-6.4 12.8-12.8V204.8c0-6.4-6.4-12.8-12.8-12.8h-22.4c-6.4 0-12.8 6.4-12.8 12.8v134.4c0 6.4 6.4 12.8 12.8 12.8zM496 400H48V80c0-8.84-7.16-16-16-16H16C7.16 64 0 71.16 0 80v336c0 17.67 14.33 32 32 32h464c8.84 0 16-7.16 16-16v-16c0-8.84-7.16-16-16-16zm-387.2-48h22.4c6.4 0 12.8-6.4 12.8-12.8v-70.4c0-6.4-6.4-12.8-12.8-12.8h-22.4c-6.4 0-12.8 6.4-12.8 12.8v70.4c0 6.4 6.4 12.8 12.8 12.8z\" class=\"\"><\/path><\/svg><\/i> <img decoding=\"async\" width=\"16\" height=\"16\" alt=\"Loading\" data-src=\"https:\/\/www.centronocaminhodaluz.com.br\/wp-content\/plugins\/page-views-count\/ajax-loader-2x.gif\" border=0 src=\"data:image\/svg+xml;base64,PHN2ZyB3aWR0aD0iMSIgaGVpZ2h0PSIxIiB4bWxucz0iaHR0cDovL3d3dy53My5vcmcvMjAwMC9zdmciPjwvc3ZnPg==\" class=\"lazyload\" style=\"--smush-placeholder-width: 16px; --smush-placeholder-aspect-ratio: 16\/16;\" \/><\/p>\n<div class=\"pvc_clear\"><\/div>\n","protected":false},"excerpt":{"rendered":"<p>&nbsp;&nbsp;&nbsp;&nbsp;&nbsp; Voc\u00ea j\u00e1 reparou como, n\u00e3o raro, nos referimos a algu\u00e9m como uma pessoa de grande cora\u00e7\u00e3o? Como \u00e9 frequente dizermos que algu\u00e9m tem um cora\u00e7\u00e3o imenso? \u00c9 claro que a express\u00e3o n\u00e3o \u00e9 literal e, muito menos, estamos querendo nos referir \u00e0 sua anatomia. Quando assim nos expressamos, estamos, na verdade, manifestando nossa admira\u00e7\u00e3o&hellip; <br \/> <a class=\"read-more\" href=\"https:\/\/www.centronocaminhodaluz.com.br\/index.php\/artigo901\/\">Leia mais<\/a><\/p>\n<div class=\"pvc_clear\"><\/div>\n<p id=\"pvc_stats_901\" class=\"pvc_stats all  \" data-element-id=\"901\" style=\"\"><i class=\"pvc-stats-icon medium\" aria-hidden=\"true\"><svg aria-hidden=\"true\" focusable=\"false\" data-prefix=\"far\" data-icon=\"chart-bar\" role=\"img\" xmlns=\"http:\/\/www.w3.org\/2000\/svg\" viewBox=\"0 0 512 512\" class=\"svg-inline--fa fa-chart-bar fa-w-16 fa-2x\"><path fill=\"currentColor\" d=\"M396.8 352h22.4c6.4 0 12.8-6.4 12.8-12.8V108.8c0-6.4-6.4-12.8-12.8-12.8h-22.4c-6.4 0-12.8 6.4-12.8 12.8v230.4c0 6.4 6.4 12.8 12.8 12.8zm-192 0h22.4c6.4 0 12.8-6.4 12.8-12.8V140.8c0-6.4-6.4-12.8-12.8-12.8h-22.4c-6.4 0-12.8 6.4-12.8 12.8v198.4c0 6.4 6.4 12.8 12.8 12.8zm96 0h22.4c6.4 0 12.8-6.4 12.8-12.8V204.8c0-6.4-6.4-12.8-12.8-12.8h-22.4c-6.4 0-12.8 6.4-12.8 12.8v134.4c0 6.4 6.4 12.8 12.8 12.8zM496 400H48V80c0-8.84-7.16-16-16-16H16C7.16 64 0 71.16 0 80v336c0 17.67 14.33 32 32 32h464c8.84 0 16-7.16 16-16v-16c0-8.84-7.16-16-16-16zm-387.2-48h22.4c6.4 0 12.8-6.4 12.8-12.8v-70.4c0-6.4-6.4-12.8-12.8-12.8h-22.4c-6.4 0-12.8 6.4-12.8 12.8v70.4c0 6.4 6.4 12.8 12.8 12.8z\" class=\"\"><\/path><\/svg><\/i> <img decoding=\"async\" width=\"16\" height=\"16\" alt=\"Loading\" data-src=\"https:\/\/www.centronocaminhodaluz.com.br\/wp-content\/plugins\/page-views-count\/ajax-loader-2x.gif\" border=0 src=\"data:image\/svg+xml;base64,PHN2ZyB3aWR0aD0iMSIgaGVpZ2h0PSIxIiB4bWxucz0iaHR0cDovL3d3dy53My5vcmcvMjAwMC9zdmciPjwvc3ZnPg==\" class=\"lazyload\" style=\"--smush-placeholder-width: 16px; --smush-placeholder-aspect-ratio: 16\/16;\" \/><\/p>\n<div class=\"pvc_clear\"><\/div>\n","protected":false},"author":1,"featured_media":0,"comment_status":"Closed","ping_status":"open","sticky":false,"template":"","format":"standard","meta":{"footnotes":""},"categories":[16],"tags":[],"class_list":["post-901","post","type-post","status-publish","format-standard","hentry","category-mensagens-diversas"],"a3_pvc":{"activated":true,"total_views":1868,"today_views":0},"_links":{"self":[{"href":"https:\/\/www.centronocaminhodaluz.com.br\/index.php\/wp-json\/wp\/v2\/posts\/901","targetHints":{"allow":["GET"]}}],"collection":[{"href":"https:\/\/www.centronocaminhodaluz.com.br\/index.php\/wp-json\/wp\/v2\/posts"}],"about":[{"href":"https:\/\/www.centronocaminhodaluz.com.br\/index.php\/wp-json\/wp\/v2\/types\/post"}],"author":[{"embeddable":true,"href":"https:\/\/www.centronocaminhodaluz.com.br\/index.php\/wp-json\/wp\/v2\/users\/1"}],"replies":[{"embeddable":true,"href":"https:\/\/www.centronocaminhodaluz.com.br\/index.php\/wp-json\/wp\/v2\/comments?post=901"}],"version-history":[{"count":0,"href":"https:\/\/www.centronocaminhodaluz.com.br\/index.php\/wp-json\/wp\/v2\/posts\/901\/revisions"}],"wp:attachment":[{"href":"https:\/\/www.centronocaminhodaluz.com.br\/index.php\/wp-json\/wp\/v2\/media?parent=901"}],"wp:term":[{"taxonomy":"category","embeddable":true,"href":"https:\/\/www.centronocaminhodaluz.com.br\/index.php\/wp-json\/wp\/v2\/categories?post=901"},{"taxonomy":"post_tag","embeddable":true,"href":"https:\/\/www.centronocaminhodaluz.com.br\/index.php\/wp-json\/wp\/v2\/tags?post=901"}],"curies":[{"name":"wp","href":"https:\/\/api.w.org\/{rel}","templated":true}]}}