{"id":905,"date":"2014-05-19T12:30:00","date_gmt":"2014-05-19T12:30:00","guid":{"rendered":"http:\/\/www.centronocaminhodaluz.com.br\/index.php\/2014\/05\/19\/maria-de-nazare\/"},"modified":"2014-05-19T12:30:00","modified_gmt":"2014-05-19T12:30:00","slug":"artigo905","status":"publish","type":"post","link":"https:\/\/www.centronocaminhodaluz.com.br\/index.php\/artigo905\/","title":{"rendered":"Maria de Nazar\u00e9"},"content":{"rendered":"<p><a name=more><\/a>&nbsp;&nbsp;&nbsp;&nbsp;&nbsp;<a href=http:\/\/cecal.centronocaminhodaluz.com.br\/bloguer\/pdf.asp?site=cecal&amp; target=_blank><img src=http:\/\/cecal.centronocaminhodaluz.com.br\/bloguer\/pdf_button.png \/><\/a>     <br \/>Nossa Senhora da Luz dos Pinhais.  <\/p>\n<p>\u00c9 com esta denomina\u00e7\u00e3o que a M\u00e3e de Jesus foi eleita para ser a protetora de Curitiba, a capital paranaense.  <\/p>\n<p>E existem outras tantas denomina\u00e7\u00f5es com que ela \u00e9 lembrada.  <\/p>\n<p>De acordo com o local, as circunst\u00e2ncias,  recebe o adjetivo.  <\/p>\n<p>Nossa Senhora de F\u00e1tima, de La Salete, dos Navegantes, Imaculada Concei\u00e7\u00e3o, Nossa Senhora Aparecida.  <\/p>\n<p>Algumas das denomina\u00e7\u00f5es t\u00eam a ver com apari\u00e7\u00f5es de Esp\u00edritos luminosos.  <\/p>\n<p>Apresentando-se com caracter\u00edsticas femininas e excelsa beleza, foram tomados pela pr\u00f3pria M\u00e3e de Jesus.  <\/p>\n<p>Foi somente na segunda metade do s\u00e9culo IV que Maria passou a ser objeto de culto.  <\/p>\n<p>Na Arm\u00eania, na G\u00e1lia e na    Espanha, os documentos do s\u00e9culo VI registram um dia consagrado \u00e0 Maria. Em Roma, as festas em sua homenagem aparecem s\u00f3 no s\u00e9culo VII.  <\/p>\n<p>N\u00e3o se sabe ao certo se as apari\u00e7\u00f5es eram realmente da M\u00e3e de Jesus. No entanto, todas as religi\u00f5es crist\u00e3s reverenciam a figura \u00edmpar de Maria de Nazar\u00e9.  <\/p>\n<p>No Espiritismo aprendemos a reconhecer em Maria uma entidade muito evolu\u00edda.  <\/p>\n<p>H\u00e1 mais de dois mil anos j\u00e1 havia conquistado elevadas virtudes que a tornaram apta a desempenhar, na crosta terrestre, a elevada miss\u00e3o de receber nos bra\u00e7os o emiss\u00e1rio de Deus.  <\/p>\n<p>Emiss\u00e1rio que se fez menino para se transformar no modelo de perfei\u00e7\u00e3o moral que a Humanidade pode pretender sobre a Terra.  <\/p>\n<p>Ap\u00f3s o epis\u00f3dio da crucifica\u00e7\u00e3o do filho, Maria permanece um curto per\u00edodo em Bataneia.  <\/p>\n<p>Depois se transfere, com Jo\u00e3o Evangelista, para \u00c9feso. Ali estabelece um pouso e ref\u00fagio aos desamparados.  <\/p>\n<p>Com Jo\u00e3o, passa a ensinar as verdades do Evangelho. Em pouc   as semanas, a casa de Jo\u00e3o se transforma num ponto de assembleias ador\u00e1veis.  <\/p>\n<p>Maria fala das suas lembran\u00e7as. Fala sobre Jesus com maternal enternecimento.  <\/p>\n<p>Decorridos alguns meses, grandes fileiras de necessitados passam a frequentar o s\u00edtio generoso.  <\/p>\n<p>S\u00e3o velhos e desenganados do mundo que v\u00eam ouvir as palavras confortadoras.  <\/p>\n<p>S\u00e3o enfermos que invocam sua prote\u00e7\u00e3o. Infortunados que pedem a b\u00ean\u00e7\u00e3o de seu carinho.  <\/p>\n<p>Sua morada passa a ser conhecida como a Casa da Sant\u00edssima.  <\/p>\n<p>Assim foi at\u00e9 sua morte. Ao libertar-se do vaso f\u00edsico, ela deseja rever a Galileia.  <\/p>\n<p>Fora ali que seu filho apresentara as mais belas can\u00e7\u00f5es da Imortalidade.  <\/p>\n<p>Em seguida, visita os c\u00e1rceres de Roma, repletos de disc\u00edpulos do Mestre, que aguardam a morte. Conforta-os e lhes transmite bom \u00e2nimo.  <\/p>\n<p>Na Espiritualidade, Jesus lhe confia a assist\u00eancia aos suicidas.  <\/p>\n<p>Esses Esp\u00edritos, em profundo sofrimento no Al\u00e9m, s\u00e3o atendidos pe   la legi\u00e3o dos Servos de Maria.  <\/p>\n<p>Maria \u00e9, pois, a sublime acolhedora desses Esp\u00edritos que se arrojaram aos abismos da morte volunt\u00e1ria.  <\/p>\n<p>Todas as peti\u00e7\u00f5es que a ela s\u00e3o dirigidas, s\u00e3o acolhidas pelos seus emiss\u00e1rios. Examinadas e atendidas, conforme o crit\u00e9rio da verdadeira sabedoria.  <\/p>\n<p>Maria de Nazar\u00e9 prossegue amparando com imenso amor maternal a Humanidade inteira.  <\/p>\n<p>Os esp\u00edritas a reconhecem como ser sublime que, na Terra, mereceu a miss\u00e3o honrosa de seguir, com solicitude maternal, Aquele que foi o redentor dos homens, nosso Mestre e Senhor Jesus.  <\/p>\n<p>Reda\u00e7\u00e3o do Momento Esp\u00edrita, com base em dados  <br \/>hist\u00f3ricos colhidos no verbete Maria, na Enciclop\u00e9dia  <br \/>Mirador, v.13, ed.  Encyclopaedia Britannica do Brasil.  <br \/>Em 13.5.2014.<\/p>\n<div class=\"pvc_clear\"><\/div>\n<p id=\"pvc_stats_905\" class=\"pvc_stats all  \" data-element-id=\"905\" style=\"\"><i class=\"pvc-stats-icon medium\" aria-hidden=\"true\"><svg aria-hidden=\"true\" focusable=\"false\" data-prefix=\"far\" data-icon=\"chart-bar\" role=\"img\" xmlns=\"http:\/\/www.w3.org\/2000\/svg\" viewBox=\"0 0 512 512\" class=\"svg-inline--fa fa-chart-bar fa-w-16 fa-2x\"><path fill=\"currentColor\" d=\"M396.8 352h22.4c6.4 0 12.8-6.4 12.8-12.8V108.8c0-6.4-6.4-12.8-12.8-12.8h-22.4c-6.4 0-12.8 6.4-12.8 12.8v230.4c0 6.4 6.4 12.8 12.8 12.8zm-192 0h22.4c6.4 0 12.8-6.4 12.8-12.8V140.8c0-6.4-6.4-12.8-12.8-12.8h-22.4c-6.4 0-12.8 6.4-12.8 12.8v198.4c0 6.4 6.4 12.8 12.8 12.8zm96 0h22.4c6.4 0 12.8-6.4 12.8-12.8V204.8c0-6.4-6.4-12.8-12.8-12.8h-22.4c-6.4 0-12.8 6.4-12.8 12.8v134.4c0 6.4 6.4 12.8 12.8 12.8zM496 400H48V80c0-8.84-7.16-16-16-16H16C7.16 64 0 71.16 0 80v336c0 17.67 14.33 32 32 32h464c8.84 0 16-7.16 16-16v-16c0-8.84-7.16-16-16-16zm-387.2-48h22.4c6.4 0 12.8-6.4 12.8-12.8v-70.4c0-6.4-6.4-12.8-12.8-12.8h-22.4c-6.4 0-12.8 6.4-12.8 12.8v70.4c0 6.4 6.4 12.8 12.8 12.8z\" class=\"\"><\/path><\/svg><\/i> <img decoding=\"async\" width=\"16\" height=\"16\" alt=\"Loading\" data-src=\"https:\/\/www.centronocaminhodaluz.com.br\/wp-content\/plugins\/page-views-count\/ajax-loader-2x.gif\" border=0 src=\"data:image\/svg+xml;base64,PHN2ZyB3aWR0aD0iMSIgaGVpZ2h0PSIxIiB4bWxucz0iaHR0cDovL3d3dy53My5vcmcvMjAwMC9zdmciPjwvc3ZnPg==\" class=\"lazyload\" style=\"--smush-placeholder-width: 16px; --smush-placeholder-aspect-ratio: 16\/16;\" \/><\/p>\n<div class=\"pvc_clear\"><\/div>\n","protected":false},"excerpt":{"rendered":"<p>&nbsp;&nbsp;&nbsp;&nbsp;&nbsp; Nossa Senhora da Luz dos Pinhais. \u00c9 com esta denomina\u00e7\u00e3o que a M\u00e3e de Jesus foi eleita para ser a protetora de Curitiba, a capital paranaense. E existem outras tantas denomina\u00e7\u00f5es com que ela \u00e9 lembrada. De acordo com o local, as circunst\u00e2ncias, recebe o adjetivo. Nossa Senhora de F\u00e1tima, de La Salete, dos&hellip; <br \/> <a class=\"read-more\" href=\"https:\/\/www.centronocaminhodaluz.com.br\/index.php\/artigo905\/\">Leia mais<\/a><\/p>\n<div class=\"pvc_clear\"><\/div>\n<p id=\"pvc_stats_905\" class=\"pvc_stats all  \" data-element-id=\"905\" style=\"\"><i class=\"pvc-stats-icon medium\" aria-hidden=\"true\"><svg aria-hidden=\"true\" focusable=\"false\" data-prefix=\"far\" data-icon=\"chart-bar\" role=\"img\" xmlns=\"http:\/\/www.w3.org\/2000\/svg\" viewBox=\"0 0 512 512\" class=\"svg-inline--fa fa-chart-bar fa-w-16 fa-2x\"><path fill=\"currentColor\" d=\"M396.8 352h22.4c6.4 0 12.8-6.4 12.8-12.8V108.8c0-6.4-6.4-12.8-12.8-12.8h-22.4c-6.4 0-12.8 6.4-12.8 12.8v230.4c0 6.4 6.4 12.8 12.8 12.8zm-192 0h22.4c6.4 0 12.8-6.4 12.8-12.8V140.8c0-6.4-6.4-12.8-12.8-12.8h-22.4c-6.4 0-12.8 6.4-12.8 12.8v198.4c0 6.4 6.4 12.8 12.8 12.8zm96 0h22.4c6.4 0 12.8-6.4 12.8-12.8V204.8c0-6.4-6.4-12.8-12.8-12.8h-22.4c-6.4 0-12.8 6.4-12.8 12.8v134.4c0 6.4 6.4 12.8 12.8 12.8zM496 400H48V80c0-8.84-7.16-16-16-16H16C7.16 64 0 71.16 0 80v336c0 17.67 14.33 32 32 32h464c8.84 0 16-7.16 16-16v-16c0-8.84-7.16-16-16-16zm-387.2-48h22.4c6.4 0 12.8-6.4 12.8-12.8v-70.4c0-6.4-6.4-12.8-12.8-12.8h-22.4c-6.4 0-12.8 6.4-12.8 12.8v70.4c0 6.4 6.4 12.8 12.8 12.8z\" class=\"\"><\/path><\/svg><\/i> <img decoding=\"async\" width=\"16\" height=\"16\" alt=\"Loading\" data-src=\"https:\/\/www.centronocaminhodaluz.com.br\/wp-content\/plugins\/page-views-count\/ajax-loader-2x.gif\" border=0 src=\"data:image\/svg+xml;base64,PHN2ZyB3aWR0aD0iMSIgaGVpZ2h0PSIxIiB4bWxucz0iaHR0cDovL3d3dy53My5vcmcvMjAwMC9zdmciPjwvc3ZnPg==\" class=\"lazyload\" style=\"--smush-placeholder-width: 16px; --smush-placeholder-aspect-ratio: 16\/16;\" \/><\/p>\n<div class=\"pvc_clear\"><\/div>\n","protected":false},"author":1,"featured_media":0,"comment_status":"Closed","ping_status":"open","sticky":false,"template":"","format":"standard","meta":{"footnotes":""},"categories":[16],"tags":[],"class_list":["post-905","post","type-post","status-publish","format-standard","hentry","category-mensagens-diversas"],"a3_pvc":{"activated":true,"total_views":1975,"today_views":0},"_links":{"self":[{"href":"https:\/\/www.centronocaminhodaluz.com.br\/index.php\/wp-json\/wp\/v2\/posts\/905","targetHints":{"allow":["GET"]}}],"collection":[{"href":"https:\/\/www.centronocaminhodaluz.com.br\/index.php\/wp-json\/wp\/v2\/posts"}],"about":[{"href":"https:\/\/www.centronocaminhodaluz.com.br\/index.php\/wp-json\/wp\/v2\/types\/post"}],"author":[{"embeddable":true,"href":"https:\/\/www.centronocaminhodaluz.com.br\/index.php\/wp-json\/wp\/v2\/users\/1"}],"replies":[{"embeddable":true,"href":"https:\/\/www.centronocaminhodaluz.com.br\/index.php\/wp-json\/wp\/v2\/comments?post=905"}],"version-history":[{"count":0,"href":"https:\/\/www.centronocaminhodaluz.com.br\/index.php\/wp-json\/wp\/v2\/posts\/905\/revisions"}],"wp:attachment":[{"href":"https:\/\/www.centronocaminhodaluz.com.br\/index.php\/wp-json\/wp\/v2\/media?parent=905"}],"wp:term":[{"taxonomy":"category","embeddable":true,"href":"https:\/\/www.centronocaminhodaluz.com.br\/index.php\/wp-json\/wp\/v2\/categories?post=905"},{"taxonomy":"post_tag","embeddable":true,"href":"https:\/\/www.centronocaminhodaluz.com.br\/index.php\/wp-json\/wp\/v2\/tags?post=905"}],"curies":[{"name":"wp","href":"https:\/\/api.w.org\/{rel}","templated":true}]}}