{"id":907,"date":"2014-05-19T12:26:00","date_gmt":"2014-05-19T12:26:00","guid":{"rendered":"http:\/\/www.centronocaminhodaluz.com.br\/index.php\/2014\/05\/19\/provas-da-existencia-de-deus\/"},"modified":"2016-02-10T11:00:17","modified_gmt":"2016-02-10T13:00:17","slug":"artigo907","status":"publish","type":"post","link":"https:\/\/www.centronocaminhodaluz.com.br\/index.php\/artigo907\/","title":{"rendered":"Provas da exist\u00eancia de Deus"},"content":{"rendered":"<p><a name=more><\/a>&nbsp;&nbsp;&nbsp;&nbsp;&nbsp;<a href=http:\/\/cecal.centronocaminhodaluz.com.br\/bloguer\/pdf.asp?site=cecal&amp; target=_blank><img src=http:\/\/cecal.centronocaminhodaluz.com.br\/bloguer\/pdf_button.png \/><\/a>  Pedro Fagundes Azevedo, de Porto Alegre Contribui\u00e7\u00e3o de Pedro Fagundes Azevedo<\/p>\n<p>Rushmore, nos Estados Unidos, \u00e9 um monte famoso por suas  esculturas  gigantescas com os rostos de Washington, Jefferson, Lincoln e Theodore Roosevelt. Naturalmente,  ningu\u00e9m vai pensar que foram obras do acaso. Mesmo com a prolongada a\u00e7\u00e3o do tempo e do vento,  da chuva e da eros\u00e3o, isso seria imposs\u00edvel. J\u00e1 num relance, o bom senso  nos  indica que  pessoas talentosas planejaram e esculpiram as hist\u00f3ricas figuras na rocha gran\u00edtica. Caso contr\u00e1rio, seria um absurdo t\u00e3o grande como a hip\u00f3tese de um vendaval &#8211; ao soprar  por anos a fio sobre um dep\u00f3sito com todas as pe\u00e7as da cabine de comando de um  Boeing 777 &#8211;  conseguir mont\u00e1-la, ao aca   so.   <br \/>De igual forma, quando se examina a complexidade da vida e a multiplicidade de formas do universo em que vivemos,  \u00e9 \u00f3bvia a conclus\u00e3o de que  somente uma intelig\u00eancia superior poderia t\u00ea-las criado.  E sabe-se, pela medita\u00e7\u00e3o, que o seu nome est\u00e1 no inconsciente de cada pessoa &#8211; Deus. Naturalmente, n\u00e3o se trata do velho de longas barbas brancas, sentado num trono sobre as nuvens, conforme nos foi passado pelas antigas tradi\u00e7\u00f5es. Ali\u00e1s, foi justamente esta a  primeira quest\u00e3o levantada por Allan Kardec na sua principal obra, intitulada O Livro dos Esp\u00edritos &#8211; que \u00e9 Deus? Ressalte-se que ele n\u00e3o perguntou quem \u00e9 Deus e sim que \u00e9 Deus. E a resposta dos esp\u00edritos foi curta e concisa: Deus \u00e9 a intelig\u00eancia suprema, causa primeira de todas as coisas.   <br \/>J\u00e1 o Evangelho nos afirma que Deus \u00e9 amor. Por enquanto, essa duas defini\u00e7\u00f5es devem nos bastar. Como ainda estamos do beab\u00e1 da espiritualidade, n\u00e3o temos condi\u00e7\u00f5es de compreender a natureza \u00edntima de Deus. Nesse caso, poder\u00edamos ser comparados a criancinhas do Jardim da Inf\u00e2ncia querendo entender uma equa\u00e7\u00e3o de segundo grau. Est\u00e1 longe do nosso alcance. Kardec esclarece, mais adiante, que a intelig\u00eancia de Deus se revela em suas obras, como a de um pintor em seu quadro. Mas, as obras de Deus &#8211; como a natureza, por exemplo &#8211; n\u00e3o s\u00e3o  o pr\u00f3prio Deus, assim como o quadro n\u00e3o \u00e9 o pintor que o concebeu e executou.   <br \/>Ainda sobre o assunto, registramos outra pergunta de Kardec, no mesmo livro, a de n\u00famero 37: o Universo foi criado, ou existe de toda a eternidade, como Deus? Resposta dos esp\u00edritos: Sem d\u00favida, o Universo n\u00e3o pode fazer-se a si mesmo. E se existisse, como Deus, de toda a eternidade, n\u00e3o poderia ser obra de Deus. A raz\u00e3o nos diz n\u00e3o ser poss\u00edvel que o Universo se tenha feito a si mesmo. E que, n\u00e3o podendo ser obra do acaso, deve ser obra de Deus. Para finalizar, eis uma interessante estorinha no livro Id\u00e9ias e Ilustra\u00e7\u00f5es, de Meimei, psicografia de Chico Xavier:  <br \/>Conta-se que um velho \u00e1rabe analfabeto orava com tanto fervor e com tanto carinho, cada noite, que, certa vez, o rico chefe de grande caravana chamou-o \u00e0 sua presen\u00e7a e  perguntou:   <br \/>&#8211; Por que oras com tanta f\u00e9? Como sabes que Deus existe? O crente respondeu: &#8211; Grande senhor, conhe\u00e7o a exist\u00eancia de Nosso Pai Celeste pelos sinais dele. &#8211; Como assim? &#8211; indagou o chefe, admirado. O servo humilde explicou-se: &#8211; Quando o senhor recebe uma carta de pessoa ausente, como reconhece quem a escreveu? &#8211; Pela letra.  O empregado sorriu e acrescentou: &#8211; Quando ouve passos de animais, ao redor da tenda, como sabe, se foi um carneiro, um cavalo ou um boi? &#8211; Pelos rastros &#8212; respondeu o chefe, surpreendido.   <br \/>Ent\u00e3o, o velho crente convidou-o para ir fora da barraca e, mostrando-lhe o c\u00e9u, onde a Lua brilhava, cercada por milh\u00f5es de estrelas, exclamou, respeitoso: Senhor, aqueles sinais, l\u00e1 em cima, n\u00e3o podem ser dos homens!.  Nesse momento, o orgulhoso caravaneiro, de olhos lacrimosos, ajoelhou-se na areia e tamb\u00e9m come\u00e7ou a orar.   <\/p>\n<p><\/p>\n<div class=\"pvc_clear\"><\/div>\n<p id=\"pvc_stats_907\" class=\"pvc_stats all  \" data-element-id=\"907\" style=\"\"><i class=\"pvc-stats-icon medium\" aria-hidden=\"true\"><svg aria-hidden=\"true\" focusable=\"false\" data-prefix=\"far\" data-icon=\"chart-bar\" role=\"img\" xmlns=\"http:\/\/www.w3.org\/2000\/svg\" viewBox=\"0 0 512 512\" class=\"svg-inline--fa fa-chart-bar fa-w-16 fa-2x\"><path fill=\"currentColor\" d=\"M396.8 352h22.4c6.4 0 12.8-6.4 12.8-12.8V108.8c0-6.4-6.4-12.8-12.8-12.8h-22.4c-6.4 0-12.8 6.4-12.8 12.8v230.4c0 6.4 6.4 12.8 12.8 12.8zm-192 0h22.4c6.4 0 12.8-6.4 12.8-12.8V140.8c0-6.4-6.4-12.8-12.8-12.8h-22.4c-6.4 0-12.8 6.4-12.8 12.8v198.4c0 6.4 6.4 12.8 12.8 12.8zm96 0h22.4c6.4 0 12.8-6.4 12.8-12.8V204.8c0-6.4-6.4-12.8-12.8-12.8h-22.4c-6.4 0-12.8 6.4-12.8 12.8v134.4c0 6.4 6.4 12.8 12.8 12.8zM496 400H48V80c0-8.84-7.16-16-16-16H16C7.16 64 0 71.16 0 80v336c0 17.67 14.33 32 32 32h464c8.84 0 16-7.16 16-16v-16c0-8.84-7.16-16-16-16zm-387.2-48h22.4c6.4 0 12.8-6.4 12.8-12.8v-70.4c0-6.4-6.4-12.8-12.8-12.8h-22.4c-6.4 0-12.8 6.4-12.8 12.8v70.4c0 6.4 6.4 12.8 12.8 12.8z\" class=\"\"><\/path><\/svg><\/i> <img decoding=\"async\" width=\"16\" height=\"16\" alt=\"Loading\" data-src=\"https:\/\/www.centronocaminhodaluz.com.br\/wp-content\/plugins\/page-views-count\/ajax-loader-2x.gif\" border=0 src=\"data:image\/svg+xml;base64,PHN2ZyB3aWR0aD0iMSIgaGVpZ2h0PSIxIiB4bWxucz0iaHR0cDovL3d3dy53My5vcmcvMjAwMC9zdmciPjwvc3ZnPg==\" class=\"lazyload\" style=\"--smush-placeholder-width: 16px; --smush-placeholder-aspect-ratio: 16\/16;\" \/><\/p>\n<div class=\"pvc_clear\"><\/div>\n","protected":false},"excerpt":{"rendered":"<p>&nbsp;&nbsp;&nbsp;&nbsp;&nbsp; Pedro Fagundes Azevedo, de Porto Alegre Contribui\u00e7\u00e3o de Pedro Fagundes Azevedo Rushmore, nos Estados Unidos, \u00e9 um monte famoso por suas esculturas gigantescas com os rostos de Washington, Jefferson, Lincoln e Theodore Roosevelt. Naturalmente, ningu\u00e9m vai pensar que foram obras do acaso. Mesmo com a prolongada a\u00e7\u00e3o do tempo e do vento, da chuva&hellip; <br \/> <a class=\"read-more\" href=\"https:\/\/www.centronocaminhodaluz.com.br\/index.php\/artigo907\/\">Leia mais<\/a><\/p>\n<div class=\"pvc_clear\"><\/div>\n<p id=\"pvc_stats_907\" class=\"pvc_stats all  \" data-element-id=\"907\" style=\"\"><i class=\"pvc-stats-icon medium\" aria-hidden=\"true\"><svg aria-hidden=\"true\" focusable=\"false\" data-prefix=\"far\" data-icon=\"chart-bar\" role=\"img\" xmlns=\"http:\/\/www.w3.org\/2000\/svg\" viewBox=\"0 0 512 512\" class=\"svg-inline--fa fa-chart-bar fa-w-16 fa-2x\"><path fill=\"currentColor\" d=\"M396.8 352h22.4c6.4 0 12.8-6.4 12.8-12.8V108.8c0-6.4-6.4-12.8-12.8-12.8h-22.4c-6.4 0-12.8 6.4-12.8 12.8v230.4c0 6.4 6.4 12.8 12.8 12.8zm-192 0h22.4c6.4 0 12.8-6.4 12.8-12.8V140.8c0-6.4-6.4-12.8-12.8-12.8h-22.4c-6.4 0-12.8 6.4-12.8 12.8v198.4c0 6.4 6.4 12.8 12.8 12.8zm96 0h22.4c6.4 0 12.8-6.4 12.8-12.8V204.8c0-6.4-6.4-12.8-12.8-12.8h-22.4c-6.4 0-12.8 6.4-12.8 12.8v134.4c0 6.4 6.4 12.8 12.8 12.8zM496 400H48V80c0-8.84-7.16-16-16-16H16C7.16 64 0 71.16 0 80v336c0 17.67 14.33 32 32 32h464c8.84 0 16-7.16 16-16v-16c0-8.84-7.16-16-16-16zm-387.2-48h22.4c6.4 0 12.8-6.4 12.8-12.8v-70.4c0-6.4-6.4-12.8-12.8-12.8h-22.4c-6.4 0-12.8 6.4-12.8 12.8v70.4c0 6.4 6.4 12.8 12.8 12.8z\" class=\"\"><\/path><\/svg><\/i> <img decoding=\"async\" width=\"16\" height=\"16\" alt=\"Loading\" data-src=\"https:\/\/www.centronocaminhodaluz.com.br\/wp-content\/plugins\/page-views-count\/ajax-loader-2x.gif\" border=0 src=\"data:image\/svg+xml;base64,PHN2ZyB3aWR0aD0iMSIgaGVpZ2h0PSIxIiB4bWxucz0iaHR0cDovL3d3dy53My5vcmcvMjAwMC9zdmciPjwvc3ZnPg==\" class=\"lazyload\" style=\"--smush-placeholder-width: 16px; --smush-placeholder-aspect-ratio: 16\/16;\" \/><\/p>\n<div class=\"pvc_clear\"><\/div>\n","protected":false},"author":1,"featured_media":0,"comment_status":"closed","ping_status":"open","sticky":false,"template":"","format":"standard","meta":{"footnotes":""},"categories":[9,16],"tags":[],"class_list":["post-907","post","type-post","status-publish","format-standard","hentry","category-pedro-fagundes-azevedo","category-mensagens-diversas"],"a3_pvc":{"activated":true,"total_views":1703,"today_views":0},"_links":{"self":[{"href":"https:\/\/www.centronocaminhodaluz.com.br\/index.php\/wp-json\/wp\/v2\/posts\/907","targetHints":{"allow":["GET"]}}],"collection":[{"href":"https:\/\/www.centronocaminhodaluz.com.br\/index.php\/wp-json\/wp\/v2\/posts"}],"about":[{"href":"https:\/\/www.centronocaminhodaluz.com.br\/index.php\/wp-json\/wp\/v2\/types\/post"}],"author":[{"embeddable":true,"href":"https:\/\/www.centronocaminhodaluz.com.br\/index.php\/wp-json\/wp\/v2\/users\/1"}],"replies":[{"embeddable":true,"href":"https:\/\/www.centronocaminhodaluz.com.br\/index.php\/wp-json\/wp\/v2\/comments?post=907"}],"version-history":[{"count":0,"href":"https:\/\/www.centronocaminhodaluz.com.br\/index.php\/wp-json\/wp\/v2\/posts\/907\/revisions"}],"wp:attachment":[{"href":"https:\/\/www.centronocaminhodaluz.com.br\/index.php\/wp-json\/wp\/v2\/media?parent=907"}],"wp:term":[{"taxonomy":"category","embeddable":true,"href":"https:\/\/www.centronocaminhodaluz.com.br\/index.php\/wp-json\/wp\/v2\/categories?post=907"},{"taxonomy":"post_tag","embeddable":true,"href":"https:\/\/www.centronocaminhodaluz.com.br\/index.php\/wp-json\/wp\/v2\/tags?post=907"}],"curies":[{"name":"wp","href":"https:\/\/api.w.org\/{rel}","templated":true}]}}