{"id":933,"date":"2014-04-28T21:12:00","date_gmt":"2014-04-28T21:12:00","guid":{"rendered":"http:\/\/www.centronocaminhodaluz.com.br\/index.php\/2014\/04\/28\/para-viver-melhor\/"},"modified":"2014-04-28T21:12:00","modified_gmt":"2014-04-28T21:12:00","slug":"artigo933","status":"publish","type":"post","link":"https:\/\/www.centronocaminhodaluz.com.br\/index.php\/artigo933\/","title":{"rendered":"Para viver melhor"},"content":{"rendered":"<p><a name=more><\/a>&nbsp;&nbsp;&nbsp;&nbsp;&nbsp;<a href=http:\/\/cecal.centronocaminhodaluz.com.br\/bloguer\/pdf.asp?site=cecal&amp; target=_blank><img src=http:\/\/cecal.centronocaminhodaluz.com.br\/bloguer\/pdf_button.png \/><\/a>  As crian\u00e7as s\u00e3o excelentes mestras. Espont\u00e2neas, confiantes, sem terem ainda ligado as antenas da autocr\u00edtica, elas nos concedem li\u00e7\u00f5es todos os dias.  <\/p>\n<p>Li\u00e7\u00f5es que nos levam a reflexionar o quanto perdemos em reais valores quando nos tornamos adultos excessivamente racionais.  <\/p>\n<p>A crian\u00e7a costuma colher muitos tesouros quando sai a passear. Ela junta raminhos, pedras, folhas de \u00e1rvore. Mas, como deseja continuar a correr, brincar, subir em \u00e1rvores, ela precisa guardar as suas preciosidades em lugar seguro.  <\/p>\n<p>\u00c9 ent\u00e3o que se aproxima da m\u00e3e, entrega-lhe tudo e pede: Guarde isto para mim.  <\/p>\n<p>Ela coloca as suas riquezas na m\u00e3o de sua m\u00e3e, com a recomenda\u00e7\u00e3o de que deve guard\u00e1-las em lugar seguro at\u00e9 a    sua volta.  <\/p>\n<p>Ela sabe que com a m\u00e3e o tesouro estar\u00e1 seguro. Nenhuma preocupa\u00e7\u00e3o ou medo toma conta dela. Por isso, despreocupada, ela volta a brincar at\u00e9 a exaust\u00e3o.  <\/p>\n<p>*   *   *  <\/p>\n<p>Como seria confort\u00e1vel para n\u00f3s se pud\u00e9ssemos ser t\u00e3o confiantes tamb\u00e9m, colocando nas m\u00e3os de Deus nossos tesouros.  <\/p>\n<p>Quantas preocupa\u00e7\u00f5es nos atormentam as horas e tornam dif\u00edceis os dias.  <\/p>\n<p>Preocupa\u00e7\u00f5es com a crian\u00e7a que est\u00e1 no ber\u00e7o.  <\/p>\n<p>Crescer\u00e1 com sa\u00fade? Conseguiremos pagar-lhe os estudos? Viveremos para v\u00ea-la concluir a faculdade? Casar-se? Veremos nossos netos?  <\/p>\n<p>Preocupa\u00e7\u00f5es com o emprego que estamos buscando h\u00e1 tanto tempo. Conseguiremos a vaga? Ser\u00e1 que nos adaptaremos \u00e0 nova fun\u00e7\u00e3o?  <\/p>\n<p>E a sa\u00fade? Conseguiremos recuper\u00e1-la? Dar\u00e1 certo o tratamento que estamos fazendo? Poderemos retornar \u00e0s nossas atividades habituais?  <\/p>\n<p>O namorado continuar\u00e1 apaixonado por n\u00f3s, enquanto estiver no Exterior, t\u00e3o distante e com tantas belezas    a descobrir, conhecendo pessoas interessantes?  <\/p>\n<p>Tantas incertezas que desembocam em atormentados dias e que nos tornam infelizes, ansiosos. Sempre preocupados, impedindo gozarmos de pequenas alegrias que, somadas, poderiam resultar em um saldo positivo de felicidade.  <\/p>\n<p>T\u00e3o bom seria se coloc\u00e1ssemos nas m\u00e3os de Deus nossas esperan\u00e7as, nossas necessidades e aqueles que amamos. Nossos tesouros.  <\/p>\n<p>Deixar tudo em Seus bra\u00e7os carinhosos e dizer, com o cora\u00e7\u00e3o tranquilo: Guarde isso para mim, retornando \u00e0s lutas com confian\u00e7a, vivendo cada dia, com suas pr\u00f3prias dificuldades, exatamente como lecionou Jesus.  <\/p>\n<p>Isso nos evitaria o sofrimento antecipado de situa\u00e7\u00f5es que imaginamos acontecer\u00e3o e que quase nunca acontecem. Evitaria o sofrermos duas vezes: antes de acontecer o fato e quando ele ocorresse.  <\/p>\n<p>Assim, em qualquer circunst\u00e2ncia, mantenhamos nossa confian\u00e7a em Deus, que rege o Universo e guarda nossa vida.  <\/p>\n<p>Agrade\u00e7amos o que temos no    corpo e na alma, utilizando-nos com sabedoria dos dons incompar\u00e1veis de que nos encontramos investidos.  <\/p>\n<p>Confiemos em Deus e prossigamos serenos, na nossa jornada de crescimento e ascens\u00e3o.  <\/p>\n<p>*   *   *  <\/p>\n<p>A f\u00e9 expressa uma confian\u00e7a que transcende o ju\u00edzo. Ela \u00e9 para a alma o que o oxig\u00eanio significa para o corpo.  <\/p>\n<p>F\u00e9 e vida se confundem. A f\u00e9 clareia. A vida sustenta. A f\u00e9 vitaliza. A vida produz.  <\/p>\n<p>A f\u00e9 n\u00e3o se dobra. A vida levanta.  <\/p>\n<p>Transforma homens comuns em gigantes e an\u00f4nimos em her\u00f3is.  <\/p>\n<p>Ningu\u00e9m vive sem f\u00e9.  <\/p>\n<p>Reda\u00e7\u00e3o do Momento Esp\u00edrita, com base no cap. Guarde isto para mim,  <br \/>de autor desconhecido, do livro Hist\u00f3rias para o cora\u00e7\u00e3o da mulher,  <br \/>de Alice Gray, ed. United Press; no cap. 13, do livro Flora\u00e7\u00f5es evang\u00e9licas,  <br \/>pelo Esp\u00edrito Joanna de \u00c2ngelis e no cap. Paneg\u00edrico da f\u00e9, do  <br \/>livro Floril\u00e9gios espirituais, pelo Esp\u00edrito Francisco do Monte Alverne,  <br \/>ambos da psicografia de Di   valdo Pereira Franco, ed. LEAL.  <br \/>Em 28.4.2014.<\/p>\n<div class=\"pvc_clear\"><\/div>\n<p id=\"pvc_stats_933\" class=\"pvc_stats all  \" data-element-id=\"933\" style=\"\"><i class=\"pvc-stats-icon medium\" aria-hidden=\"true\"><svg aria-hidden=\"true\" focusable=\"false\" data-prefix=\"far\" data-icon=\"chart-bar\" role=\"img\" xmlns=\"http:\/\/www.w3.org\/2000\/svg\" viewBox=\"0 0 512 512\" class=\"svg-inline--fa fa-chart-bar fa-w-16 fa-2x\"><path fill=\"currentColor\" d=\"M396.8 352h22.4c6.4 0 12.8-6.4 12.8-12.8V108.8c0-6.4-6.4-12.8-12.8-12.8h-22.4c-6.4 0-12.8 6.4-12.8 12.8v230.4c0 6.4 6.4 12.8 12.8 12.8zm-192 0h22.4c6.4 0 12.8-6.4 12.8-12.8V140.8c0-6.4-6.4-12.8-12.8-12.8h-22.4c-6.4 0-12.8 6.4-12.8 12.8v198.4c0 6.4 6.4 12.8 12.8 12.8zm96 0h22.4c6.4 0 12.8-6.4 12.8-12.8V204.8c0-6.4-6.4-12.8-12.8-12.8h-22.4c-6.4 0-12.8 6.4-12.8 12.8v134.4c0 6.4 6.4 12.8 12.8 12.8zM496 400H48V80c0-8.84-7.16-16-16-16H16C7.16 64 0 71.16 0 80v336c0 17.67 14.33 32 32 32h464c8.84 0 16-7.16 16-16v-16c0-8.84-7.16-16-16-16zm-387.2-48h22.4c6.4 0 12.8-6.4 12.8-12.8v-70.4c0-6.4-6.4-12.8-12.8-12.8h-22.4c-6.4 0-12.8 6.4-12.8 12.8v70.4c0 6.4 6.4 12.8 12.8 12.8z\" class=\"\"><\/path><\/svg><\/i> <img decoding=\"async\" width=\"16\" height=\"16\" alt=\"Loading\" data-src=\"https:\/\/www.centronocaminhodaluz.com.br\/wp-content\/plugins\/page-views-count\/ajax-loader-2x.gif\" border=0 src=\"data:image\/svg+xml;base64,PHN2ZyB3aWR0aD0iMSIgaGVpZ2h0PSIxIiB4bWxucz0iaHR0cDovL3d3dy53My5vcmcvMjAwMC9zdmciPjwvc3ZnPg==\" class=\"lazyload\" style=\"--smush-placeholder-width: 16px; --smush-placeholder-aspect-ratio: 16\/16;\" \/><\/p>\n<div class=\"pvc_clear\"><\/div>\n","protected":false},"excerpt":{"rendered":"<p>&nbsp;&nbsp;&nbsp;&nbsp;&nbsp; As crian\u00e7as s\u00e3o excelentes mestras. Espont\u00e2neas, confiantes, sem terem ainda ligado as antenas da autocr\u00edtica, elas nos concedem li\u00e7\u00f5es todos os dias. Li\u00e7\u00f5es que nos levam a reflexionar o quanto perdemos em reais valores quando nos tornamos adultos excessivamente racionais. A crian\u00e7a costuma colher muitos tesouros quando sai a passear. Ela junta raminhos, pedras,&hellip; <br \/> <a class=\"read-more\" href=\"https:\/\/www.centronocaminhodaluz.com.br\/index.php\/artigo933\/\">Leia mais<\/a><\/p>\n<div class=\"pvc_clear\"><\/div>\n<p id=\"pvc_stats_933\" class=\"pvc_stats all  \" data-element-id=\"933\" style=\"\"><i class=\"pvc-stats-icon medium\" aria-hidden=\"true\"><svg aria-hidden=\"true\" focusable=\"false\" data-prefix=\"far\" data-icon=\"chart-bar\" role=\"img\" xmlns=\"http:\/\/www.w3.org\/2000\/svg\" viewBox=\"0 0 512 512\" class=\"svg-inline--fa fa-chart-bar fa-w-16 fa-2x\"><path fill=\"currentColor\" d=\"M396.8 352h22.4c6.4 0 12.8-6.4 12.8-12.8V108.8c0-6.4-6.4-12.8-12.8-12.8h-22.4c-6.4 0-12.8 6.4-12.8 12.8v230.4c0 6.4 6.4 12.8 12.8 12.8zm-192 0h22.4c6.4 0 12.8-6.4 12.8-12.8V140.8c0-6.4-6.4-12.8-12.8-12.8h-22.4c-6.4 0-12.8 6.4-12.8 12.8v198.4c0 6.4 6.4 12.8 12.8 12.8zm96 0h22.4c6.4 0 12.8-6.4 12.8-12.8V204.8c0-6.4-6.4-12.8-12.8-12.8h-22.4c-6.4 0-12.8 6.4-12.8 12.8v134.4c0 6.4 6.4 12.8 12.8 12.8zM496 400H48V80c0-8.84-7.16-16-16-16H16C7.16 64 0 71.16 0 80v336c0 17.67 14.33 32 32 32h464c8.84 0 16-7.16 16-16v-16c0-8.84-7.16-16-16-16zm-387.2-48h22.4c6.4 0 12.8-6.4 12.8-12.8v-70.4c0-6.4-6.4-12.8-12.8-12.8h-22.4c-6.4 0-12.8 6.4-12.8 12.8v70.4c0 6.4 6.4 12.8 12.8 12.8z\" class=\"\"><\/path><\/svg><\/i> <img decoding=\"async\" width=\"16\" height=\"16\" alt=\"Loading\" data-src=\"https:\/\/www.centronocaminhodaluz.com.br\/wp-content\/plugins\/page-views-count\/ajax-loader-2x.gif\" border=0 src=\"data:image\/svg+xml;base64,PHN2ZyB3aWR0aD0iMSIgaGVpZ2h0PSIxIiB4bWxucz0iaHR0cDovL3d3dy53My5vcmcvMjAwMC9zdmciPjwvc3ZnPg==\" class=\"lazyload\" style=\"--smush-placeholder-width: 16px; --smush-placeholder-aspect-ratio: 16\/16;\" \/><\/p>\n<div class=\"pvc_clear\"><\/div>\n","protected":false},"author":1,"featured_media":0,"comment_status":"Closed","ping_status":"open","sticky":false,"template":"","format":"standard","meta":{"footnotes":""},"categories":[6],"tags":[],"class_list":["post-933","post","type-post","status-publish","format-standard","hentry","category-joanna-de-angelis"],"a3_pvc":{"activated":true,"total_views":1944,"today_views":0},"_links":{"self":[{"href":"https:\/\/www.centronocaminhodaluz.com.br\/index.php\/wp-json\/wp\/v2\/posts\/933","targetHints":{"allow":["GET"]}}],"collection":[{"href":"https:\/\/www.centronocaminhodaluz.com.br\/index.php\/wp-json\/wp\/v2\/posts"}],"about":[{"href":"https:\/\/www.centronocaminhodaluz.com.br\/index.php\/wp-json\/wp\/v2\/types\/post"}],"author":[{"embeddable":true,"href":"https:\/\/www.centronocaminhodaluz.com.br\/index.php\/wp-json\/wp\/v2\/users\/1"}],"replies":[{"embeddable":true,"href":"https:\/\/www.centronocaminhodaluz.com.br\/index.php\/wp-json\/wp\/v2\/comments?post=933"}],"version-history":[{"count":0,"href":"https:\/\/www.centronocaminhodaluz.com.br\/index.php\/wp-json\/wp\/v2\/posts\/933\/revisions"}],"wp:attachment":[{"href":"https:\/\/www.centronocaminhodaluz.com.br\/index.php\/wp-json\/wp\/v2\/media?parent=933"}],"wp:term":[{"taxonomy":"category","embeddable":true,"href":"https:\/\/www.centronocaminhodaluz.com.br\/index.php\/wp-json\/wp\/v2\/categories?post=933"},{"taxonomy":"post_tag","embeddable":true,"href":"https:\/\/www.centronocaminhodaluz.com.br\/index.php\/wp-json\/wp\/v2\/tags?post=933"}],"curies":[{"name":"wp","href":"https:\/\/api.w.org\/{rel}","templated":true}]}}